{"id":3372,"date":"2024-11-01T11:13:38","date_gmt":"2024-11-01T10:13:38","guid":{"rendered":"https:\/\/agora.xtec.cat\/escolatorrelameu\/?p=3372"},"modified":"2024-11-01T10:24:13","modified_gmt":"2024-11-01T09:24:13","slug":"la-tarda-del-dia-de-la-castanyada","status":"publish","type":"post","link":"https:\/\/agora.xtec.cat\/escolatorrelameu\/general\/la-tarda-del-dia-de-la-castanyada\/","title":{"rendered":"La tarda del dia de la Castanyada"},"content":{"rendered":"<p dir=\"auto\">A la tarda, els Grans van preparar uns jocs rotatius sobre la Castanyada i la tardor. Eren: l\u00e0ser boom, scape room i salva les castanyes del foc.<\/p>\n<p dir=\"auto\">A cada grup donaven una pe\u00e7a d&#8217;un puzle que s&#8217;havia de fer i en sortia un missatge &#8220;Busqueu als castanyers i a les castanyeres&#8221;. Llavors, com bojos busc\u00e0vem als personatges&#8230; I en van apar\u00e8ixer nou (els Grans), vestits i carregats amb panellets i castanyes calentes. Les van repartir i era tot bon\u00edssim.<\/p>\n<p dir=\"auto\"><img loading=\"lazy\" decoding=\"async\" class=\"aligncenter size-full wp-image-3374\" src=\"https:\/\/agora.xtec.cat\/escolatorrelameu\/wp-content\/uploads\/usu2232\/2024\/11\/Disseny-sense-titol-2.jpg\" alt=\"\" width=\"1333\" height=\"2000\" srcset=\"https:\/\/agora.xtec.cat\/escolatorrelameu\/wp-content\/uploads\/usu2232\/2024\/11\/Disseny-sense-titol-2.jpg 1333w, https:\/\/agora.xtec.cat\/escolatorrelameu\/wp-content\/uploads\/usu2232\/2024\/11\/Disseny-sense-titol-2-200x300.jpg 200w, https:\/\/agora.xtec.cat\/escolatorrelameu\/wp-content\/uploads\/usu2232\/2024\/11\/Disseny-sense-titol-2-682x1024.jpg 682w, https:\/\/agora.xtec.cat\/escolatorrelameu\/wp-content\/uploads\/usu2232\/2024\/11\/Disseny-sense-titol-2-768x1152.jpg 768w, https:\/\/agora.xtec.cat\/escolatorrelameu\/wp-content\/uploads\/usu2232\/2024\/11\/Disseny-sense-titol-2-1024x1536.jpg 1024w\" sizes=\"auto, (max-width: 1333px) 100vw, 1333px\" \/><\/p>\n","protected":false},"excerpt":{"rendered":"<p>A la tarda, els Grans van preparar uns jocs rotatius sobre la Castanyada i la tardor. Eren: l\u00e0ser boom, scape room i salva les castanyes del foc.<br \/>\nA cada grup donaven una pe\u00e7a d&#8217;un puzle que s&#8217;havia de fer i en sortia un missatge &#8220;Busqueu als&hellip;  <a href=\"https:\/\/agora.xtec.cat\/escolatorrelameu\/general\/la-tarda-del-dia-de-la-castanyada\/\" title=\"Read La tarda del dia de la Castanyada\">Llegeix m\u00e9s\u00bb<\/a><\/p>\n","protected":false},"author":14,"featured_media":3373,"comment_status":"open","ping_status":"closed","sticky":false,"template":"","format":"standard","meta":{"_bbp_topic_count":0,"_bbp_reply_count":0,"_bbp_total_topic_count":0,"_bbp_total_reply_count":0,"_bbp_voice_count":0,"_bbp_anonymous_reply_count":0,"_bbp_topic_count_hidden":0,"_bbp_reply_count_hidden":0,"_bbp_forum_subforum_count":0,"footnotes":""},"categories":[1],"tags":[],"class_list":["post-3372","post","type-post","status-publish","format-standard","has-post-thumbnail","hentry","category-general"],"post_mailing_queue_ids":[],"_links":{"self":[{"href":"https:\/\/agora.xtec.cat\/escolatorrelameu\/wp-json\/wp\/v2\/posts\/3372","targetHints":{"allow":["GET"]}}],"collection":[{"href":"https:\/\/agora.xtec.cat\/escolatorrelameu\/wp-json\/wp\/v2\/posts"}],"about":[{"href":"https:\/\/agora.xtec.cat\/escolatorrelameu\/wp-json\/wp\/v2\/types\/post"}],"author":[{"embeddable":true,"href":"https:\/\/agora.xtec.cat\/escolatorrelameu\/wp-json\/wp\/v2\/users\/14"}],"replies":[{"embeddable":true,"href":"https:\/\/agora.xtec.cat\/escolatorrelameu\/wp-json\/wp\/v2\/comments?post=3372"}],"version-history":[{"count":1,"href":"https:\/\/agora.xtec.cat\/escolatorrelameu\/wp-json\/wp\/v2\/posts\/3372\/revisions"}],"predecessor-version":[{"id":3375,"href":"https:\/\/agora.xtec.cat\/escolatorrelameu\/wp-json\/wp\/v2\/posts\/3372\/revisions\/3375"}],"wp:featuredmedia":[{"embeddable":true,"href":"https:\/\/agora.xtec.cat\/escolatorrelameu\/wp-json\/wp\/v2\/media\/3373"}],"wp:attachment":[{"href":"https:\/\/agora.xtec.cat\/escolatorrelameu\/wp-json\/wp\/v2\/media?parent=3372"}],"wp:term":[{"taxonomy":"category","embeddable":true,"href":"https:\/\/agora.xtec.cat\/escolatorrelameu\/wp-json\/wp\/v2\/categories?post=3372"},{"taxonomy":"post_tag","embeddable":true,"href":"https:\/\/agora.xtec.cat\/escolatorrelameu\/wp-json\/wp\/v2\/tags?post=3372"}],"curies":[{"name":"wp","href":"https:\/\/api.w.org\/{rel}","templated":true}]}}