{"id":3361,"date":"2024-11-01T11:12:32","date_gmt":"2024-11-01T10:12:32","guid":{"rendered":"https:\/\/agora.xtec.cat\/escolatorrelameu\/?p=3361"},"modified":"2024-11-03T21:04:06","modified_gmt":"2024-11-03T20:04:06","slug":"el-mati-del-dia-de-la-castanyada","status":"publish","type":"post","link":"https:\/\/agora.xtec.cat\/escolatorrelameu\/general\/el-mati-del-dia-de-la-castanyada\/","title":{"rendered":"El mat\u00ed del dia de la Castanyada"},"content":{"rendered":"<p><span style=\"color: #993300;\"><strong>Castanyada \u00e9s sin\u00f2nim de tardor, pluja, panellets, castanyes, carbassa, fulles de colors, moniato&#8230; Per\u00f2 a l&#8217;escola tamb\u00e9 hi podem relacionar jocs, disfresses, vinculaci\u00f3 i Lligams, cuina&#8230; Dimecres 30 d&#8217;octubre, va ser el dia de tot aix\u00f2.<\/strong><\/span><\/p>\n<p dir=\"auto\">Al mat\u00ed ens vam trobar amb grups de Lligams i vam cuinar diferents receptes relacionades amb aquesta \u00e8poca de l&#8217;any.<\/p>\n<p dir=\"auto\"><strong><span style=\"color: #993300;\">Moniato amb sucre<\/span><\/strong>. Aquest tipus de bulb vermell estava bon\u00edssim.<\/p>\n<table style=\"border-collapse: collapse; width: 100%;\">\n<tbody>\n<tr>\n<td style=\"width: 50%; border-style: solid; border-color: #fcfcfc;\"><img loading=\"lazy\" decoding=\"async\" class=\"aligncenter wp-image-3378\" src=\"https:\/\/agora.xtec.cat\/escolatorrelameu\/wp-content\/uploads\/usu2232\/2024\/11\/moniato.jpg\" alt=\"\" width=\"362\" height=\"520\" srcset=\"https:\/\/agora.xtec.cat\/escolatorrelameu\/wp-content\/uploads\/usu2232\/2024\/11\/moniato.jpg 625w, https:\/\/agora.xtec.cat\/escolatorrelameu\/wp-content\/uploads\/usu2232\/2024\/11\/moniato-208x300.jpg 208w\" sizes=\"auto, (max-width: 362px) 100vw, 362px\" \/><\/td>\n<td style=\"width: 50%; border-style: solid; border-color: #fcfcfc;\"><img loading=\"lazy\" decoding=\"async\" class=\"aligncenter size-full wp-image-3389\" src=\"https:\/\/agora.xtec.cat\/escolatorrelameu\/wp-content\/uploads\/usu2232\/2024\/11\/moniato-bo.jpg\" alt=\"\" width=\"571\" height=\"566\" srcset=\"https:\/\/agora.xtec.cat\/escolatorrelameu\/wp-content\/uploads\/usu2232\/2024\/11\/moniato-bo.jpg 571w, https:\/\/agora.xtec.cat\/escolatorrelameu\/wp-content\/uploads\/usu2232\/2024\/11\/moniato-bo-300x297.jpg 300w, https:\/\/agora.xtec.cat\/escolatorrelameu\/wp-content\/uploads\/usu2232\/2024\/11\/moniato-bo-150x150.jpg 150w\" sizes=\"auto, (max-width: 571px) 100vw, 571px\" \/><\/p>\n<p><img loading=\"lazy\" decoding=\"async\" class=\"aligncenter size-full wp-image-3367\" src=\"https:\/\/agora.xtec.cat\/escolatorrelameu\/wp-content\/uploads\/usu2232\/2024\/11\/e5292854-6c6d-4755-9de4-12b8b760c5c5-e1730664170846.jpg\" alt=\"\" width=\"590\" height=\"367\" srcset=\"https:\/\/agora.xtec.cat\/escolatorrelameu\/wp-content\/uploads\/usu2232\/2024\/11\/e5292854-6c6d-4755-9de4-12b8b760c5c5-e1730664170846.jpg 590w, https:\/\/agora.xtec.cat\/escolatorrelameu\/wp-content\/uploads\/usu2232\/2024\/11\/e5292854-6c6d-4755-9de4-12b8b760c5c5-e1730664170846-300x187.jpg 300w\" sizes=\"auto, (max-width: 590px) 100vw, 590px\" \/><\/td>\n<\/tr>\n<\/tbody>\n<\/table>\n<p dir=\"auto\"><span style=\"color: #993300;\"><strong>Panellets<\/strong><\/span>. Tradicionalment, els panellets s\u00f3n d&#8217;aquesta \u00e8poca, ja que era quan s&#8217;havia fet la recol\u00b7lecta de l&#8217;ametlla i, de l&#8217;excedent, se&#8217;n feia la farina.<\/p>\n<table style=\"border-collapse: collapse; width: 100%;\">\n<tbody>\n<tr>\n<td style=\"width: 50%; border-style: solid; border-color: #fcfcfc;\"><img loading=\"lazy\" decoding=\"async\" class=\" wp-image-3379\" src=\"https:\/\/agora.xtec.cat\/escolatorrelameu\/wp-content\/uploads\/usu2232\/2024\/11\/panellets.jpg\" alt=\"\" width=\"342\" height=\"473\" srcset=\"https:\/\/agora.xtec.cat\/escolatorrelameu\/wp-content\/uploads\/usu2232\/2024\/11\/panellets.jpg 649w, https:\/\/agora.xtec.cat\/escolatorrelameu\/wp-content\/uploads\/usu2232\/2024\/11\/panellets-216x300.jpg 216w\" sizes=\"auto, (max-width: 342px) 100vw, 342px\" \/><\/td>\n<td style=\"width: 50%; border-style: solid; border-color: #fcfcfc;\"><img loading=\"lazy\" decoding=\"async\" class=\"aligncenter size-full wp-image-3391\" src=\"https:\/\/agora.xtec.cat\/escolatorrelameu\/wp-content\/uploads\/usu2232\/2024\/11\/1da118d5-e426-4578-b186-70dcb9ea51be-Copy.jpg\" alt=\"\" width=\"576\" height=\"768\" srcset=\"https:\/\/agora.xtec.cat\/escolatorrelameu\/wp-content\/uploads\/usu2232\/2024\/11\/1da118d5-e426-4578-b186-70dcb9ea51be-Copy.jpg 576w, https:\/\/agora.xtec.cat\/escolatorrelameu\/wp-content\/uploads\/usu2232\/2024\/11\/1da118d5-e426-4578-b186-70dcb9ea51be-Copy-225x300.jpg 225w\" sizes=\"auto, (max-width: 576px) 100vw, 576px\" \/><\/td>\n<\/tr>\n<\/tbody>\n<\/table>\n<p dir=\"auto\"><strong>Pinxos de fruita<\/strong>. Mandarina, poma, ra\u00efm&#8230; Posats en un bastonet de fusta i regats amb una mica de xocolata, magn\u00edfica presentaci\u00f3 i gust exquisit.<\/p>\n<div dir=\"auto\"><img loading=\"lazy\" decoding=\"async\" class=\"aligncenter size-full wp-image-3366\" src=\"https:\/\/agora.xtec.cat\/escolatorrelameu\/wp-content\/uploads\/usu2232\/2024\/11\/IMG_4712-e1730452080778.jpg\" alt=\"\" width=\"600\" height=\"251\" srcset=\"https:\/\/agora.xtec.cat\/escolatorrelameu\/wp-content\/uploads\/usu2232\/2024\/11\/IMG_4712-e1730452080778.jpg 600w, https:\/\/agora.xtec.cat\/escolatorrelameu\/wp-content\/uploads\/usu2232\/2024\/11\/IMG_4712-e1730452080778-300x126.jpg 300w\" sizes=\"auto, (max-width: 600px) 100vw, 600px\" \/><\/div>\n<div dir=\"auto\"><\/div>\n<div dir=\"auto\">\n<p><img loading=\"lazy\" decoding=\"async\" class=\"wp-image-3376 aligncenter\" src=\"https:\/\/agora.xtec.cat\/escolatorrelameu\/wp-content\/uploads\/usu2232\/2024\/11\/brotxetes.jpg\" alt=\"\" width=\"414\" height=\"559\" srcset=\"https:\/\/agora.xtec.cat\/escolatorrelameu\/wp-content\/uploads\/usu2232\/2024\/11\/brotxetes.jpg 666w, https:\/\/agora.xtec.cat\/escolatorrelameu\/wp-content\/uploads\/usu2232\/2024\/11\/brotxetes-222x300.jpg 222w\" sizes=\"auto, (max-width: 414px) 100vw, 414px\" \/><\/p>\n<\/div>\n<p dir=\"auto\"><strong>Pa de pessic amb carabassa<\/strong>. Ens encanta aquesta recepta per la facilitat i el gust bon\u00edssim amb qu\u00e8 queda sempre.<\/p>\n<table style=\"border-collapse: collapse; width: 100%;\">\n<tbody>\n<tr>\n<td style=\"width: 50%; border-style: solid; border-color: #fcfcfc;\"><img loading=\"lazy\" decoding=\"async\" class=\" wp-image-3377\" src=\"https:\/\/agora.xtec.cat\/escolatorrelameu\/wp-content\/uploads\/usu2232\/2024\/11\/coc.jpg\" alt=\"\" width=\"363\" height=\"514\" srcset=\"https:\/\/agora.xtec.cat\/escolatorrelameu\/wp-content\/uploads\/usu2232\/2024\/11\/coc.jpg 636w, https:\/\/agora.xtec.cat\/escolatorrelameu\/wp-content\/uploads\/usu2232\/2024\/11\/coc-212x300.jpg 212w\" sizes=\"auto, (max-width: 363px) 100vw, 363px\" \/><\/td>\n<td style=\"width: 50%; border-style: solid; border-color: #fcfcfc;\"><img loading=\"lazy\" decoding=\"async\" class=\"aligncenter size-full wp-image-3383\" src=\"https:\/\/agora.xtec.cat\/escolatorrelameu\/wp-content\/uploads\/usu2232\/2024\/11\/50cce787-0bea-4d84-849e-c52d7de5d6ae-Copy.jpg\" alt=\"\" width=\"1024\" height=\"768\" srcset=\"https:\/\/agora.xtec.cat\/escolatorrelameu\/wp-content\/uploads\/usu2232\/2024\/11\/50cce787-0bea-4d84-849e-c52d7de5d6ae-Copy.jpg 1024w, https:\/\/agora.xtec.cat\/escolatorrelameu\/wp-content\/uploads\/usu2232\/2024\/11\/50cce787-0bea-4d84-849e-c52d7de5d6ae-Copy-300x225.jpg 300w, https:\/\/agora.xtec.cat\/escolatorrelameu\/wp-content\/uploads\/usu2232\/2024\/11\/50cce787-0bea-4d84-849e-c52d7de5d6ae-Copy-768x576.jpg 768w, https:\/\/agora.xtec.cat\/escolatorrelameu\/wp-content\/uploads\/usu2232\/2024\/11\/50cce787-0bea-4d84-849e-c52d7de5d6ae-Copy-200x150.jpg 200w\" sizes=\"auto, (max-width: 1024px) 100vw, 1024px\" \/><\/p>\n<p><img loading=\"lazy\" decoding=\"async\" class=\"aligncenter size-full wp-image-3368\" src=\"https:\/\/agora.xtec.cat\/escolatorrelameu\/wp-content\/uploads\/usu2232\/2024\/11\/c9310566-9d1e-4826-b425-dd95aee2f4c7-e1730664074206.jpg\" alt=\"\" width=\"506\" height=\"340\" srcset=\"https:\/\/agora.xtec.cat\/escolatorrelameu\/wp-content\/uploads\/usu2232\/2024\/11\/c9310566-9d1e-4826-b425-dd95aee2f4c7-e1730664074206.jpg 506w, https:\/\/agora.xtec.cat\/escolatorrelameu\/wp-content\/uploads\/usu2232\/2024\/11\/c9310566-9d1e-4826-b425-dd95aee2f4c7-e1730664074206-300x202.jpg 300w\" sizes=\"auto, (max-width: 506px) 100vw, 506px\" \/><\/td>\n<\/tr>\n<\/tbody>\n<\/table>\n<div dir=\"auto\"><\/div>\n<div dir=\"auto\"><\/div>\n<p dir=\"auto\">Despr\u00e9s d&#8217;esmorzar i de fer una estona d&#8217;esbarjo, ens vam reunir amb lligams per entregar-nos una petita presentaci\u00f3 escrita&#8230;<\/p>\n<p dir=\"auto\"><img loading=\"lazy\" decoding=\"async\" class=\"aligncenter wp-image-3363\" src=\"https:\/\/agora.xtec.cat\/escolatorrelameu\/wp-content\/uploads\/usu2232\/2024\/11\/IMG_20241030_112556965.jpg\" alt=\"\" width=\"408\" height=\"306\" srcset=\"https:\/\/agora.xtec.cat\/escolatorrelameu\/wp-content\/uploads\/usu2232\/2024\/11\/IMG_20241030_112556965.jpg 600w, https:\/\/agora.xtec.cat\/escolatorrelameu\/wp-content\/uploads\/usu2232\/2024\/11\/IMG_20241030_112556965-300x225.jpg 300w, https:\/\/agora.xtec.cat\/escolatorrelameu\/wp-content\/uploads\/usu2232\/2024\/11\/IMG_20241030_112556965-200x150.jpg 200w\" sizes=\"auto, (max-width: 408px) 100vw, 408px\" \/><\/p>\n<p dir=\"auto\">S\u00f3n moments molt especials on brolla la complicitat entre ells. Un grup es deien: <em>quan estigui trist, vindreu vosaltres i em cuidareu, oi?<\/em><\/p>\n<div dir=\"auto\"><img loading=\"lazy\" decoding=\"async\" class=\"aligncenter size-full wp-image-3364\" src=\"https:\/\/agora.xtec.cat\/escolatorrelameu\/wp-content\/uploads\/usu2232\/2024\/11\/Disseny-sense-titol.jpg\" alt=\"\" width=\"2000\" height=\"444\" srcset=\"https:\/\/agora.xtec.cat\/escolatorrelameu\/wp-content\/uploads\/usu2232\/2024\/11\/Disseny-sense-titol.jpg 2000w, https:\/\/agora.xtec.cat\/escolatorrelameu\/wp-content\/uploads\/usu2232\/2024\/11\/Disseny-sense-titol-300x67.jpg 300w, https:\/\/agora.xtec.cat\/escolatorrelameu\/wp-content\/uploads\/usu2232\/2024\/11\/Disseny-sense-titol-1024x227.jpg 1024w, https:\/\/agora.xtec.cat\/escolatorrelameu\/wp-content\/uploads\/usu2232\/2024\/11\/Disseny-sense-titol-768x170.jpg 768w, https:\/\/agora.xtec.cat\/escolatorrelameu\/wp-content\/uploads\/usu2232\/2024\/11\/Disseny-sense-titol-1536x341.jpg 1536w\" sizes=\"auto, (max-width: 2000px) 100vw, 2000px\" \/><\/div>\n<div dir=\"auto\"><\/div>\n<div dir=\"auto\"><\/div>\n","protected":false},"excerpt":{"rendered":"<p>Castanyada \u00e9s sin\u00f2nim de tardor, pluja, panellets, castanyes, carbassa, fulles de colors, moniato&#8230; Per\u00f2 a l&#8217;escola tamb\u00e9 hi podem relacionar jocs, disfresses, vinculaci\u00f3 i Lligams, cuina&#8230; Dimecres 30 d&#8217;octubre, va ser el dia de tot aix\u00f2.<br \/>\nAl mat\u00ed ens vam trobar amb grups de Lligams i&hellip;  <a href=\"https:\/\/agora.xtec.cat\/escolatorrelameu\/general\/el-mati-del-dia-de-la-castanyada\/\" title=\"Read El mat\u00ed del dia de la Castanyada\">Llegeix m\u00e9s\u00bb<\/a><\/p>\n","protected":false},"author":14,"featured_media":3373,"comment_status":"open","ping_status":"closed","sticky":false,"template":"","format":"standard","meta":{"_bbp_topic_count":0,"_bbp_reply_count":0,"_bbp_total_topic_count":0,"_bbp_total_reply_count":0,"_bbp_voice_count":0,"_bbp_anonymous_reply_count":0,"_bbp_topic_count_hidden":0,"_bbp_reply_count_hidden":0,"_bbp_forum_subforum_count":0,"footnotes":""},"categories":[1],"tags":[],"class_list":["post-3361","post","type-post","status-publish","format-standard","has-post-thumbnail","hentry","category-general"],"post_mailing_queue_ids":[],"_links":{"self":[{"href":"https:\/\/agora.xtec.cat\/escolatorrelameu\/wp-json\/wp\/v2\/posts\/3361","targetHints":{"allow":["GET"]}}],"collection":[{"href":"https:\/\/agora.xtec.cat\/escolatorrelameu\/wp-json\/wp\/v2\/posts"}],"about":[{"href":"https:\/\/agora.xtec.cat\/escolatorrelameu\/wp-json\/wp\/v2\/types\/post"}],"author":[{"embeddable":true,"href":"https:\/\/agora.xtec.cat\/escolatorrelameu\/wp-json\/wp\/v2\/users\/14"}],"replies":[{"embeddable":true,"href":"https:\/\/agora.xtec.cat\/escolatorrelameu\/wp-json\/wp\/v2\/comments?post=3361"}],"version-history":[{"count":6,"href":"https:\/\/agora.xtec.cat\/escolatorrelameu\/wp-json\/wp\/v2\/posts\/3361\/revisions"}],"predecessor-version":[{"id":3395,"href":"https:\/\/agora.xtec.cat\/escolatorrelameu\/wp-json\/wp\/v2\/posts\/3361\/revisions\/3395"}],"wp:featuredmedia":[{"embeddable":true,"href":"https:\/\/agora.xtec.cat\/escolatorrelameu\/wp-json\/wp\/v2\/media\/3373"}],"wp:attachment":[{"href":"https:\/\/agora.xtec.cat\/escolatorrelameu\/wp-json\/wp\/v2\/media?parent=3361"}],"wp:term":[{"taxonomy":"category","embeddable":true,"href":"https:\/\/agora.xtec.cat\/escolatorrelameu\/wp-json\/wp\/v2\/categories?post=3361"},{"taxonomy":"post_tag","embeddable":true,"href":"https:\/\/agora.xtec.cat\/escolatorrelameu\/wp-json\/wp\/v2\/tags?post=3361"}],"curies":[{"name":"wp","href":"https:\/\/api.w.org\/{rel}","templated":true}]}}