{"id":3348,"date":"2024-10-29T10:26:58","date_gmt":"2024-10-29T09:26:58","guid":{"rendered":"https:\/\/agora.xtec.cat\/escolatorrelameu\/?p=3348"},"modified":"2024-11-01T09:53:40","modified_gmt":"2024-11-01T08:53:40","slug":"trobada-de-convivencia-de-zer","status":"publish","type":"post","link":"https:\/\/agora.xtec.cat\/escolatorrelameu\/general\/trobada-de-convivencia-de-zer\/","title":{"rendered":"Trobada de conviv\u00e8ncia de ZER"},"content":{"rendered":"<p>A tots i a totes ens agrada que vinguin a casa nostra, ensenyar els espais que estimem, mostrar els llocs que habitem, viure descobertes al nostre espai, acollir als que venen i fer-los part\u00edcips del nostre dia a dia&#8230;<\/p>\n<p>Divendres ens van passar totes aquestes coses&#8230; Van venir els nens i nenes i els mestres de Vilanova de la Barca i durant el mat\u00ed vam fer v\u00e0ries activitats per conviure i rememorar moments viscuts.<\/p>\n<p><strong>Petits i Menuts<\/strong>. Al Cementiri vell, elaboraci\u00f3 d&#8217;un bra\u00e7alet i joc.<\/p>\n<p><img loading=\"lazy\" decoding=\"async\" class=\"aligncenter size-full wp-image-3359\" src=\"https:\/\/agora.xtec.cat\/escolatorrelameu\/wp-content\/uploads\/usu2232\/2024\/11\/Petits-trobada-de-ZER.jpg\" alt=\"\" width=\"2000\" height=\"1600\" srcset=\"https:\/\/agora.xtec.cat\/escolatorrelameu\/wp-content\/uploads\/usu2232\/2024\/11\/Petits-trobada-de-ZER.jpg 2000w, https:\/\/agora.xtec.cat\/escolatorrelameu\/wp-content\/uploads\/usu2232\/2024\/11\/Petits-trobada-de-ZER-300x240.jpg 300w, https:\/\/agora.xtec.cat\/escolatorrelameu\/wp-content\/uploads\/usu2232\/2024\/11\/Petits-trobada-de-ZER-1024x819.jpg 1024w, https:\/\/agora.xtec.cat\/escolatorrelameu\/wp-content\/uploads\/usu2232\/2024\/11\/Petits-trobada-de-ZER-768x614.jpg 768w, https:\/\/agora.xtec.cat\/escolatorrelameu\/wp-content\/uploads\/usu2232\/2024\/11\/Petits-trobada-de-ZER-1536x1229.jpg 1536w\" sizes=\"auto, (max-width: 2000px) 100vw, 2000px\" \/><\/p>\n<p><strong>Primer i Creixents<\/strong>. Una passejada cap a la zona del riu, construcci\u00f3\u00a0 de cabanes, amb dormitori i jard\u00ed, i una bona estona de conviv\u00e8ncia.<\/p>\n<p><img loading=\"lazy\" decoding=\"async\" class=\"aligncenter size-full wp-image-3358\" src=\"https:\/\/agora.xtec.cat\/escolatorrelameu\/wp-content\/uploads\/usu2232\/2024\/11\/Creixents.-Cabanes.jpg\" alt=\"\" width=\"2000\" height=\"1600\" srcset=\"https:\/\/agora.xtec.cat\/escolatorrelameu\/wp-content\/uploads\/usu2232\/2024\/11\/Creixents.-Cabanes.jpg 2000w, https:\/\/agora.xtec.cat\/escolatorrelameu\/wp-content\/uploads\/usu2232\/2024\/11\/Creixents.-Cabanes-300x240.jpg 300w, https:\/\/agora.xtec.cat\/escolatorrelameu\/wp-content\/uploads\/usu2232\/2024\/11\/Creixents.-Cabanes-1024x819.jpg 1024w, https:\/\/agora.xtec.cat\/escolatorrelameu\/wp-content\/uploads\/usu2232\/2024\/11\/Creixents.-Cabanes-768x614.jpg 768w, https:\/\/agora.xtec.cat\/escolatorrelameu\/wp-content\/uploads\/usu2232\/2024\/11\/Creixents.-Cabanes-1536x1229.jpg 1536w\" sizes=\"auto, (max-width: 2000px) 100vw, 2000px\" \/><\/p>\n<p><strong>Mitjans i Grans<\/strong>. Un itinerari art\u00edstic reconeixent, familiaritzant-nos i inspirant-nos amb tres dels artistes que han fet obres al poble: Oriol Arum\u00ed, Enric Orobitg i el muralista Llukuter.<\/p>\n<p><img loading=\"lazy\" decoding=\"async\" class=\"aligncenter size-full wp-image-3357\" src=\"https:\/\/agora.xtec.cat\/escolatorrelameu\/wp-content\/uploads\/usu2232\/2024\/11\/Itinerari-artistic-GRANS-i-MitjANS.jpg\" alt=\"\" width=\"2000\" height=\"1600\" srcset=\"https:\/\/agora.xtec.cat\/escolatorrelameu\/wp-content\/uploads\/usu2232\/2024\/11\/Itinerari-artistic-GRANS-i-MitjANS.jpg 2000w, https:\/\/agora.xtec.cat\/escolatorrelameu\/wp-content\/uploads\/usu2232\/2024\/11\/Itinerari-artistic-GRANS-i-MitjANS-300x240.jpg 300w, https:\/\/agora.xtec.cat\/escolatorrelameu\/wp-content\/uploads\/usu2232\/2024\/11\/Itinerari-artistic-GRANS-i-MitjANS-1024x819.jpg 1024w, https:\/\/agora.xtec.cat\/escolatorrelameu\/wp-content\/uploads\/usu2232\/2024\/11\/Itinerari-artistic-GRANS-i-MitjANS-768x614.jpg 768w, https:\/\/agora.xtec.cat\/escolatorrelameu\/wp-content\/uploads\/usu2232\/2024\/11\/Itinerari-artistic-GRANS-i-MitjANS-1536x1229.jpg 1536w\" sizes=\"auto, (max-width: 2000px) 100vw, 2000px\" \/><\/p>\n<p>V\u00e0rem dinar tots junts al pati de l&#8217;escola i despr\u00e9s v\u00e0rem fer estona de conviv\u00e8ncia i joc lliure entre el pati i el cementiri vell.<\/p>\n","protected":false},"excerpt":{"rendered":"<p>A tots i a totes ens agrada que vinguin a casa nostra, ensenyar els espais que estimem, mostrar els llocs que habitem, viure descobertes al nostre espai, acollir als que venen i fer-los part\u00edcips del nostre dia a dia&#8230;<br \/>\nDivendres ens van passar totes aquestes coses&#8230;&hellip;  <a href=\"https:\/\/agora.xtec.cat\/escolatorrelameu\/general\/trobada-de-convivencia-de-zer\/\" title=\"Read Trobada de conviv\u00e8ncia de ZER\">Llegeix m\u00e9s\u00bb<\/a><\/p>\n","protected":false},"author":14,"featured_media":3356,"comment_status":"open","ping_status":"closed","sticky":false,"template":"","format":"standard","meta":{"_bbp_topic_count":0,"_bbp_reply_count":0,"_bbp_total_topic_count":0,"_bbp_total_reply_count":0,"_bbp_voice_count":0,"_bbp_anonymous_reply_count":0,"_bbp_topic_count_hidden":0,"_bbp_reply_count_hidden":0,"_bbp_forum_subforum_count":0,"footnotes":""},"categories":[1],"tags":[],"class_list":["post-3348","post","type-post","status-publish","format-standard","has-post-thumbnail","hentry","category-general"],"post_mailing_queue_ids":[],"_links":{"self":[{"href":"https:\/\/agora.xtec.cat\/escolatorrelameu\/wp-json\/wp\/v2\/posts\/3348","targetHints":{"allow":["GET"]}}],"collection":[{"href":"https:\/\/agora.xtec.cat\/escolatorrelameu\/wp-json\/wp\/v2\/posts"}],"about":[{"href":"https:\/\/agora.xtec.cat\/escolatorrelameu\/wp-json\/wp\/v2\/types\/post"}],"author":[{"embeddable":true,"href":"https:\/\/agora.xtec.cat\/escolatorrelameu\/wp-json\/wp\/v2\/users\/14"}],"replies":[{"embeddable":true,"href":"https:\/\/agora.xtec.cat\/escolatorrelameu\/wp-json\/wp\/v2\/comments?post=3348"}],"version-history":[{"count":3,"href":"https:\/\/agora.xtec.cat\/escolatorrelameu\/wp-json\/wp\/v2\/posts\/3348\/revisions"}],"predecessor-version":[{"id":3360,"href":"https:\/\/agora.xtec.cat\/escolatorrelameu\/wp-json\/wp\/v2\/posts\/3348\/revisions\/3360"}],"wp:featuredmedia":[{"embeddable":true,"href":"https:\/\/agora.xtec.cat\/escolatorrelameu\/wp-json\/wp\/v2\/media\/3356"}],"wp:attachment":[{"href":"https:\/\/agora.xtec.cat\/escolatorrelameu\/wp-json\/wp\/v2\/media?parent=3348"}],"wp:term":[{"taxonomy":"category","embeddable":true,"href":"https:\/\/agora.xtec.cat\/escolatorrelameu\/wp-json\/wp\/v2\/categories?post=3348"},{"taxonomy":"post_tag","embeddable":true,"href":"https:\/\/agora.xtec.cat\/escolatorrelameu\/wp-json\/wp\/v2\/tags?post=3348"}],"curies":[{"name":"wp","href":"https:\/\/api.w.org\/{rel}","templated":true}]}}