{"id":3344,"date":"2024-10-27T08:35:04","date_gmt":"2024-10-27T07:35:04","guid":{"rendered":"https:\/\/agora.xtec.cat\/escolatorrelameu\/?p=3344"},"modified":"2024-10-27T08:35:04","modified_gmt":"2024-10-27T07:35:04","slug":"jornada-de-treball-2","status":"publish","type":"post","link":"https:\/\/agora.xtec.cat\/escolatorrelameu\/general\/jornada-de-treball-2\/","title":{"rendered":"Jornada de treball"},"content":{"rendered":"<p>Agra\u00efdes de l&#8217;ambient que s&#8217;ha creat&#8230;<\/p>\n<p>Contentes d&#8217;haver pogut feinejar&#8230;<\/p>\n<p>Satisfetes pel treball en equip&#8230;<\/p>\n<p>Meravellades amb el dinar i la saviesa dels xefs&#8230;<\/p>\n<p>Encantades de les riallades que se sentien als diferents espais&#8230;<\/p>\n<p>Una bona jornada i un pas m\u00e9s per sentir-nos l&#8217;escola m\u00e9s nostra&#8230; Gr\u00e0cies per haver-ho fet possible.<\/p>\n<p><img loading=\"lazy\" decoding=\"async\" class=\"aligncenter size-full wp-image-3345\" src=\"https:\/\/agora.xtec.cat\/escolatorrelameu\/wp-content\/uploads\/usu2232\/2024\/10\/Disseny-sense-titol-1.jpg\" alt=\"\" width=\"1333\" height=\"2000\" srcset=\"https:\/\/agora.xtec.cat\/escolatorrelameu\/wp-content\/uploads\/usu2232\/2024\/10\/Disseny-sense-titol-1.jpg 1333w, https:\/\/agora.xtec.cat\/escolatorrelameu\/wp-content\/uploads\/usu2232\/2024\/10\/Disseny-sense-titol-1-200x300.jpg 200w, https:\/\/agora.xtec.cat\/escolatorrelameu\/wp-content\/uploads\/usu2232\/2024\/10\/Disseny-sense-titol-1-682x1024.jpg 682w, https:\/\/agora.xtec.cat\/escolatorrelameu\/wp-content\/uploads\/usu2232\/2024\/10\/Disseny-sense-titol-1-768x1152.jpg 768w, https:\/\/agora.xtec.cat\/escolatorrelameu\/wp-content\/uploads\/usu2232\/2024\/10\/Disseny-sense-titol-1-1024x1536.jpg 1024w\" sizes=\"auto, (max-width: 1333px) 100vw, 1333px\" \/><\/p>\n","protected":false},"excerpt":{"rendered":"<p>Agra\u00efdes de l&#8217;ambient que s&#8217;ha creat&#8230;<br \/>\nContentes d&#8217;haver pogut feinejar&#8230;<br \/>\nSatisfetes pel treball en equip&#8230;<br \/>\nMeravellades amb el dinar i la saviesa dels xefs&#8230;<br \/>\nEncantades de les riallades que se sentien als diferents espais&#8230;<br \/>\nUna bona jornada i un pas m\u00e9s per sentir-nos l&#8217;escola m\u00e9s nostra&#8230; Gr\u00e0cies per haver-ho fet&hellip;  <a href=\"https:\/\/agora.xtec.cat\/escolatorrelameu\/general\/jornada-de-treball-2\/\" title=\"Read Jornada de treball\">Llegeix m\u00e9s\u00bb<\/a><\/p>\n","protected":false},"author":14,"featured_media":3346,"comment_status":"open","ping_status":"closed","sticky":false,"template":"","format":"standard","meta":{"_bbp_topic_count":0,"_bbp_reply_count":0,"_bbp_total_topic_count":0,"_bbp_total_reply_count":0,"_bbp_voice_count":0,"_bbp_anonymous_reply_count":0,"_bbp_topic_count_hidden":0,"_bbp_reply_count_hidden":0,"_bbp_forum_subforum_count":0,"footnotes":""},"categories":[1],"tags":[],"class_list":["post-3344","post","type-post","status-publish","format-standard","has-post-thumbnail","hentry","category-general"],"post_mailing_queue_ids":[],"_links":{"self":[{"href":"https:\/\/agora.xtec.cat\/escolatorrelameu\/wp-json\/wp\/v2\/posts\/3344","targetHints":{"allow":["GET"]}}],"collection":[{"href":"https:\/\/agora.xtec.cat\/escolatorrelameu\/wp-json\/wp\/v2\/posts"}],"about":[{"href":"https:\/\/agora.xtec.cat\/escolatorrelameu\/wp-json\/wp\/v2\/types\/post"}],"author":[{"embeddable":true,"href":"https:\/\/agora.xtec.cat\/escolatorrelameu\/wp-json\/wp\/v2\/users\/14"}],"replies":[{"embeddable":true,"href":"https:\/\/agora.xtec.cat\/escolatorrelameu\/wp-json\/wp\/v2\/comments?post=3344"}],"version-history":[{"count":1,"href":"https:\/\/agora.xtec.cat\/escolatorrelameu\/wp-json\/wp\/v2\/posts\/3344\/revisions"}],"predecessor-version":[{"id":3347,"href":"https:\/\/agora.xtec.cat\/escolatorrelameu\/wp-json\/wp\/v2\/posts\/3344\/revisions\/3347"}],"wp:featuredmedia":[{"embeddable":true,"href":"https:\/\/agora.xtec.cat\/escolatorrelameu\/wp-json\/wp\/v2\/media\/3346"}],"wp:attachment":[{"href":"https:\/\/agora.xtec.cat\/escolatorrelameu\/wp-json\/wp\/v2\/media?parent=3344"}],"wp:term":[{"taxonomy":"category","embeddable":true,"href":"https:\/\/agora.xtec.cat\/escolatorrelameu\/wp-json\/wp\/v2\/categories?post=3344"},{"taxonomy":"post_tag","embeddable":true,"href":"https:\/\/agora.xtec.cat\/escolatorrelameu\/wp-json\/wp\/v2\/tags?post=3344"}],"curies":[{"name":"wp","href":"https:\/\/api.w.org\/{rel}","templated":true}]}}