{"id":3330,"date":"2024-10-24T08:03:26","date_gmt":"2024-10-24T06:03:26","guid":{"rendered":"https:\/\/agora.xtec.cat\/escolatorrelameu\/?p=3330"},"modified":"2024-10-24T08:03:26","modified_gmt":"2024-10-24T06:03:26","slug":"primera-assemblea-de-curs","status":"publish","type":"post","link":"https:\/\/agora.xtec.cat\/escolatorrelameu\/general\/primera-assemblea-de-curs\/","title":{"rendered":"Primera assemblea de curs"},"content":{"rendered":"<div dir=\"auto\" style=\"text-align: justify;\">Ahir vam fer la primera assemblea del curs&#8230; Ja podem dir que el curs ha arrencat, que l&#8217;engranatge funciona i que tot est\u00e0 ben engreixat i el sistema va finet&#8230;<\/div>\n<div dir=\"auto\" style=\"text-align: justify;\">Ahir vam estrenar els c\u00e0rrecs nous i estaven nerviosos&#8230; Moderadors, secretaris i els de torn de paraula, preparats!<\/div>\n<div dir=\"auto\" style=\"text-align: justify;\">L&#8217;assemblea va anar segons all\u00f2 organitzat, tot i que al final va faltar una mica de temps&#8230;<\/div>\n<div dir=\"auto\" style=\"text-align: justify;\"><\/div>\n<div dir=\"auto\" style=\"text-align: justify;\">Es van publicar els compromisos d&#8217;aula, les normes del pati, l&#8217;evoluci\u00f3 de les despeses de la fruita i una gr\u00e0fica amb la quantitat de paper gastat durant aquest primer per\u00edode&#8230;<\/div>\n<div dir=\"auto\" style=\"text-align: justify;\"><\/div>\n<div dir=\"auto\" style=\"text-align: justify;\">Ara ens resta passar l&#8217;acta i comen\u00e7ar a preparar la pr\u00f2xima, d&#8217;aqu\u00ed poquet.<\/div>\n<div dir=\"auto\"><img loading=\"lazy\" decoding=\"async\" class=\"aligncenter wp-image-3331 size-full\" src=\"https:\/\/agora.xtec.cat\/escolatorrelameu\/wp-content\/uploads\/usu2232\/2024\/10\/1000048160-e1729749781405.jpg\" alt=\"\" width=\"628\" height=\"330\" srcset=\"https:\/\/agora.xtec.cat\/escolatorrelameu\/wp-content\/uploads\/usu2232\/2024\/10\/1000048160-e1729749781405.jpg 628w, https:\/\/agora.xtec.cat\/escolatorrelameu\/wp-content\/uploads\/usu2232\/2024\/10\/1000048160-e1729749781405-300x158.jpg 300w\" sizes=\"auto, (max-width: 628px) 100vw, 628px\" \/><\/div>\n","protected":false},"excerpt":{"rendered":"<p>Ahir vam fer la primera assemblea del curs&#8230; Ja podem dir que el curs ha arrencat, que l&#8217;engranatge funciona i que tot est\u00e0 ben engreixat i el sistema va finet&#8230;<br \/>\nAhir vam estrenar els c\u00e0rrecs nous i estaven nerviosos&#8230; Moderadors, secretaris i els de torn de&hellip;  <a href=\"https:\/\/agora.xtec.cat\/escolatorrelameu\/general\/primera-assemblea-de-curs\/\" title=\"Read Primera assemblea de curs\">Llegeix m\u00e9s\u00bb<\/a><\/p>\n","protected":false},"author":14,"featured_media":3331,"comment_status":"open","ping_status":"closed","sticky":false,"template":"","format":"standard","meta":{"_bbp_topic_count":0,"_bbp_reply_count":0,"_bbp_total_topic_count":0,"_bbp_total_reply_count":0,"_bbp_voice_count":0,"_bbp_anonymous_reply_count":0,"_bbp_topic_count_hidden":0,"_bbp_reply_count_hidden":0,"_bbp_forum_subforum_count":0,"footnotes":""},"categories":[1],"tags":[],"class_list":["post-3330","post","type-post","status-publish","format-standard","has-post-thumbnail","hentry","category-general"],"post_mailing_queue_ids":[],"_links":{"self":[{"href":"https:\/\/agora.xtec.cat\/escolatorrelameu\/wp-json\/wp\/v2\/posts\/3330","targetHints":{"allow":["GET"]}}],"collection":[{"href":"https:\/\/agora.xtec.cat\/escolatorrelameu\/wp-json\/wp\/v2\/posts"}],"about":[{"href":"https:\/\/agora.xtec.cat\/escolatorrelameu\/wp-json\/wp\/v2\/types\/post"}],"author":[{"embeddable":true,"href":"https:\/\/agora.xtec.cat\/escolatorrelameu\/wp-json\/wp\/v2\/users\/14"}],"replies":[{"embeddable":true,"href":"https:\/\/agora.xtec.cat\/escolatorrelameu\/wp-json\/wp\/v2\/comments?post=3330"}],"version-history":[{"count":1,"href":"https:\/\/agora.xtec.cat\/escolatorrelameu\/wp-json\/wp\/v2\/posts\/3330\/revisions"}],"predecessor-version":[{"id":3332,"href":"https:\/\/agora.xtec.cat\/escolatorrelameu\/wp-json\/wp\/v2\/posts\/3330\/revisions\/3332"}],"wp:featuredmedia":[{"embeddable":true,"href":"https:\/\/agora.xtec.cat\/escolatorrelameu\/wp-json\/wp\/v2\/media\/3331"}],"wp:attachment":[{"href":"https:\/\/agora.xtec.cat\/escolatorrelameu\/wp-json\/wp\/v2\/media?parent=3330"}],"wp:term":[{"taxonomy":"category","embeddable":true,"href":"https:\/\/agora.xtec.cat\/escolatorrelameu\/wp-json\/wp\/v2\/categories?post=3330"},{"taxonomy":"post_tag","embeddable":true,"href":"https:\/\/agora.xtec.cat\/escolatorrelameu\/wp-json\/wp\/v2\/tags?post=3330"}],"curies":[{"name":"wp","href":"https:\/\/api.w.org\/{rel}","templated":true}]}}