{"id":3317,"date":"2024-10-18T19:02:11","date_gmt":"2024-10-18T17:02:11","guid":{"rendered":"https:\/\/agora.xtec.cat\/escolatorrelameu\/?p=3317"},"modified":"2024-10-20T18:54:12","modified_gmt":"2024-10-20T16:54:12","slug":"cinema-en-curs-3","status":"publish","type":"post","link":"https:\/\/agora.xtec.cat\/escolatorrelameu\/general\/cinema-en-curs-3\/","title":{"rendered":"Cinema en curs"},"content":{"rendered":"<p>Tal com diu el cineasta Jean Luc Godard: &#8220;E<span style=\"font-weight: 400;\">l cinema \u00e9s optimista perqu\u00e8 tot \u00e9s possible, res no est\u00e0 prohibit: n\u2019hi ha prou amb estar en contacte amb la vida.&#8221; o el cineasta John Cassavetes: &#8220;<\/span><span style=\"font-weight: 400;\">El cinema \u00e9s una recerca sobre les nostres vides, sobre qui som.&#8221;, estem redescobrint el nostre m\u00f3n a trav\u00e9s de l&#8217;ull \u00f2ptic de la c\u00e0mera&#8230; I \u00e9s un gran aprenentatge: postes, albades, sons, capes de vegetaci\u00f3, mar de n\u00favols&#8230; Tot agafa una altra dimensi\u00f3, m\u00e9s bella, m\u00e9s respirada, m\u00e9s magn\u00edfica, m\u00e9s important&#8230; Peter Hutton, un altre cineasta que avui hem visionat, deia &#8220;<\/span><span style=\"font-weight: 400;\">Hi havia un m\u00f3n davant nostre i no hi par\u00e0vem atenci\u00f3.&#8221;&#8230;<\/span><\/p>\n<p>Us animem a veure el bloc de <a href=\"https:\/\/www.cinemaencurs.org\/diari-dels-tallers\">Cinema en curs<\/a> i anar descobrint els nostres processos i experi\u00e8ncies&#8230;\u00a0Per cert, tamb\u00e9 podeu opinar i dir la vostra: t&#8217;ha agradat?, qu\u00e8 t&#8217;ha transm\u00e8s?, quina tasca creus que hi ha al darrera?, qu\u00e8 t&#8217;aporta? Per qu\u00e8 creus que hem fet aquesta tria o aquest pla?<\/p>\n","protected":false},"excerpt":{"rendered":"<p>Tal com diu el cineasta Jean Luc Godard: &#8220;El cinema \u00e9s optimista perqu\u00e8 tot \u00e9s possible, res no est\u00e0 prohibit: n\u2019hi ha prou amb estar en contacte amb la vida.&#8221; o el cineasta John Cassavetes: &#8220;El cinema \u00e9s una recerca sobre les nostres vides, sobre&hellip;  <a href=\"https:\/\/agora.xtec.cat\/escolatorrelameu\/general\/cinema-en-curs-3\/\" title=\"Read Cinema en curs\">Llegeix m\u00e9s\u00bb<\/a><\/p>\n","protected":false},"author":14,"featured_media":3321,"comment_status":"open","ping_status":"closed","sticky":false,"template":"","format":"standard","meta":{"_bbp_topic_count":0,"_bbp_reply_count":0,"_bbp_total_topic_count":0,"_bbp_total_reply_count":0,"_bbp_voice_count":0,"_bbp_anonymous_reply_count":0,"_bbp_topic_count_hidden":0,"_bbp_reply_count_hidden":0,"_bbp_forum_subforum_count":0,"footnotes":""},"categories":[1],"tags":[],"class_list":["post-3317","post","type-post","status-publish","format-standard","has-post-thumbnail","hentry","category-general"],"post_mailing_queue_ids":[],"_links":{"self":[{"href":"https:\/\/agora.xtec.cat\/escolatorrelameu\/wp-json\/wp\/v2\/posts\/3317","targetHints":{"allow":["GET"]}}],"collection":[{"href":"https:\/\/agora.xtec.cat\/escolatorrelameu\/wp-json\/wp\/v2\/posts"}],"about":[{"href":"https:\/\/agora.xtec.cat\/escolatorrelameu\/wp-json\/wp\/v2\/types\/post"}],"author":[{"embeddable":true,"href":"https:\/\/agora.xtec.cat\/escolatorrelameu\/wp-json\/wp\/v2\/users\/14"}],"replies":[{"embeddable":true,"href":"https:\/\/agora.xtec.cat\/escolatorrelameu\/wp-json\/wp\/v2\/comments?post=3317"}],"version-history":[{"count":2,"href":"https:\/\/agora.xtec.cat\/escolatorrelameu\/wp-json\/wp\/v2\/posts\/3317\/revisions"}],"predecessor-version":[{"id":3319,"href":"https:\/\/agora.xtec.cat\/escolatorrelameu\/wp-json\/wp\/v2\/posts\/3317\/revisions\/3319"}],"wp:featuredmedia":[{"embeddable":true,"href":"https:\/\/agora.xtec.cat\/escolatorrelameu\/wp-json\/wp\/v2\/media\/3321"}],"wp:attachment":[{"href":"https:\/\/agora.xtec.cat\/escolatorrelameu\/wp-json\/wp\/v2\/media?parent=3317"}],"wp:term":[{"taxonomy":"category","embeddable":true,"href":"https:\/\/agora.xtec.cat\/escolatorrelameu\/wp-json\/wp\/v2\/categories?post=3317"},{"taxonomy":"post_tag","embeddable":true,"href":"https:\/\/agora.xtec.cat\/escolatorrelameu\/wp-json\/wp\/v2\/tags?post=3317"}],"curies":[{"name":"wp","href":"https:\/\/api.w.org\/{rel}","templated":true}]}}