{"id":3303,"date":"2024-10-18T13:43:42","date_gmt":"2024-10-18T11:43:42","guid":{"rendered":"https:\/\/agora.xtec.cat\/escolatorrelameu\/?p=3303"},"modified":"2024-10-18T19:14:38","modified_gmt":"2024-10-18T17:14:38","slug":"bateig-de-lligams-2","status":"publish","type":"post","link":"https:\/\/agora.xtec.cat\/escolatorrelameu\/general\/bateig-de-lligams-2\/","title":{"rendered":"Bateig de Lligams"},"content":{"rendered":"<p>I, finalment, va arribar el dia de saber qui eren els nostres Lligams!<\/p>\n<p>La previsi\u00f3 meteorol\u00f2gica ens havia avisat, plour\u00e0! I tant que va ploure&#8230; No vam poder anar al Parc del Riu, ni tan sols a la N\u00f2ria, per\u00f2 l&#8217;espai gran de l&#8217;ampliaci\u00f3 ens va permetre estar tots i totes juntes.<\/p>\n<p><img loading=\"lazy\" decoding=\"async\" class=\"aligncenter size-full wp-image-3312\" src=\"https:\/\/agora.xtec.cat\/escolatorrelameu\/wp-content\/uploads\/usu2232\/2024\/10\/IMG20241017092735-Copy.jpg\" alt=\"\" width=\"811\" height=\"455\" srcset=\"https:\/\/agora.xtec.cat\/escolatorrelameu\/wp-content\/uploads\/usu2232\/2024\/10\/IMG20241017092735-Copy.jpg 811w, https:\/\/agora.xtec.cat\/escolatorrelameu\/wp-content\/uploads\/usu2232\/2024\/10\/IMG20241017092735-Copy-300x168.jpg 300w, https:\/\/agora.xtec.cat\/escolatorrelameu\/wp-content\/uploads\/usu2232\/2024\/10\/IMG20241017092735-Copy-768x431.jpg 768w\" sizes=\"auto, (max-width: 811px) 100vw, 811px\" \/><\/p>\n<p>Vam comen\u00e7ar amb la din\u00e0mica de descobrir qui eren els nostres Lligams&#8230; Sense saber quin gomet ens havien posat al front, amb ajuda dels altres i sense parlar, hav\u00edem de trobar els nostres Lligams. Va ser divertit veure les estrat\u00e8gies que posaven en joc: assenyalar peces de roba per &#8220;no-dir&#8221; el color del gomet, buscar formes geom\u00e8triques per l&#8217;aula&#8230;<\/p>\n<p><img loading=\"lazy\" decoding=\"async\" class=\"aligncenter size-full wp-image-3307\" src=\"https:\/\/agora.xtec.cat\/escolatorrelameu\/wp-content\/uploads\/usu2232\/2024\/10\/entrada.jpg\" alt=\"\" width=\"1385\" height=\"310\" srcset=\"https:\/\/agora.xtec.cat\/escolatorrelameu\/wp-content\/uploads\/usu2232\/2024\/10\/entrada.jpg 1385w, https:\/\/agora.xtec.cat\/escolatorrelameu\/wp-content\/uploads\/usu2232\/2024\/10\/entrada-300x67.jpg 300w, https:\/\/agora.xtec.cat\/escolatorrelameu\/wp-content\/uploads\/usu2232\/2024\/10\/entrada-1024x229.jpg 1024w, https:\/\/agora.xtec.cat\/escolatorrelameu\/wp-content\/uploads\/usu2232\/2024\/10\/entrada-768x172.jpg 768w\" sizes=\"auto, (max-width: 1385px) 100vw, 1385px\" \/><\/p>\n<p>Un cop lligats, vam fer el record del bateig. Aquest cop vam fer servir pedres, cada grup de Lligams va pintar les seves pedres juntes i cada membre, se&#8217;n va emportar una cap a casa.<\/p>\n<p><img loading=\"lazy\" decoding=\"async\" class=\"aligncenter size-full wp-image-3315\" src=\"https:\/\/agora.xtec.cat\/escolatorrelameu\/wp-content\/uploads\/usu2232\/2024\/10\/pintant.jpg\" alt=\"\" width=\"1335\" height=\"627\" srcset=\"https:\/\/agora.xtec.cat\/escolatorrelameu\/wp-content\/uploads\/usu2232\/2024\/10\/pintant.jpg 1335w, https:\/\/agora.xtec.cat\/escolatorrelameu\/wp-content\/uploads\/usu2232\/2024\/10\/pintant-300x141.jpg 300w, https:\/\/agora.xtec.cat\/escolatorrelameu\/wp-content\/uploads\/usu2232\/2024\/10\/pintant-1024x481.jpg 1024w, https:\/\/agora.xtec.cat\/escolatorrelameu\/wp-content\/uploads\/usu2232\/2024\/10\/pintant-768x361.jpg 768w\" sizes=\"auto, (max-width: 1335px) 100vw, 1335px\" \/><\/p>\n<p>Despr\u00e9s va venir l&#8217;estona de joc amb els Lligams. Hi va haver de tot: construccions, puzles, joc de l&#8217;oca, pintar, legos, experimentaci\u00f3&#8230;<\/p>\n<p><img loading=\"lazy\" decoding=\"async\" class=\"aligncenter size-full wp-image-3314\" src=\"https:\/\/agora.xtec.cat\/escolatorrelameu\/wp-content\/uploads\/usu2232\/2024\/10\/joc.jpg\" alt=\"\" width=\"1130\" height=\"1412\" srcset=\"https:\/\/agora.xtec.cat\/escolatorrelameu\/wp-content\/uploads\/usu2232\/2024\/10\/joc.jpg 1130w, https:\/\/agora.xtec.cat\/escolatorrelameu\/wp-content\/uploads\/usu2232\/2024\/10\/joc-240x300.jpg 240w, https:\/\/agora.xtec.cat\/escolatorrelameu\/wp-content\/uploads\/usu2232\/2024\/10\/joc-819x1024.jpg 819w, https:\/\/agora.xtec.cat\/escolatorrelameu\/wp-content\/uploads\/usu2232\/2024\/10\/joc-768x960.jpg 768w\" sizes=\"auto, (max-width: 1130px) 100vw, 1130px\" \/><\/p>\n<p>Per acabar, vam esmorzar amb els Lligams els flams que havien preparat els Petits el dia abans.<\/p>\n<p><img loading=\"lazy\" decoding=\"async\" class=\"aligncenter size-full wp-image-3305\" src=\"https:\/\/agora.xtec.cat\/escolatorrelameu\/wp-content\/uploads\/usu2232\/2024\/10\/IMG_4899-Copy.jpg\" alt=\"\" width=\"1024\" height=\"768\" srcset=\"https:\/\/agora.xtec.cat\/escolatorrelameu\/wp-content\/uploads\/usu2232\/2024\/10\/IMG_4899-Copy.jpg 1024w, https:\/\/agora.xtec.cat\/escolatorrelameu\/wp-content\/uploads\/usu2232\/2024\/10\/IMG_4899-Copy-300x225.jpg 300w, https:\/\/agora.xtec.cat\/escolatorrelameu\/wp-content\/uploads\/usu2232\/2024\/10\/IMG_4899-Copy-768x576.jpg 768w, https:\/\/agora.xtec.cat\/escolatorrelameu\/wp-content\/uploads\/usu2232\/2024\/10\/IMG_4899-Copy-200x150.jpg 200w\" sizes=\"auto, (max-width: 1024px) 100vw, 1024px\" \/><\/p>\n<p>Ara ja sabem qui son els nostres Lligams, a les llibretes de casa hi teniu una foto, amb els seus noms!<\/p>\n","protected":false},"excerpt":{"rendered":"<p>I, finalment, va arribar el dia de saber qui eren els nostres Lligams!<br \/>\nLa previsi\u00f3 meteorol\u00f2gica ens havia avisat, plour\u00e0! I tant que va ploure&#8230; No vam poder anar al Parc del Riu, ni tan sols a la N\u00f2ria, per\u00f2 l&#8217;espai gran de l&#8217;ampliaci\u00f3 ens va&hellip;  <a href=\"https:\/\/agora.xtec.cat\/escolatorrelameu\/general\/bateig-de-lligams-2\/\" title=\"Read Bateig de Lligams\">Llegeix m\u00e9s\u00bb<\/a><\/p>\n","protected":false},"author":14,"featured_media":3309,"comment_status":"open","ping_status":"closed","sticky":false,"template":"","format":"standard","meta":{"_bbp_topic_count":0,"_bbp_reply_count":0,"_bbp_total_topic_count":0,"_bbp_total_reply_count":0,"_bbp_voice_count":0,"_bbp_anonymous_reply_count":0,"_bbp_topic_count_hidden":0,"_bbp_reply_count_hidden":0,"_bbp_forum_subforum_count":0,"footnotes":""},"categories":[1],"tags":[],"class_list":["post-3303","post","type-post","status-publish","format-standard","has-post-thumbnail","hentry","category-general"],"post_mailing_queue_ids":[],"_links":{"self":[{"href":"https:\/\/agora.xtec.cat\/escolatorrelameu\/wp-json\/wp\/v2\/posts\/3303","targetHints":{"allow":["GET"]}}],"collection":[{"href":"https:\/\/agora.xtec.cat\/escolatorrelameu\/wp-json\/wp\/v2\/posts"}],"about":[{"href":"https:\/\/agora.xtec.cat\/escolatorrelameu\/wp-json\/wp\/v2\/types\/post"}],"author":[{"embeddable":true,"href":"https:\/\/agora.xtec.cat\/escolatorrelameu\/wp-json\/wp\/v2\/users\/14"}],"replies":[{"embeddable":true,"href":"https:\/\/agora.xtec.cat\/escolatorrelameu\/wp-json\/wp\/v2\/comments?post=3303"}],"version-history":[{"count":6,"href":"https:\/\/agora.xtec.cat\/escolatorrelameu\/wp-json\/wp\/v2\/posts\/3303\/revisions"}],"predecessor-version":[{"id":3320,"href":"https:\/\/agora.xtec.cat\/escolatorrelameu\/wp-json\/wp\/v2\/posts\/3303\/revisions\/3320"}],"wp:featuredmedia":[{"embeddable":true,"href":"https:\/\/agora.xtec.cat\/escolatorrelameu\/wp-json\/wp\/v2\/media\/3309"}],"wp:attachment":[{"href":"https:\/\/agora.xtec.cat\/escolatorrelameu\/wp-json\/wp\/v2\/media?parent=3303"}],"wp:term":[{"taxonomy":"category","embeddable":true,"href":"https:\/\/agora.xtec.cat\/escolatorrelameu\/wp-json\/wp\/v2\/categories?post=3303"},{"taxonomy":"post_tag","embeddable":true,"href":"https:\/\/agora.xtec.cat\/escolatorrelameu\/wp-json\/wp\/v2\/tags?post=3303"}],"curies":[{"name":"wp","href":"https:\/\/api.w.org\/{rel}","templated":true}]}}