{"id":3284,"date":"2024-09-28T09:18:48","date_gmt":"2024-09-28T07:18:48","guid":{"rendered":"https:\/\/agora.xtec.cat\/escolatorrelameu\/?p=3284"},"modified":"2024-09-28T09:21:28","modified_gmt":"2024-09-28T07:21:28","slug":"un-gripau-a-la-piscina","status":"publish","type":"post","link":"https:\/\/agora.xtec.cat\/escolatorrelameu\/general\/un-gripau-a-la-piscina\/","title":{"rendered":"Un gripau a la piscina!"},"content":{"rendered":"<p style=\"text-align: justify;\">A l&#8217;escola rural passen coses amb l&#8217;entorn que no estan previstes, que s\u00f3n fruit del viure a la natura, visibles quan hi pares l&#8217;atenci\u00f3, valuoses quan ens permetem improvisar per escoltar els interessos dels infants.<\/p>\n<p style=\"text-align: justify;\">I aquest dijous al mat\u00ed, de forma inesperada, va passar tot aix\u00f2. Mentre un grup feia educaci\u00f3 f\u00edsica al pati, uns quants infants es van adonar que a la piscina petita hi havia un gripau atrapat, que intentava sortir per\u00f2 que relliscava. El focus de l&#8217;atenci\u00f3 de gaireb\u00e9 tota l&#8217;escola es va traslladar a la piscina que veiem des de dalt del balc\u00f3. No pod\u00edem deixar que aquell gripau s&#8217;esgot\u00e9s intentant sortir de la piscina. Aix\u00ed que vam baixar a ajudar-lo. Primer ho vam intentar amb una rampa de fusta, per si se&#8217;n sortia tot sol. Vam provar d&#8217;enxampar-lo amb una paperera, per\u00f2 se&#8217;ns va escapar cap a la mica d&#8217;aigua que hi ha dins la piscina.<\/p>\n<p><img loading=\"lazy\" decoding=\"async\" class=\"aligncenter size-full wp-image-3282\" src=\"https:\/\/agora.xtec.cat\/escolatorrelameu\/wp-content\/uploads\/usu2232\/2024\/09\/inici-gripau.jpg\" alt=\"\" width=\"1033\" height=\"1270\" srcset=\"https:\/\/agora.xtec.cat\/escolatorrelameu\/wp-content\/uploads\/usu2232\/2024\/09\/inici-gripau.jpg 1033w, https:\/\/agora.xtec.cat\/escolatorrelameu\/wp-content\/uploads\/usu2232\/2024\/09\/inici-gripau-244x300.jpg 244w, https:\/\/agora.xtec.cat\/escolatorrelameu\/wp-content\/uploads\/usu2232\/2024\/09\/inici-gripau-833x1024.jpg 833w, https:\/\/agora.xtec.cat\/escolatorrelameu\/wp-content\/uploads\/usu2232\/2024\/09\/inici-gripau-768x944.jpg 768w\" sizes=\"auto, (max-width: 1033px) 100vw, 1033px\" \/><\/p>\n<p>Ho vam tornar a provar i ho vam aconseguir, amb treball d&#8217;equip!<\/p>\n<p><img loading=\"lazy\" decoding=\"async\" class=\"aligncenter size-full wp-image-3280\" src=\"https:\/\/agora.xtec.cat\/escolatorrelameu\/wp-content\/uploads\/usu2232\/2024\/09\/2n-intent.jpg\" alt=\"\" width=\"1002\" height=\"871\" srcset=\"https:\/\/agora.xtec.cat\/escolatorrelameu\/wp-content\/uploads\/usu2232\/2024\/09\/2n-intent.jpg 1002w, https:\/\/agora.xtec.cat\/escolatorrelameu\/wp-content\/uploads\/usu2232\/2024\/09\/2n-intent-300x261.jpg 300w, https:\/\/agora.xtec.cat\/escolatorrelameu\/wp-content\/uploads\/usu2232\/2024\/09\/2n-intent-768x668.jpg 768w\" sizes=\"auto, (max-width: 1002px) 100vw, 1002px\" \/><\/p>\n<p>El vam alliberar a la gespa.<\/p>\n<p><img loading=\"lazy\" decoding=\"async\" class=\"aligncenter size-full wp-image-3281\" src=\"https:\/\/agora.xtec.cat\/escolatorrelameu\/wp-content\/uploads\/usu2232\/2024\/09\/alliberament.jpg\" alt=\"\" width=\"1062\" height=\"272\" srcset=\"https:\/\/agora.xtec.cat\/escolatorrelameu\/wp-content\/uploads\/usu2232\/2024\/09\/alliberament.jpg 1062w, https:\/\/agora.xtec.cat\/escolatorrelameu\/wp-content\/uploads\/usu2232\/2024\/09\/alliberament-300x77.jpg 300w, https:\/\/agora.xtec.cat\/escolatorrelameu\/wp-content\/uploads\/usu2232\/2024\/09\/alliberament-1024x262.jpg 1024w, https:\/\/agora.xtec.cat\/escolatorrelameu\/wp-content\/uploads\/usu2232\/2024\/09\/alliberament-768x197.jpg 768w\" sizes=\"auto, (max-width: 1062px) 100vw, 1062px\" \/><\/p>\n<p style=\"text-align: justify;\">Per\u00f2 l&#8217;aventura no es va acabar aqu\u00ed. Vam descobrir que a l&#8217;aigua hi havia una granoteta&#8230; Vam decidir deixar-la a l&#8217;aigua. Tot i que hi va haver un grup, el de Creixents, que va comen\u00e7ar a organitzar-se&#8230; Per\u00f2 aix\u00f2 ja us ho explicarem un altre dia!<\/p>\n","protected":false},"excerpt":{"rendered":"<p>A l&#8217;escola rural passen coses amb l&#8217;entorn que no estan previstes, que s\u00f3n fruit del viure a la natura, visibles quan hi pares l&#8217;atenci\u00f3, valuoses quan ens permetem improvisar per escoltar els interessos dels infants.<br \/>\nI aquest dijous al mat\u00ed, de forma inesperada, va passar tot&hellip;  <a href=\"https:\/\/agora.xtec.cat\/escolatorrelameu\/general\/un-gripau-a-la-piscina\/\" title=\"Read Un gripau a la piscina!\">Llegeix m\u00e9s\u00bb<\/a><\/p>\n","protected":false},"author":14,"featured_media":3286,"comment_status":"open","ping_status":"closed","sticky":false,"template":"","format":"standard","meta":{"_bbp_topic_count":0,"_bbp_reply_count":0,"_bbp_total_topic_count":0,"_bbp_total_reply_count":0,"_bbp_voice_count":0,"_bbp_anonymous_reply_count":0,"_bbp_topic_count_hidden":0,"_bbp_reply_count_hidden":0,"_bbp_forum_subforum_count":0,"footnotes":""},"categories":[1],"tags":[],"class_list":["post-3284","post","type-post","status-publish","format-standard","has-post-thumbnail","hentry","category-general"],"post_mailing_queue_ids":[],"_links":{"self":[{"href":"https:\/\/agora.xtec.cat\/escolatorrelameu\/wp-json\/wp\/v2\/posts\/3284","targetHints":{"allow":["GET"]}}],"collection":[{"href":"https:\/\/agora.xtec.cat\/escolatorrelameu\/wp-json\/wp\/v2\/posts"}],"about":[{"href":"https:\/\/agora.xtec.cat\/escolatorrelameu\/wp-json\/wp\/v2\/types\/post"}],"author":[{"embeddable":true,"href":"https:\/\/agora.xtec.cat\/escolatorrelameu\/wp-json\/wp\/v2\/users\/14"}],"replies":[{"embeddable":true,"href":"https:\/\/agora.xtec.cat\/escolatorrelameu\/wp-json\/wp\/v2\/comments?post=3284"}],"version-history":[{"count":1,"href":"https:\/\/agora.xtec.cat\/escolatorrelameu\/wp-json\/wp\/v2\/posts\/3284\/revisions"}],"predecessor-version":[{"id":3285,"href":"https:\/\/agora.xtec.cat\/escolatorrelameu\/wp-json\/wp\/v2\/posts\/3284\/revisions\/3285"}],"wp:featuredmedia":[{"embeddable":true,"href":"https:\/\/agora.xtec.cat\/escolatorrelameu\/wp-json\/wp\/v2\/media\/3286"}],"wp:attachment":[{"href":"https:\/\/agora.xtec.cat\/escolatorrelameu\/wp-json\/wp\/v2\/media?parent=3284"}],"wp:term":[{"taxonomy":"category","embeddable":true,"href":"https:\/\/agora.xtec.cat\/escolatorrelameu\/wp-json\/wp\/v2\/categories?post=3284"},{"taxonomy":"post_tag","embeddable":true,"href":"https:\/\/agora.xtec.cat\/escolatorrelameu\/wp-json\/wp\/v2\/tags?post=3284"}],"curies":[{"name":"wp","href":"https:\/\/api.w.org\/{rel}","templated":true}]}}