{"id":3276,"date":"2024-09-28T09:00:37","date_gmt":"2024-09-28T07:00:37","guid":{"rendered":"https:\/\/agora.xtec.cat\/escolatorrelameu\/?p=3276"},"modified":"2024-09-28T09:01:56","modified_gmt":"2024-09-28T07:01:56","slug":"el-cercle-cromatic-i-molt-mes","status":"publish","type":"post","link":"https:\/\/agora.xtec.cat\/escolatorrelameu\/general\/el-cercle-cromatic-i-molt-mes\/","title":{"rendered":"El cercle crom\u00e0tic&#8230; i molt m\u00e9s!"},"content":{"rendered":"<p style=\"text-align: justify;\">A l&#8217;escola el material d&#8217;escriure i dibuixar sobre paper est\u00e0 organitzat de la mateixa manera a tots els espais, a partir del cercle crom\u00e0tic. Cada any, a l&#8217;inici de curs, el presentem. Set gots alts, tres colors b\u00e0sics. Veure com l&#8217;aquarel\u00b7la l\u00edquida es dilueix en l&#8217;aigua \u00e9s un espectacle m\u00e0gic. Veure com es van fent les barreges fins a completar tot el cercle \u00e9s un moment que, per moltes vegades que l&#8217;hagis vist, crea expectaci\u00f3&#8230;<img loading=\"lazy\" decoding=\"async\" class=\"aligncenter size-full wp-image-3271\" src=\"https:\/\/agora.xtec.cat\/escolatorrelameu\/wp-content\/uploads\/usu2232\/2024\/09\/cercle.jpg\" alt=\"\" width=\"973\" height=\"1211\" srcset=\"https:\/\/agora.xtec.cat\/escolatorrelameu\/wp-content\/uploads\/usu2232\/2024\/09\/cercle.jpg 973w, https:\/\/agora.xtec.cat\/escolatorrelameu\/wp-content\/uploads\/usu2232\/2024\/09\/cercle-241x300.jpg 241w, https:\/\/agora.xtec.cat\/escolatorrelameu\/wp-content\/uploads\/usu2232\/2024\/09\/cercle-823x1024.jpg 823w, https:\/\/agora.xtec.cat\/escolatorrelameu\/wp-content\/uploads\/usu2232\/2024\/09\/cercle-768x956.jpg 768w\" sizes=\"auto, (max-width: 973px) 100vw, 973px\" \/><\/p>\n<p style=\"text-align: justify;\">El grup de Petits no ha estat una excepci\u00f3. Encara m\u00e9s, perqu\u00e8 una de les propostes de l&#8217;Aprenc d&#8217;aquests dies se centrava en la barreja de colors, d&#8217;experimentar com el paper de seda tenyeix l&#8217;aigua, que hi ha uns colors que ho fan molt r\u00e0pid i d&#8217;altres no&#8230; Tamb\u00e9 hem vist com el l\u00edquid viatja d&#8217;un recipient a un altre, creant nous colors, a trav\u00e9s d&#8217;un boc\u00ed de paper de cuina.<\/p>\n<p><img loading=\"lazy\" decoding=\"async\" class=\"aligncenter size-full wp-image-3273\" src=\"https:\/\/agora.xtec.cat\/escolatorrelameu\/wp-content\/uploads\/usu2232\/2024\/09\/experimentem.jpg\" alt=\"\" width=\"850\" height=\"507\" srcset=\"https:\/\/agora.xtec.cat\/escolatorrelameu\/wp-content\/uploads\/usu2232\/2024\/09\/experimentem.jpg 850w, https:\/\/agora.xtec.cat\/escolatorrelameu\/wp-content\/uploads\/usu2232\/2024\/09\/experimentem-300x179.jpg 300w, https:\/\/agora.xtec.cat\/escolatorrelameu\/wp-content\/uploads\/usu2232\/2024\/09\/experimentem-768x458.jpg 768w\" sizes=\"auto, (max-width: 850px) 100vw, 850px\" \/><\/p>\n<p>Per\u00f2 tamb\u00e9 hem fet transvasaments, d&#8217;un got a un altre, ple, amb la precisi\u00f3 i coordinaci\u00f3 que aix\u00f2 comporta entre els diferents moviments, amb la concentraci\u00f3 que requereix.<img loading=\"lazy\" decoding=\"async\" class=\"aligncenter size-full wp-image-3274\" src=\"https:\/\/agora.xtec.cat\/escolatorrelameu\/wp-content\/uploads\/usu2232\/2024\/09\/liquids.jpg\" alt=\"\" width=\"825\" height=\"333\" srcset=\"https:\/\/agora.xtec.cat\/escolatorrelameu\/wp-content\/uploads\/usu2232\/2024\/09\/liquids.jpg 825w, https:\/\/agora.xtec.cat\/escolatorrelameu\/wp-content\/uploads\/usu2232\/2024\/09\/liquids-300x121.jpg 300w, https:\/\/agora.xtec.cat\/escolatorrelameu\/wp-content\/uploads\/usu2232\/2024\/09\/liquids-768x310.jpg 768w\" sizes=\"auto, (max-width: 825px) 100vw, 825px\" \/><\/p>\n<p>I per \u00faltim, tamb\u00e9 ens ha servit per aprendre h\u00e0bits de neteja, per treballar l&#8217;autonomia i la responsabilitat de deixar l&#8217;espai tal i com estava abans de comen\u00e7ar, per sentir-nos grans i confiats en les nostres possibilitats. Hem presentat el cercle crom\u00e0tic&#8230; i molt m\u00e9s!<\/p>\n<p><img loading=\"lazy\" decoding=\"async\" class=\"aligncenter size-full wp-image-3272\" src=\"https:\/\/agora.xtec.cat\/escolatorrelameu\/wp-content\/uploads\/usu2232\/2024\/09\/espai-net.jpg\" alt=\"\" width=\"782\" height=\"243\" srcset=\"https:\/\/agora.xtec.cat\/escolatorrelameu\/wp-content\/uploads\/usu2232\/2024\/09\/espai-net.jpg 782w, https:\/\/agora.xtec.cat\/escolatorrelameu\/wp-content\/uploads\/usu2232\/2024\/09\/espai-net-300x93.jpg 300w, https:\/\/agora.xtec.cat\/escolatorrelameu\/wp-content\/uploads\/usu2232\/2024\/09\/espai-net-768x239.jpg 768w\" sizes=\"auto, (max-width: 782px) 100vw, 782px\" \/><\/p>\n","protected":false},"excerpt":{"rendered":"<p>A l&#8217;escola el material d&#8217;escriure i dibuixar sobre paper est\u00e0 organitzat de la mateixa manera a tots els espais, a partir del cercle crom\u00e0tic. Cada any, a l&#8217;inici de curs, el presentem. Set gots alts, tres colors b\u00e0sics. Veure com l&#8217;aquarel\u00b7la l\u00edquida es dilueix en&hellip;  <a href=\"https:\/\/agora.xtec.cat\/escolatorrelameu\/general\/el-cercle-cromatic-i-molt-mes\/\" title=\"Read El cercle crom\u00e0tic&#8230; i molt m\u00e9s!\">Llegeix m\u00e9s\u00bb<\/a><\/p>\n","protected":false},"author":14,"featured_media":3275,"comment_status":"open","ping_status":"closed","sticky":false,"template":"","format":"standard","meta":{"_bbp_topic_count":0,"_bbp_reply_count":0,"_bbp_total_topic_count":0,"_bbp_total_reply_count":0,"_bbp_voice_count":0,"_bbp_anonymous_reply_count":0,"_bbp_topic_count_hidden":0,"_bbp_reply_count_hidden":0,"_bbp_forum_subforum_count":0,"footnotes":""},"categories":[1],"tags":[],"class_list":["post-3276","post","type-post","status-publish","format-standard","has-post-thumbnail","hentry","category-general"],"post_mailing_queue_ids":[],"_links":{"self":[{"href":"https:\/\/agora.xtec.cat\/escolatorrelameu\/wp-json\/wp\/v2\/posts\/3276","targetHints":{"allow":["GET"]}}],"collection":[{"href":"https:\/\/agora.xtec.cat\/escolatorrelameu\/wp-json\/wp\/v2\/posts"}],"about":[{"href":"https:\/\/agora.xtec.cat\/escolatorrelameu\/wp-json\/wp\/v2\/types\/post"}],"author":[{"embeddable":true,"href":"https:\/\/agora.xtec.cat\/escolatorrelameu\/wp-json\/wp\/v2\/users\/14"}],"replies":[{"embeddable":true,"href":"https:\/\/agora.xtec.cat\/escolatorrelameu\/wp-json\/wp\/v2\/comments?post=3276"}],"version-history":[{"count":2,"href":"https:\/\/agora.xtec.cat\/escolatorrelameu\/wp-json\/wp\/v2\/posts\/3276\/revisions"}],"predecessor-version":[{"id":3278,"href":"https:\/\/agora.xtec.cat\/escolatorrelameu\/wp-json\/wp\/v2\/posts\/3276\/revisions\/3278"}],"wp:featuredmedia":[{"embeddable":true,"href":"https:\/\/agora.xtec.cat\/escolatorrelameu\/wp-json\/wp\/v2\/media\/3275"}],"wp:attachment":[{"href":"https:\/\/agora.xtec.cat\/escolatorrelameu\/wp-json\/wp\/v2\/media?parent=3276"}],"wp:term":[{"taxonomy":"category","embeddable":true,"href":"https:\/\/agora.xtec.cat\/escolatorrelameu\/wp-json\/wp\/v2\/categories?post=3276"},{"taxonomy":"post_tag","embeddable":true,"href":"https:\/\/agora.xtec.cat\/escolatorrelameu\/wp-json\/wp\/v2\/tags?post=3276"}],"curies":[{"name":"wp","href":"https:\/\/api.w.org\/{rel}","templated":true}]}}