{"id":3219,"date":"2024-06-24T20:01:57","date_gmt":"2024-06-24T18:01:57","guid":{"rendered":"https:\/\/agora.xtec.cat\/escolatorrelameu\/?p=3219"},"modified":"2024-06-24T20:19:17","modified_gmt":"2024-06-24T18:19:17","slug":"darrers-dies-descola","status":"publish","type":"post","link":"https:\/\/agora.xtec.cat\/escolatorrelameu\/general\/darrers-dies-descola\/","title":{"rendered":"Darrers dies d&#8217;escola"},"content":{"rendered":"<p>Divendres, va ser l&#8217;\u00faltim dia de curs. Per molts nens i nenes el dia esperat. Comencen les vacances, temps de diversi\u00f3, d&#8217;aventures, de viatges, de platja, de muntanya, de piscina, de llevar-se tard\u2026 temps d&#8217;estar en fam\u00edlia i gaudir d&#8217;una rutina totalment diferent de l&#8217;habitual.<\/p>\n<p><img loading=\"lazy\" decoding=\"async\" class=\"aligncenter size-full wp-image-3222\" src=\"https:\/\/agora.xtec.cat\/escolatorrelameu\/wp-content\/uploads\/usu2232\/2024\/06\/3-1.jpg\" alt=\"\" width=\"2000\" height=\"1600\" srcset=\"https:\/\/agora.xtec.cat\/escolatorrelameu\/wp-content\/uploads\/usu2232\/2024\/06\/3-1.jpg 2000w, https:\/\/agora.xtec.cat\/escolatorrelameu\/wp-content\/uploads\/usu2232\/2024\/06\/3-1-300x240.jpg 300w, https:\/\/agora.xtec.cat\/escolatorrelameu\/wp-content\/uploads\/usu2232\/2024\/06\/3-1-1024x819.jpg 1024w, https:\/\/agora.xtec.cat\/escolatorrelameu\/wp-content\/uploads\/usu2232\/2024\/06\/3-1-768x614.jpg 768w, https:\/\/agora.xtec.cat\/escolatorrelameu\/wp-content\/uploads\/usu2232\/2024\/06\/3-1-1536x1229.jpg 1536w\" sizes=\"auto, (max-width: 2000px) 100vw, 2000px\" \/><\/p>\n<p>Per\u00f2 tamb\u00e9 \u00e9s el dia d&#8217;acomiadar-se dels companys, dels amics, de les mestres, de l&#8217;escola&#8230; \u00e9s un dia emotiu, estany, contradictori&#8230; no \u00e9s un dia qualsevol.<\/p>\n<p>Durant la setmana hem anat acomiadant el curs i donant la benvinguda a l&#8217;estiu amb diverses activitats: preparar la documentaci\u00f3, vespre amb fam\u00edlies, jocs d&#8217;aigua, esmorzar amb lligams\u2026<\/p>\n<p><img loading=\"lazy\" decoding=\"async\" class=\"aligncenter size-full wp-image-3220\" src=\"https:\/\/agora.xtec.cat\/escolatorrelameu\/wp-content\/uploads\/usu2232\/2024\/06\/1-2.jpg\" alt=\"\" width=\"2000\" height=\"1600\" srcset=\"https:\/\/agora.xtec.cat\/escolatorrelameu\/wp-content\/uploads\/usu2232\/2024\/06\/1-2.jpg 2000w, https:\/\/agora.xtec.cat\/escolatorrelameu\/wp-content\/uploads\/usu2232\/2024\/06\/1-2-300x240.jpg 300w, https:\/\/agora.xtec.cat\/escolatorrelameu\/wp-content\/uploads\/usu2232\/2024\/06\/1-2-1024x819.jpg 1024w, https:\/\/agora.xtec.cat\/escolatorrelameu\/wp-content\/uploads\/usu2232\/2024\/06\/1-2-768x614.jpg 768w, https:\/\/agora.xtec.cat\/escolatorrelameu\/wp-content\/uploads\/usu2232\/2024\/06\/1-2-1536x1229.jpg 1536w\" sizes=\"auto, (max-width: 2000px) 100vw, 2000px\" \/><\/p>\n<p>Ha estat una setmana plena d&#8217;emocions, rialles i per alguns, el principi d&#8217;una nova etapa.<\/p>\n<p><img loading=\"lazy\" decoding=\"async\" class=\"size-full wp-image-3224\" src=\"https:\/\/agora.xtec.cat\/escolatorrelameu\/wp-content\/uploads\/usu2232\/2024\/06\/2-3.jpg\" alt=\"\" width=\"1979\" height=\"1583\" srcset=\"https:\/\/agora.xtec.cat\/escolatorrelameu\/wp-content\/uploads\/usu2232\/2024\/06\/2-3.jpg 1979w, https:\/\/agora.xtec.cat\/escolatorrelameu\/wp-content\/uploads\/usu2232\/2024\/06\/2-3-300x240.jpg 300w, https:\/\/agora.xtec.cat\/escolatorrelameu\/wp-content\/uploads\/usu2232\/2024\/06\/2-3-1024x819.jpg 1024w, https:\/\/agora.xtec.cat\/escolatorrelameu\/wp-content\/uploads\/usu2232\/2024\/06\/2-3-768x614.jpg 768w, https:\/\/agora.xtec.cat\/escolatorrelameu\/wp-content\/uploads\/usu2232\/2024\/06\/2-3-1536x1229.jpg 1536w\" sizes=\"auto, (max-width: 1979px) 100vw, 1979px\" \/><\/p>\n<p>Molt bon estiu a tothom i bones vacances.<\/p>\n<p>&nbsp;<\/p>\n","protected":false},"excerpt":{"rendered":"<p>Divendres, va ser l&#8217;\u00faltim dia de curs. Per molts nens i nenes el dia esperat. Comencen les vacances, temps de diversi\u00f3, d&#8217;aventures, de viatges, de platja, de muntanya, de piscina, de llevar-se tard\u2026 temps d&#8217;estar en fam\u00edlia i gaudir d&#8217;una rutina totalment diferent de l&#8217;habitual.<\/p>\n<p>Per\u00f2&hellip;  <a href=\"https:\/\/agora.xtec.cat\/escolatorrelameu\/general\/darrers-dies-descola\/\" title=\"Read Darrers dies d&#8217;escola\">Llegeix m\u00e9s\u00bb<\/a><\/p>\n","protected":false},"author":14,"featured_media":3222,"comment_status":"open","ping_status":"closed","sticky":false,"template":"","format":"standard","meta":{"_bbp_topic_count":0,"_bbp_reply_count":0,"_bbp_total_topic_count":0,"_bbp_total_reply_count":0,"_bbp_voice_count":0,"_bbp_anonymous_reply_count":0,"_bbp_topic_count_hidden":0,"_bbp_reply_count_hidden":0,"_bbp_forum_subforum_count":0,"footnotes":""},"categories":[1],"tags":[],"class_list":["post-3219","post","type-post","status-publish","format-standard","has-post-thumbnail","hentry","category-general"],"post_mailing_queue_ids":[],"_links":{"self":[{"href":"https:\/\/agora.xtec.cat\/escolatorrelameu\/wp-json\/wp\/v2\/posts\/3219","targetHints":{"allow":["GET"]}}],"collection":[{"href":"https:\/\/agora.xtec.cat\/escolatorrelameu\/wp-json\/wp\/v2\/posts"}],"about":[{"href":"https:\/\/agora.xtec.cat\/escolatorrelameu\/wp-json\/wp\/v2\/types\/post"}],"author":[{"embeddable":true,"href":"https:\/\/agora.xtec.cat\/escolatorrelameu\/wp-json\/wp\/v2\/users\/14"}],"replies":[{"embeddable":true,"href":"https:\/\/agora.xtec.cat\/escolatorrelameu\/wp-json\/wp\/v2\/comments?post=3219"}],"version-history":[{"count":6,"href":"https:\/\/agora.xtec.cat\/escolatorrelameu\/wp-json\/wp\/v2\/posts\/3219\/revisions"}],"predecessor-version":[{"id":3230,"href":"https:\/\/agora.xtec.cat\/escolatorrelameu\/wp-json\/wp\/v2\/posts\/3219\/revisions\/3230"}],"wp:featuredmedia":[{"embeddable":true,"href":"https:\/\/agora.xtec.cat\/escolatorrelameu\/wp-json\/wp\/v2\/media\/3222"}],"wp:attachment":[{"href":"https:\/\/agora.xtec.cat\/escolatorrelameu\/wp-json\/wp\/v2\/media?parent=3219"}],"wp:term":[{"taxonomy":"category","embeddable":true,"href":"https:\/\/agora.xtec.cat\/escolatorrelameu\/wp-json\/wp\/v2\/categories?post=3219"},{"taxonomy":"post_tag","embeddable":true,"href":"https:\/\/agora.xtec.cat\/escolatorrelameu\/wp-json\/wp\/v2\/tags?post=3219"}],"curies":[{"name":"wp","href":"https:\/\/api.w.org\/{rel}","templated":true}]}}