{"id":3212,"date":"2024-06-24T11:04:46","date_gmt":"2024-06-24T09:04:46","guid":{"rendered":"https:\/\/agora.xtec.cat\/escolatorrelameu\/?p=3212"},"modified":"2024-06-24T11:06:30","modified_gmt":"2024-06-24T09:06:30","slug":"presentacio-local-de-dir-adeu","status":"publish","type":"post","link":"https:\/\/agora.xtec.cat\/escolatorrelameu\/general\/presentacio-local-de-dir-adeu\/","title":{"rendered":"Presentaci\u00f3 local de Dir ad\u00e9u"},"content":{"rendered":"<p><span style=\"font-weight: 400;\">El dijous, 20 de juny, vam presentar el curt pensat, discutit, rodat, i muntat pels nens i nenes de Grans de l&#8217;escola amb l&#8217;acompanyament de la cineasta Nely Reguera i la mestra Maria Lores Rebull. El vam titular &#8220;Dir ad\u00e9u&#8221;. <\/span><\/p>\n<p><span style=\"font-weight: 400;\">Va ser un goig veure la sala tan plena.\u00a0<\/span><span style=\"font-weight: 400;\">\u00c9s tan dif\u00edcil posar paraules a tot el que hem viscut, apr\u00e8s, sentit&#8230; fins arribar al final,&#8230; S\u00f3n coses que s&#8217;han de viure i experimentar i, mentre s&#8217;est\u00e0 immers a la creaci\u00f3 \u00e9s impossible ser-ne conscient&#8230; \u00c9s amb la perspectiva del temps que es toca de peus a terra\u2026<\/span><\/p>\n<p>Per a alguns, <span style=\"font-weight: 400;\">Martina, Aura, Efren i Maria, <\/span>ha estat el curs de les primeres vegades, dels primers visionats, dels primers muntatges i rodatges, de les primeres celebracions&#8230; i ens han acompanyat persones ja expertes, com s\u00f3n: la Nely, la Luc\u00eda, l&#8217;Iris, el Dami\u00e1n, el Justo, el Xavi, el Jan, la Ramatoulaye, l&#8217;Aissata, el Sergi i la Irene.<\/p>\n<p><span style=\"font-weight: 400;\">I tot aix\u00f2 hi ha un equip que ho permet, que ho acompanya, que ho sost\u00e9,&#8230; S\u00f3n la Gemma, l&#8217;Elisabet, la Meri, l&#8217;Arantxa, el Toni, la Gemma i la Nat\u00e0lia.<\/span><\/p>\n<p><span style=\"font-weight: 400;\">I l&#8217;ajuntament i A Bao a Qu s\u00f3n els que ens faciliten els recursos, els que fiquen tot l&#8217;engranatge, els que fan que funcioni, els que animen i falquen&#8230; Gr\u00e0cies a cadascuna de les persones que han fet possible aquesta culminaci\u00f3!!!<\/span><\/p>\n<p><iframe loading=\"lazy\" title=\"&#039;Dir ad\u00e9u&#039;, Escola de Torrelameu. Cinema en curs 2023-2024\" src=\"https:\/\/player.vimeo.com\/video\/953077033?dnt=1&amp;app_id=122963\" width=\"500\" height=\"281\" frameborder=\"0\" allow=\"autoplay; fullscreen; picture-in-picture; clipboard-write\"><\/iframe><\/p>\n<p>Algunes dels aspectes que varem comentar a la presentaci\u00f3 van ser:<\/p>\n<ul>\n<li><span style=\"font-weight: 400;\">Aques<\/span>t curt \u00e9s important per a tots. Per a alguns representa la seva primera pel\u00b7l\u00edcula, i per a altres, possiblement, l\u2019\u00faltima\u2026 El curs passat alguns de nosaltres vam fer documental i ten\u00edem moltes ganes de fer ficci\u00f3.<\/li>\n<li>Hem apr\u00e8s<span style=\"font-family: inherit; font-size: 1em;\"> a veure les<\/span><span style=\"font-family: inherit; font-size: 1em;\"> pel\u00b7l\u00edcules<\/span><span style=\"font-family: inherit; font-size: 1em;\"> d\u2019una manera diferent.<\/span><\/li>\n<li>Tamb\u00e9 que podem aportar <span style=\"font-family: inherit; font-size: 1em;\">moltes idees<\/span><span style=\"font-family: inherit; font-size: 1em;\">, a estar amb silenci, tenir <\/span><span style=\"font-family: inherit; font-size: 1em;\">paci\u00e8ncia<\/span><span style=\"font-family: inherit; font-size: 1em;\">, que no tot surt a la primera, per\u00f2 amb esfor\u00e7 aconseguim l\u2019objectiu, a m\u00e9s treballem amb <\/span><span style=\"font-family: inherit; font-size: 1em;\">equip<\/span><span style=\"font-family: inherit; font-size: 1em;\">.<\/span><\/li>\n<li>Aquest projecte ens ha donat l\u2019oportunitat d\u2019utilitzar la c\u00e0mera professional, el so, tripode, micro, claqueta, script\u2026<\/li>\n<li>Quan hav\u00edem de parlar de la situaci\u00f3 emocional, vam estar <span style=\"font-family: inherit; font-size: 1em;\">debatint <\/span><span style=\"font-family: inherit; font-size: 1em;\">sobre tres situacions. Vam valorar aquesta perqu\u00e8 hi ha persones que ho hem viscut i que ens toca de prop. <\/span><span style=\"font-family: inherit; font-size: 1em;\">Poder con\u00e8ixer la situaci\u00f3 ens ajuda a representar-ho. <\/span><span style=\"font-family: inherit; font-size: 1em;\">De fet, estem en una<\/span><span style=\"font-family: inherit; font-size: 1em;\"> escola petita<\/span><span style=\"font-family: inherit; font-size: 1em;\"> i el grup es forma entre nens i nenes de cinqu\u00e8 i d\u2019altres de sis\u00e8. Passem tot el curs junts i quan arriba el juny ens hem d\u2019acomiadar dels que se\u2019n van cap a l\u2019institut. <\/span><span style=\"font-family: inherit; font-size: 1em;\">La relaci\u00f3 canvia.<\/span><span style=\"font-family: inherit; font-size: 1em;\"> Clar que els veiem pel poble, per\u00f2 la relaci\u00f3 ja no \u00e9s la mateixa, \u00e9s m\u00e9s distant i m\u00e9s freda.<\/span><\/li>\n<li>El nostre personatge t\u00e9 <span style=\"font-family: inherit; font-size: 1em;\">molt de nosaltres<\/span><span style=\"font-family: inherit; font-size: 1em;\">, perqu\u00e8 surt de nosaltres i l\u2019hem creat segons la nostra realitat. Per construir el personatge ens vam fer <\/span><span style=\"font-family: inherit; font-size: 1em;\">preguntes <\/span><span style=\"font-family: inherit; font-size: 1em;\">com: quants anys tenia? les aficions? amb qui vivia i quines relacions tenia? els llocs on li agradava anar? el car\u00e0cter? qu\u00e8 el feia sentir b\u00e9?&#8230; Les <\/span><span style=\"font-family: inherit; font-size: 1em;\">respostes <\/span><span style=\"font-family: inherit; font-size: 1em;\">van ser semblants al que nosaltres som. <\/span><\/li>\n<li>Per nosaltres, <span style=\"font-family: inherit; font-size: 1em;\">els padrins s\u00f3n importants<\/span><span style=\"font-family: inherit; font-size: 1em;\">. Alguns tenim pares que treballen molt i s\u00f3n els padrins que ens cuiden, juguen, aconsellen, parlen\u2026 I alguns ens fan repetir de menjar, sense ni tan sols que tinguem gana!!! Per aix\u00f2 <\/span><span style=\"font-family: inherit; font-size: 1em;\">vam pensar<\/span><span style=\"font-family: inherit; font-size: 1em;\"> que hi havia d\u2019haver un padr\u00ed que tingu\u00e9s m\u00e9s confian\u00e7a amb el personatge, que fos una escapatoria de tot, que don\u00e9s consells\u2026 I <\/span><span style=\"font-family: inherit; font-size: 1em;\">el Ramon<\/span><span style=\"font-family: inherit; font-size: 1em;\"> ho ha fet genial!!! Ens ha agradat molt rodar amb ell! Gr\u00e0cies.<\/span><\/li>\n<li>Vol\u00edem que el personatge es vegu\u00e9s b\u00e9, llavors vam decidir que aniria amb una <span style=\"font-family: inherit; font-size: 1em;\">armilla roja<\/span><span style=\"font-family: inherit; font-size: 1em;\">. Aix\u00ed destacaria amb l\u2019entorn.<\/span><\/li>\n<li>Els moments m\u00e9s intensos i emocionants va ser la gravaci\u00f3 dels travellings. Va ser un repte fer-los, s\u00f3n els m\u00e9s dif\u00edcils, s\u00f3n bonics, no n\u2019haviem fet mai, \u00e9s una estona divertida i dins la pel.l\u00edcula \u00e9s un moment important. El que costava for\u00e7a era sincronitzar el moviment del cotxe amb el del personatge. Tamb\u00e9 va ser un moment que hav\u00edem de veure el personatge rient i content. El fet de que els travellings fossin al final del film \u00e9s una tria especialment pensada per generar m\u00e9s emoci\u00f3, ganes de continuar\u2026<\/li>\n<li>Va ser molt intens gravar el futbol, molts es pensaven que estaven jugant a futbol i hav\u00edem d\u2019estar pendent de la c\u00e0mera i la situaci\u00f3. Ens vam engrescar jugant i vam perdre la noci\u00f3 del rodatge. Hi havia nens i nenes m\u00e9s petits i ens va costar posar ordre.<\/li>\n<li>Durant el muntatge hem descobert que es canvien coses. En cinema es diu que \u00e9s com tornar a escriure la pel.licula de nou, reescriure-la, nosaltres tenim una idea i despr\u00e9s al muntatge valorem si queda b\u00e9, potser podem generar m\u00e9s emoci\u00f3, te\u2019n dones compte que \u00e9s massa llarg, o es reescriu la pel.licula. Es treuen plans, es canvien, es fiquen abans o despr\u00e9s del que havies previst\u2026 Es prenen moltes decisions, som precisos, podem triar\u2026<\/li>\n<li>Els moments m\u00e9s especials s\u00f3n quan vam fer el travelling i quan d\u00e8iem que era bona!! hi havia una celebraci\u00f3. Celebr\u00e0vem per donar per acabada l\u2019escena i perqu\u00e8 ho hav\u00edem aconseguit\u2026 Hi havia moments de molt cansament i de molta calor\u2026 Quan vam acabar els quatre dies concentrats de rodatge ho vam celebrar molt\u00edssim<span style=\"font-weight: 400;\">. Est\u00e0vem molt contents.<\/span><\/li>\n<\/ul>\n<p><img loading=\"lazy\" decoding=\"async\" class=\"aligncenter size-full wp-image-3216\" src=\"https:\/\/agora.xtec.cat\/escolatorrelameu\/wp-content\/uploads\/usu2232\/2024\/06\/IMG_20240621_073507_982-1.jpg\" alt=\"\" width=\"754\" height=\"392\" srcset=\"https:\/\/agora.xtec.cat\/escolatorrelameu\/wp-content\/uploads\/usu2232\/2024\/06\/IMG_20240621_073507_982-1.jpg 754w, https:\/\/agora.xtec.cat\/escolatorrelameu\/wp-content\/uploads\/usu2232\/2024\/06\/IMG_20240621_073507_982-1-300x156.jpg 300w\" sizes=\"auto, (max-width: 754px) 100vw, 754px\" \/><\/p>\n","protected":false},"excerpt":{"rendered":"<p>El dijous, 20 de juny, vam presentar el curt pensat, discutit, rodat, i muntat pels nens i nenes de Grans de l&#8217;escola amb l&#8217;acompanyament de la cineasta Nely Reguera i la mestra Maria Lores Rebull. El vam titular &#8220;Dir ad\u00e9u&#8221;.<br \/>\nVa ser un goig veure&hellip;  <a href=\"https:\/\/agora.xtec.cat\/escolatorrelameu\/general\/presentacio-local-de-dir-adeu\/\" title=\"Read Presentaci\u00f3 local de Dir ad\u00e9u\">Llegeix m\u00e9s\u00bb<\/a><\/p>\n","protected":false},"author":14,"featured_media":3217,"comment_status":"open","ping_status":"closed","sticky":false,"template":"","format":"standard","meta":{"_bbp_topic_count":0,"_bbp_reply_count":0,"_bbp_total_topic_count":0,"_bbp_total_reply_count":0,"_bbp_voice_count":0,"_bbp_anonymous_reply_count":0,"_bbp_topic_count_hidden":0,"_bbp_reply_count_hidden":0,"_bbp_forum_subforum_count":0,"footnotes":""},"categories":[1],"tags":[],"class_list":["post-3212","post","type-post","status-publish","format-standard","has-post-thumbnail","hentry","category-general"],"post_mailing_queue_ids":[],"_links":{"self":[{"href":"https:\/\/agora.xtec.cat\/escolatorrelameu\/wp-json\/wp\/v2\/posts\/3212","targetHints":{"allow":["GET"]}}],"collection":[{"href":"https:\/\/agora.xtec.cat\/escolatorrelameu\/wp-json\/wp\/v2\/posts"}],"about":[{"href":"https:\/\/agora.xtec.cat\/escolatorrelameu\/wp-json\/wp\/v2\/types\/post"}],"author":[{"embeddable":true,"href":"https:\/\/agora.xtec.cat\/escolatorrelameu\/wp-json\/wp\/v2\/users\/14"}],"replies":[{"embeddable":true,"href":"https:\/\/agora.xtec.cat\/escolatorrelameu\/wp-json\/wp\/v2\/comments?post=3212"}],"version-history":[{"count":4,"href":"https:\/\/agora.xtec.cat\/escolatorrelameu\/wp-json\/wp\/v2\/posts\/3212\/revisions"}],"predecessor-version":[{"id":3218,"href":"https:\/\/agora.xtec.cat\/escolatorrelameu\/wp-json\/wp\/v2\/posts\/3212\/revisions\/3218"}],"wp:featuredmedia":[{"embeddable":true,"href":"https:\/\/agora.xtec.cat\/escolatorrelameu\/wp-json\/wp\/v2\/media\/3217"}],"wp:attachment":[{"href":"https:\/\/agora.xtec.cat\/escolatorrelameu\/wp-json\/wp\/v2\/media?parent=3212"}],"wp:term":[{"taxonomy":"category","embeddable":true,"href":"https:\/\/agora.xtec.cat\/escolatorrelameu\/wp-json\/wp\/v2\/categories?post=3212"},{"taxonomy":"post_tag","embeddable":true,"href":"https:\/\/agora.xtec.cat\/escolatorrelameu\/wp-json\/wp\/v2\/tags?post=3212"}],"curies":[{"name":"wp","href":"https:\/\/api.w.org\/{rel}","templated":true}]}}