{"id":3198,"date":"2024-06-19T22:08:39","date_gmt":"2024-06-19T20:08:39","guid":{"rendered":"https:\/\/agora.xtec.cat\/escolatorrelameu\/?p=3198"},"modified":"2024-06-20T10:22:33","modified_gmt":"2024-06-20T08:22:33","slug":"astronautes-a-lespai","status":"publish","type":"post","link":"https:\/\/agora.xtec.cat\/escolatorrelameu\/general\/astronautes-a-lespai\/","title":{"rendered":"Astronautes a l&#8217;espai"},"content":{"rendered":"<p style=\"text-align: justify;\">Avui hem fet un joc amb tres grups internivells amb Mitjans i Grans. Han aparegut dues astronautes, venien a preguntar si les pod\u00edem acompanyar a fer una missi\u00f3 pel sistema solar. Primer, per\u00f2, s&#8217;havien de passar unes proves: informativa, representativa i interpretativa&#8230; I sabeu qu\u00e8? Doncs que tots podem anar a l&#8217;espai&#8230; Tenim els carnets d&#8217;astronautes de primera&#8230; Ja us explicarem qu\u00e8 tal!<\/p>\n<p><img loading=\"lazy\" decoding=\"async\" class=\"aligncenter size-full wp-image-3203\" src=\"https:\/\/agora.xtec.cat\/escolatorrelameu\/wp-content\/uploads\/usu2232\/2024\/06\/Brown-White-Back-To-School-Photo-Collage_20240619_215431_0000.png\" alt=\"\" width=\"1000\" height=\"800\" srcset=\"https:\/\/agora.xtec.cat\/escolatorrelameu\/wp-content\/uploads\/usu2232\/2024\/06\/Brown-White-Back-To-School-Photo-Collage_20240619_215431_0000.png 1000w, https:\/\/agora.xtec.cat\/escolatorrelameu\/wp-content\/uploads\/usu2232\/2024\/06\/Brown-White-Back-To-School-Photo-Collage_20240619_215431_0000-300x240.png 300w, https:\/\/agora.xtec.cat\/escolatorrelameu\/wp-content\/uploads\/usu2232\/2024\/06\/Brown-White-Back-To-School-Photo-Collage_20240619_215431_0000-768x614.png 768w\" sizes=\"auto, (max-width: 1000px) 100vw, 1000px\" \/><\/p>\n","protected":false},"excerpt":{"rendered":"<p>Avui hem fet un joc amb tres grups internivells amb Mitjans i Grans. Han aparegut dues astronautes, venien a preguntar si les pod\u00edem acompanyar a fer una missi\u00f3 pel sistema solar. Primer, per\u00f2, s&#8217;havien de passar unes proves: informativa, representativa i interpretativa&#8230; I sabeu qu\u00e8?&hellip;  <a href=\"https:\/\/agora.xtec.cat\/escolatorrelameu\/general\/astronautes-a-lespai\/\" title=\"Read Astronautes a l&#8217;espai\">Llegeix m\u00e9s\u00bb<\/a><\/p>\n","protected":false},"author":14,"featured_media":3196,"comment_status":"open","ping_status":"closed","sticky":false,"template":"","format":"standard","meta":{"_bbp_topic_count":0,"_bbp_reply_count":0,"_bbp_total_topic_count":0,"_bbp_total_reply_count":0,"_bbp_voice_count":0,"_bbp_anonymous_reply_count":0,"_bbp_topic_count_hidden":0,"_bbp_reply_count_hidden":0,"_bbp_forum_subforum_count":0,"footnotes":""},"categories":[1],"tags":[],"class_list":["post-3198","post","type-post","status-publish","format-standard","has-post-thumbnail","hentry","category-general"],"post_mailing_queue_ids":[],"_links":{"self":[{"href":"https:\/\/agora.xtec.cat\/escolatorrelameu\/wp-json\/wp\/v2\/posts\/3198","targetHints":{"allow":["GET"]}}],"collection":[{"href":"https:\/\/agora.xtec.cat\/escolatorrelameu\/wp-json\/wp\/v2\/posts"}],"about":[{"href":"https:\/\/agora.xtec.cat\/escolatorrelameu\/wp-json\/wp\/v2\/types\/post"}],"author":[{"embeddable":true,"href":"https:\/\/agora.xtec.cat\/escolatorrelameu\/wp-json\/wp\/v2\/users\/14"}],"replies":[{"embeddable":true,"href":"https:\/\/agora.xtec.cat\/escolatorrelameu\/wp-json\/wp\/v2\/comments?post=3198"}],"version-history":[{"count":4,"href":"https:\/\/agora.xtec.cat\/escolatorrelameu\/wp-json\/wp\/v2\/posts\/3198\/revisions"}],"predecessor-version":[{"id":3207,"href":"https:\/\/agora.xtec.cat\/escolatorrelameu\/wp-json\/wp\/v2\/posts\/3198\/revisions\/3207"}],"wp:featuredmedia":[{"embeddable":true,"href":"https:\/\/agora.xtec.cat\/escolatorrelameu\/wp-json\/wp\/v2\/media\/3196"}],"wp:attachment":[{"href":"https:\/\/agora.xtec.cat\/escolatorrelameu\/wp-json\/wp\/v2\/media?parent=3198"}],"wp:term":[{"taxonomy":"category","embeddable":true,"href":"https:\/\/agora.xtec.cat\/escolatorrelameu\/wp-json\/wp\/v2\/categories?post=3198"},{"taxonomy":"post_tag","embeddable":true,"href":"https:\/\/agora.xtec.cat\/escolatorrelameu\/wp-json\/wp\/v2\/tags?post=3198"}],"curies":[{"name":"wp","href":"https:\/\/api.w.org\/{rel}","templated":true}]}}