{"id":3176,"date":"2024-06-14T08:12:01","date_gmt":"2024-06-14T06:12:01","guid":{"rendered":"https:\/\/agora.xtec.cat\/escolatorrelameu\/?p=3176"},"modified":"2024-06-14T08:12:01","modified_gmt":"2024-06-14T06:12:01","slug":"mercat-al-marrameu","status":"publish","type":"post","link":"https:\/\/agora.xtec.cat\/escolatorrelameu\/general\/mercat-al-marrameu\/","title":{"rendered":"Mercat al Marrameu"},"content":{"rendered":"<p style=\"text-align: justify;\">Dins del curr\u00edculum de prim\u00e0ria hi ha la compet\u00e8ncia emprenedora que consisteix en recon\u00e8ixer necessitats i reptes i elaborar idees originals i creatives. A la vegada, prendre consci\u00e8ncia de les conseq\u00fc\u00e8ncies i efectes que poden provocar aquestes idees en l&#8217;entorn on s&#8217;ubica.<\/p>\n<p style=\"text-align: justify;\">Aix\u00ed, des de l&#8217;equip docent, es crea la necessitat d&#8217;una situaci\u00f3 d&#8217;aprenentatge basada en una parada al mercat. Tot el proc\u00e9s es dut a terme per la canalla amb l&#8217;acompanyament dels adults i dels padrins i padrines. Hi ha un dia que s&#8217;elaboren els productes. I despr\u00e9s, hi ha una pila de decisions per prendre: presentaci\u00f3 i envasat dels productes, decidir els preus, comptar les despeses, preparar l&#8217;etiquetatge dels preus, preparar el canvi, fer pr\u00e0ctiques de compra i venda, la difusi\u00f3, els torns de venda&#8230; El dia del mercat: preparar la parada, torns, compra &#8211; venda, retorn del canvi, tracte amb els compradors, recollir la parada&#8230; I el dia seg\u00fcent: comptar els guanys i invertir-los amb all\u00f2 acordat.<\/p>\n<p style=\"text-align: justify;\">El proc\u00e9s est\u00e0 pensat per generar molt aprenentatge i aqu\u00ed rau la import\u00e0ncia de les propostes que es fan i de la significativitat de les accions i situacions d&#8217;aprenentatge.<\/p>\n<p style=\"text-align: justify;\"><img loading=\"lazy\" decoding=\"async\" class=\"aligncenter size-full wp-image-3182\" src=\"https:\/\/agora.xtec.cat\/escolatorrelameu\/wp-content\/uploads\/usu2232\/2024\/06\/IMG_20240608_195615147_HDR.jpg\" alt=\"\" width=\"1000\" height=\"750\" srcset=\"https:\/\/agora.xtec.cat\/escolatorrelameu\/wp-content\/uploads\/usu2232\/2024\/06\/IMG_20240608_195615147_HDR.jpg 1000w, https:\/\/agora.xtec.cat\/escolatorrelameu\/wp-content\/uploads\/usu2232\/2024\/06\/IMG_20240608_195615147_HDR-300x225.jpg 300w, https:\/\/agora.xtec.cat\/escolatorrelameu\/wp-content\/uploads\/usu2232\/2024\/06\/IMG_20240608_195615147_HDR-768x576.jpg 768w, https:\/\/agora.xtec.cat\/escolatorrelameu\/wp-content\/uploads\/usu2232\/2024\/06\/IMG_20240608_195615147_HDR-200x150.jpg 200w\" sizes=\"auto, (max-width: 1000px) 100vw, 1000px\" \/><\/p>\n<p style=\"text-align: justify;\">Volem agrair molt especialment les mans que ens han ajudat a fer els productes, s\u00f3n mans s\u00e0vies de la gent gran del poble.<\/p>\n<p style=\"text-align: justify;\">Volem agrair als Mitjans que han estat molt implicats amb la preparaci\u00f3 i el recompte dels diners&#8230;<\/p>\n<p style=\"text-align: justify;\">Per \u00faltim, volem agrair la participaci\u00f3 dels venedors i venedores i, a les seves fam\u00edlies per l&#8217;acompanyament.<\/p>\n","protected":false},"excerpt":{"rendered":"<p>Dins del curr\u00edculum de prim\u00e0ria hi ha la compet\u00e8ncia emprenedora que consisteix en recon\u00e8ixer necessitats i reptes i elaborar idees originals i creatives. A la vegada, prendre consci\u00e8ncia de les conseq\u00fc\u00e8ncies i efectes que poden provocar aquestes idees en l&#8217;entorn on s&#8217;ubica.<br \/>\nAix\u00ed, des de l&#8217;equip&hellip;  <a href=\"https:\/\/agora.xtec.cat\/escolatorrelameu\/general\/mercat-al-marrameu\/\" title=\"Read Mercat al Marrameu\">Llegeix m\u00e9s\u00bb<\/a><\/p>\n","protected":false},"author":14,"featured_media":3182,"comment_status":"open","ping_status":"closed","sticky":false,"template":"","format":"standard","meta":{"_bbp_topic_count":0,"_bbp_reply_count":0,"_bbp_total_topic_count":0,"_bbp_total_reply_count":0,"_bbp_voice_count":0,"_bbp_anonymous_reply_count":0,"_bbp_topic_count_hidden":0,"_bbp_reply_count_hidden":0,"_bbp_forum_subforum_count":0,"footnotes":""},"categories":[1],"tags":[],"class_list":["post-3176","post","type-post","status-publish","format-standard","has-post-thumbnail","hentry","category-general"],"post_mailing_queue_ids":[],"_links":{"self":[{"href":"https:\/\/agora.xtec.cat\/escolatorrelameu\/wp-json\/wp\/v2\/posts\/3176","targetHints":{"allow":["GET"]}}],"collection":[{"href":"https:\/\/agora.xtec.cat\/escolatorrelameu\/wp-json\/wp\/v2\/posts"}],"about":[{"href":"https:\/\/agora.xtec.cat\/escolatorrelameu\/wp-json\/wp\/v2\/types\/post"}],"author":[{"embeddable":true,"href":"https:\/\/agora.xtec.cat\/escolatorrelameu\/wp-json\/wp\/v2\/users\/14"}],"replies":[{"embeddable":true,"href":"https:\/\/agora.xtec.cat\/escolatorrelameu\/wp-json\/wp\/v2\/comments?post=3176"}],"version-history":[{"count":5,"href":"https:\/\/agora.xtec.cat\/escolatorrelameu\/wp-json\/wp\/v2\/posts\/3176\/revisions"}],"predecessor-version":[{"id":3192,"href":"https:\/\/agora.xtec.cat\/escolatorrelameu\/wp-json\/wp\/v2\/posts\/3176\/revisions\/3192"}],"wp:featuredmedia":[{"embeddable":true,"href":"https:\/\/agora.xtec.cat\/escolatorrelameu\/wp-json\/wp\/v2\/media\/3182"}],"wp:attachment":[{"href":"https:\/\/agora.xtec.cat\/escolatorrelameu\/wp-json\/wp\/v2\/media?parent=3176"}],"wp:term":[{"taxonomy":"category","embeddable":true,"href":"https:\/\/agora.xtec.cat\/escolatorrelameu\/wp-json\/wp\/v2\/categories?post=3176"},{"taxonomy":"post_tag","embeddable":true,"href":"https:\/\/agora.xtec.cat\/escolatorrelameu\/wp-json\/wp\/v2\/tags?post=3176"}],"curies":[{"name":"wp","href":"https:\/\/api.w.org\/{rel}","templated":true}]}}