{"id":3167,"date":"2024-06-13T09:43:28","date_gmt":"2024-06-13T07:43:28","guid":{"rendered":"https:\/\/agora.xtec.cat\/escolatorrelameu\/?p=3167"},"modified":"2024-06-14T19:52:06","modified_gmt":"2024-06-14T17:52:06","slug":"dia-de-comiat","status":"publish","type":"post","link":"https:\/\/agora.xtec.cat\/escolatorrelameu\/general\/dia-de-comiat\/","title":{"rendered":"Dia de comiat"},"content":{"rendered":"<p><em>(Aquest article ha estat escrit pel grup de Grans).<\/em><\/p>\n<p>El dia 4 de juny vam anar a\u00a0<span class=\"hiddenSpellError\">Alqu\u00e8zar<\/span>. Aquesta sortida \u00e9s per acomiadar als de 6\u00e8. Hi anem junts amb els de 5\u00e8 perqu\u00e8 hem conviscut amb ells durant alguns anys. Tamb\u00e9 ens acompanyen les tutores que hem tingut durant\u00a0aquests\u00a0anys: aquesta vegada van venir la Gemma, la Irene i la Maria; per\u00f2 faltava la S\u00edlvia i la Laura perqu\u00e8 no podien venir. Ens\u00a0hauria\u00a0agradat que haguessin vingut.<br \/>\nEl minib\u00fas ens va venir a buscar al mat\u00ed i vam anar cap a <span class=\"hiddenSpellError\">Alqu\u00e8zar<\/span>. Va ser\u00a0<span class=\"hiddenGreenError\">xulo<\/span>\u00a0anar amb minib\u00fas perqu\u00e8 est\u00e0vem m\u00e9s junts i ens sent\u00edem millor. Vam jugar a un joc de paraules. Va ser molt divertit.<br \/>\nVam passar per les passarel\u00b7les i pels camins, i va ser <span class=\"hiddenGreenError\" style=\"padding-bottom: 2px; background-image: url('..\/..\/..\/..\/..\/images\/squiggle_green.png'); background-repeat: repeat-x; background-position: left bottom; cursor: default; color: #000000; font-family: 'Open Sans', Helvetica, Arial, sans-serif; font-size: 16px; font-style: normal; font-variant-ligatures: normal; font-variant-caps: normal; font-weight: 300; letter-spacing: normal; orphans: 2; text-align: start; text-indent: 0px; text-transform: none; widows: 2; word-spacing: 0px; -webkit-text-stroke-width: 0px; white-space: normal; text-decoration-thickness: initial; text-decoration-style: initial; text-decoration-color: initial;\">guai<\/span>!!!!<br \/>\nQuan vam anar a banyar-nos, ens vam tirar al niu. L&#8217;aigua estava freda. Hi havia com una cascada, l&#8217;aigua queia amb molta for\u00e7a.<br \/>\nEl dinar va ser per compartir, o sigui, cadasc\u00fa portava un plat i ho an\u00e0vem passant. Va ser molt bo i molt divertit!!<\/p>\n<p>Pensem:<br \/>\n<em>Aura: impressionant!!!<\/em><br \/>\n<em><span class=\"hiddenSpellError\">Lucia<\/span>: em va agradar molt perqu\u00e8 \u00e9s el meu \u00faltim any!! Ho\u00a0he &#8220;<span class=\"hiddenGreenError\">disfrutat<\/span>&#8220;!!!!<\/em><br \/>\n<em><span class=\"hiddenSpellError\">Ramatoulaye<\/span>: m&#8217;ho he passat molt b\u00e9,\u00a0sobretot a l&#8217;aigua.<\/em><br \/>\n<em>Martina: va ser molt divertit!!!<\/em><br \/>\n<em><span class=\"hiddenSpellError\">Aissata<\/span>: em va agradar molt, m&#8217;agradaria tornar!!<\/em><br \/>\n<em>Iris: va ser emocionant, ja que era l&#8217;\u00faltima sortida a l&#8217;escola. No ens vam cansar gaire, perqu\u00e8 constantment hi h<span class=\"hiddenGrammarError\" style=\"padding-bottom: 2px; background-image: url('..\/..\/..\/..\/..\/images\/squiggle.png'); background-repeat: repeat-x; background-position: left bottom; cursor: default; color: #000000; font-family: 'Open Sans', Helvetica, Arial, sans-serif; font-size: 16px; font-variant-ligatures: normal; font-variant-caps: normal; font-weight: 300; letter-spacing: normal; orphans: 2; text-align: start; text-indent: 0px; text-transform: none; widows: 2; word-spacing: 0px; -webkit-text-stroke-width: 0px; white-space: normal; text-decoration-thickness: initial; text-decoration-style: initial; text-decoration-color: initial;\">avia<\/span>\u00a0llacs d&#8217;aigua cristal\u00b7lina i ens\u00a0pod\u00edem banyar.<\/em><br \/>\n<em><span class=\"hiddenSpellError\">Damian<\/span>:\u00a0molt\u00a0<span class=\"hiddenGreenError\">xula<\/span>, no\u00a0tan\u00a0cansada<\/em><br \/>\n<em>Sergi: va ser molt <span class=\"hiddenGreenError\">xula<\/span>, i bastant divertida, un grupet de nens vam fer una cascada i ens va\u00a0agradar\u00a0molt.<\/em><br \/>\n<em>Justo: tot molt b\u00e9, molt cansat.<\/em><br \/>\n<em><span class=\"hiddenSpellError\">Efren<\/span>: va ser molt divertit, la recomano.<\/em><br \/>\n<em>Jan: va est\u00e0 molt\u00a0<span class=\"hiddenGreenError\">xula<\/span>!!<\/em><br \/>\n<em>Xavi: va estar molt <span class=\"hiddenGreenError\" style=\"padding-bottom: 2px; background-image: url('..\/..\/..\/..\/..\/images\/squiggle_green.png'); background-repeat: repeat-x; background-position: left bottom; cursor: default; color: #000000; font-family: 'Open Sans', Helvetica, Arial, sans-serif; font-size: 16px; font-variant-ligatures: normal; font-variant-caps: normal; font-weight: 300; letter-spacing: normal; orphans: 2; text-align: start; text-indent: 0px; text-transform: none; widows: 2; word-spacing: 0px; -webkit-text-stroke-width: 0px; white-space: normal; text-decoration-thickness: initial; text-decoration-style: initial; text-decoration-color: initial;\">guai<\/span>\u00a0la sortida, perqu\u00e8 ens vam poder banyar. Hi ha un paisatge molt bonic.<\/em><\/p>\n<p><img loading=\"lazy\" decoding=\"async\" class=\"aligncenter size-full wp-image-3178\" src=\"https:\/\/agora.xtec.cat\/escolatorrelameu\/wp-content\/uploads\/usu2232\/2024\/06\/Sortida-comiat-collage.jpg\" alt=\"\" width=\"1409\" height=\"2000\" srcset=\"https:\/\/agora.xtec.cat\/escolatorrelameu\/wp-content\/uploads\/usu2232\/2024\/06\/Sortida-comiat-collage.jpg 1409w, https:\/\/agora.xtec.cat\/escolatorrelameu\/wp-content\/uploads\/usu2232\/2024\/06\/Sortida-comiat-collage-211x300.jpg 211w, https:\/\/agora.xtec.cat\/escolatorrelameu\/wp-content\/uploads\/usu2232\/2024\/06\/Sortida-comiat-collage-721x1024.jpg 721w, https:\/\/agora.xtec.cat\/escolatorrelameu\/wp-content\/uploads\/usu2232\/2024\/06\/Sortida-comiat-collage-768x1090.jpg 768w, https:\/\/agora.xtec.cat\/escolatorrelameu\/wp-content\/uploads\/usu2232\/2024\/06\/Sortida-comiat-collage-1082x1536.jpg 1082w\" sizes=\"auto, (max-width: 1409px) 100vw, 1409px\" \/><\/p>\n","protected":false},"excerpt":{"rendered":"<p>(Aquest article ha estat escrit pel grup de Grans).<br \/>\nEl dia 4 de juny vam anar a\u00a0Alqu\u00e8zar. Aquesta sortida \u00e9s per acomiadar als de 6\u00e8. Hi anem junts amb els de 5\u00e8 perqu\u00e8 hem conviscut amb ells durant alguns anys. Tamb\u00e9 ens acompanyen les tutores que&hellip;  <a href=\"https:\/\/agora.xtec.cat\/escolatorrelameu\/general\/dia-de-comiat\/\" title=\"Read Dia de comiat\">Llegeix m\u00e9s\u00bb<\/a><\/p>\n","protected":false},"author":14,"featured_media":3179,"comment_status":"open","ping_status":"closed","sticky":false,"template":"","format":"standard","meta":{"_bbp_topic_count":0,"_bbp_reply_count":0,"_bbp_total_topic_count":0,"_bbp_total_reply_count":0,"_bbp_voice_count":0,"_bbp_anonymous_reply_count":0,"_bbp_topic_count_hidden":0,"_bbp_reply_count_hidden":0,"_bbp_forum_subforum_count":0,"footnotes":""},"categories":[1],"tags":[],"class_list":["post-3167","post","type-post","status-publish","format-standard","has-post-thumbnail","hentry","category-general"],"post_mailing_queue_ids":[],"_links":{"self":[{"href":"https:\/\/agora.xtec.cat\/escolatorrelameu\/wp-json\/wp\/v2\/posts\/3167","targetHints":{"allow":["GET"]}}],"collection":[{"href":"https:\/\/agora.xtec.cat\/escolatorrelameu\/wp-json\/wp\/v2\/posts"}],"about":[{"href":"https:\/\/agora.xtec.cat\/escolatorrelameu\/wp-json\/wp\/v2\/types\/post"}],"author":[{"embeddable":true,"href":"https:\/\/agora.xtec.cat\/escolatorrelameu\/wp-json\/wp\/v2\/users\/14"}],"replies":[{"embeddable":true,"href":"https:\/\/agora.xtec.cat\/escolatorrelameu\/wp-json\/wp\/v2\/comments?post=3167"}],"version-history":[{"count":6,"href":"https:\/\/agora.xtec.cat\/escolatorrelameu\/wp-json\/wp\/v2\/posts\/3167\/revisions"}],"predecessor-version":[{"id":3193,"href":"https:\/\/agora.xtec.cat\/escolatorrelameu\/wp-json\/wp\/v2\/posts\/3167\/revisions\/3193"}],"wp:featuredmedia":[{"embeddable":true,"href":"https:\/\/agora.xtec.cat\/escolatorrelameu\/wp-json\/wp\/v2\/media\/3179"}],"wp:attachment":[{"href":"https:\/\/agora.xtec.cat\/escolatorrelameu\/wp-json\/wp\/v2\/media?parent=3167"}],"wp:term":[{"taxonomy":"category","embeddable":true,"href":"https:\/\/agora.xtec.cat\/escolatorrelameu\/wp-json\/wp\/v2\/categories?post=3167"},{"taxonomy":"post_tag","embeddable":true,"href":"https:\/\/agora.xtec.cat\/escolatorrelameu\/wp-json\/wp\/v2\/tags?post=3167"}],"curies":[{"name":"wp","href":"https:\/\/api.w.org\/{rel}","templated":true}]}}