{"id":3143,"date":"2024-06-02T09:25:03","date_gmt":"2024-06-02T07:25:03","guid":{"rendered":"https:\/\/agora.xtec.cat\/escolatorrelameu\/?p=3143"},"modified":"2024-06-02T09:25:03","modified_gmt":"2024-06-02T07:25:03","slug":"la-platja-2","status":"publish","type":"post","link":"https:\/\/agora.xtec.cat\/escolatorrelameu\/general\/la-platja-2\/","title":{"rendered":"La platja"},"content":{"rendered":"<p>Divendres vam anar a la platja&#8230; Feia fred, per\u00f2 l&#8217;ambient es va suavitzar a mesura que va avan\u00e7ar el dia.<img loading=\"lazy\" decoding=\"async\" class=\"aligncenter size-full wp-image-3146\" src=\"https:\/\/agora.xtec.cat\/escolatorrelameu\/wp-content\/uploads\/usu2232\/2024\/06\/IMG_7166.jpg\" alt=\"\" width=\"1930\" height=\"1241\" srcset=\"https:\/\/agora.xtec.cat\/escolatorrelameu\/wp-content\/uploads\/usu2232\/2024\/06\/IMG_7166.jpg 1930w, https:\/\/agora.xtec.cat\/escolatorrelameu\/wp-content\/uploads\/usu2232\/2024\/06\/IMG_7166-300x193.jpg 300w, https:\/\/agora.xtec.cat\/escolatorrelameu\/wp-content\/uploads\/usu2232\/2024\/06\/IMG_7166-1024x658.jpg 1024w, https:\/\/agora.xtec.cat\/escolatorrelameu\/wp-content\/uploads\/usu2232\/2024\/06\/IMG_7166-768x494.jpg 768w, https:\/\/agora.xtec.cat\/escolatorrelameu\/wp-content\/uploads\/usu2232\/2024\/06\/IMG_7166-1536x988.jpg 1536w\" sizes=\"auto, (max-width: 1930px) 100vw, 1930px\" \/><\/p>\n<p>\u00c9s una sortida molt especial perqu\u00e8 ens aporta companyia i comiat&#8230; Hi anem tota l&#8217;escola junts Quan s&#8217;atansa aquest dia es comen\u00e7a a respirar l&#8217;estiu i el final de curs.<\/p>\n<p><img loading=\"lazy\" decoding=\"async\" class=\"aligncenter size-full wp-image-3164\" src=\"https:\/\/agora.xtec.cat\/escolatorrelameu\/wp-content\/uploads\/usu2232\/2024\/06\/4.png\" alt=\"\" width=\"1080\" height=\"1080\" srcset=\"https:\/\/agora.xtec.cat\/escolatorrelameu\/wp-content\/uploads\/usu2232\/2024\/06\/4.png 1080w, https:\/\/agora.xtec.cat\/escolatorrelameu\/wp-content\/uploads\/usu2232\/2024\/06\/4-300x300.png 300w, https:\/\/agora.xtec.cat\/escolatorrelameu\/wp-content\/uploads\/usu2232\/2024\/06\/4-1024x1024.png 1024w, https:\/\/agora.xtec.cat\/escolatorrelameu\/wp-content\/uploads\/usu2232\/2024\/06\/4-150x150.png 150w, https:\/\/agora.xtec.cat\/escolatorrelameu\/wp-content\/uploads\/usu2232\/2024\/06\/4-768x768.png 768w\" sizes=\"auto, (max-width: 1080px) 100vw, 1080px\" \/><\/p>\n<p>La brisa marina, la sorra, l&#8217;aigua i el sol ens porten beneficis per estar millor amb nosaltres i amb els altres, m\u00e9s serens, m\u00e9s tranquils,&#8230;\u00a0 Passejar descal\u00e7os sobre la sorra, el color blau de l&#8217;aigua del mar barrejat amb el color blau del cel, la respiraci\u00f3 a les ribes del mar, l&#8217;aigua del mar i els seus components (<span style=\"font-family: inherit; font-size: 1em;\">sal, iode i potassi)&#8230; ens aporten serenitat, calma, complicitat, confian\u00e7a i seguretat.<\/span><\/p>\n<p><img loading=\"lazy\" decoding=\"async\" class=\"aligncenter size-full wp-image-3159\" src=\"https:\/\/agora.xtec.cat\/escolatorrelameu\/wp-content\/uploads\/usu2232\/2024\/06\/2.jpg\" alt=\"\" width=\"1080\" height=\"1080\" srcset=\"https:\/\/agora.xtec.cat\/escolatorrelameu\/wp-content\/uploads\/usu2232\/2024\/06\/2.jpg 1080w, https:\/\/agora.xtec.cat\/escolatorrelameu\/wp-content\/uploads\/usu2232\/2024\/06\/2-300x300.jpg 300w, https:\/\/agora.xtec.cat\/escolatorrelameu\/wp-content\/uploads\/usu2232\/2024\/06\/2-1024x1024.jpg 1024w, https:\/\/agora.xtec.cat\/escolatorrelameu\/wp-content\/uploads\/usu2232\/2024\/06\/2-150x150.jpg 150w, https:\/\/agora.xtec.cat\/escolatorrelameu\/wp-content\/uploads\/usu2232\/2024\/06\/2-768x768.jpg 768w\" sizes=\"auto, (max-width: 1080px) 100vw, 1080px\" \/><\/p>\n<p><img loading=\"lazy\" decoding=\"async\" class=\"aligncenter size-full wp-image-3160\" src=\"https:\/\/agora.xtec.cat\/escolatorrelameu\/wp-content\/uploads\/usu2232\/2024\/06\/3.jpg\" alt=\"\" width=\"1080\" height=\"1080\" srcset=\"https:\/\/agora.xtec.cat\/escolatorrelameu\/wp-content\/uploads\/usu2232\/2024\/06\/3.jpg 1080w, https:\/\/agora.xtec.cat\/escolatorrelameu\/wp-content\/uploads\/usu2232\/2024\/06\/3-300x300.jpg 300w, https:\/\/agora.xtec.cat\/escolatorrelameu\/wp-content\/uploads\/usu2232\/2024\/06\/3-1024x1024.jpg 1024w, https:\/\/agora.xtec.cat\/escolatorrelameu\/wp-content\/uploads\/usu2232\/2024\/06\/3-150x150.jpg 150w, https:\/\/agora.xtec.cat\/escolatorrelameu\/wp-content\/uploads\/usu2232\/2024\/06\/3-768x768.jpg 768w\" sizes=\"auto, (max-width: 1080px) 100vw, 1080px\" \/><\/p>\n<p><img loading=\"lazy\" decoding=\"async\" class=\"aligncenter size-full wp-image-3165\" src=\"https:\/\/agora.xtec.cat\/escolatorrelameu\/wp-content\/uploads\/usu2232\/2024\/06\/1.jpg\" alt=\"\" width=\"1080\" height=\"1080\" srcset=\"https:\/\/agora.xtec.cat\/escolatorrelameu\/wp-content\/uploads\/usu2232\/2024\/06\/1.jpg 1080w, https:\/\/agora.xtec.cat\/escolatorrelameu\/wp-content\/uploads\/usu2232\/2024\/06\/1-300x300.jpg 300w, https:\/\/agora.xtec.cat\/escolatorrelameu\/wp-content\/uploads\/usu2232\/2024\/06\/1-1024x1024.jpg 1024w, https:\/\/agora.xtec.cat\/escolatorrelameu\/wp-content\/uploads\/usu2232\/2024\/06\/1-150x150.jpg 150w, https:\/\/agora.xtec.cat\/escolatorrelameu\/wp-content\/uploads\/usu2232\/2024\/06\/1-768x768.jpg 768w\" sizes=\"auto, (max-width: 1080px) 100vw, 1080px\" \/><\/p>\n<p>El curs passat ho d\u00e8iem:\u00a0 <em><strong>Senzilla, amb pocs artificis\u2026 la sortida a la platja \u00e9s pur gaudi.<\/strong> <\/em>Cert!! Pel cos i per la ment!<\/p>\n","protected":false},"excerpt":{"rendered":"<p>Divendres vam anar a la platja&#8230; Feia fred, per\u00f2 l&#8217;ambient es va suavitzar a mesura que va avan\u00e7ar el dia.<br \/>\n\u00c9s una sortida molt especial perqu\u00e8 ens aporta companyia i comiat&#8230; Hi anem tota l&#8217;escola junts Quan s&#8217;atansa aquest dia es comen\u00e7a a respirar l&#8217;estiu i&hellip;  <a href=\"https:\/\/agora.xtec.cat\/escolatorrelameu\/general\/la-platja-2\/\" title=\"Read La platja\">Llegeix m\u00e9s\u00bb<\/a><\/p>\n","protected":false},"author":14,"featured_media":3164,"comment_status":"open","ping_status":"closed","sticky":false,"template":"","format":"standard","meta":{"_bbp_topic_count":0,"_bbp_reply_count":0,"_bbp_total_topic_count":0,"_bbp_total_reply_count":0,"_bbp_voice_count":0,"_bbp_anonymous_reply_count":0,"_bbp_topic_count_hidden":0,"_bbp_reply_count_hidden":0,"_bbp_forum_subforum_count":0,"footnotes":""},"categories":[1],"tags":[86,92,16],"class_list":["post-3143","post","type-post","status-publish","format-standard","has-post-thumbnail","hentry","category-general","tag-escola-torrelameu","tag-platja","tag-sortides"],"post_mailing_queue_ids":[],"_links":{"self":[{"href":"https:\/\/agora.xtec.cat\/escolatorrelameu\/wp-json\/wp\/v2\/posts\/3143","targetHints":{"allow":["GET"]}}],"collection":[{"href":"https:\/\/agora.xtec.cat\/escolatorrelameu\/wp-json\/wp\/v2\/posts"}],"about":[{"href":"https:\/\/agora.xtec.cat\/escolatorrelameu\/wp-json\/wp\/v2\/types\/post"}],"author":[{"embeddable":true,"href":"https:\/\/agora.xtec.cat\/escolatorrelameu\/wp-json\/wp\/v2\/users\/14"}],"replies":[{"embeddable":true,"href":"https:\/\/agora.xtec.cat\/escolatorrelameu\/wp-json\/wp\/v2\/comments?post=3143"}],"version-history":[{"count":4,"href":"https:\/\/agora.xtec.cat\/escolatorrelameu\/wp-json\/wp\/v2\/posts\/3143\/revisions"}],"predecessor-version":[{"id":3166,"href":"https:\/\/agora.xtec.cat\/escolatorrelameu\/wp-json\/wp\/v2\/posts\/3143\/revisions\/3166"}],"wp:featuredmedia":[{"embeddable":true,"href":"https:\/\/agora.xtec.cat\/escolatorrelameu\/wp-json\/wp\/v2\/media\/3164"}],"wp:attachment":[{"href":"https:\/\/agora.xtec.cat\/escolatorrelameu\/wp-json\/wp\/v2\/media?parent=3143"}],"wp:term":[{"taxonomy":"category","embeddable":true,"href":"https:\/\/agora.xtec.cat\/escolatorrelameu\/wp-json\/wp\/v2\/categories?post=3143"},{"taxonomy":"post_tag","embeddable":true,"href":"https:\/\/agora.xtec.cat\/escolatorrelameu\/wp-json\/wp\/v2\/tags?post=3143"}],"curies":[{"name":"wp","href":"https:\/\/api.w.org\/{rel}","templated":true}]}}