{"id":3136,"date":"2024-06-01T08:16:59","date_gmt":"2024-06-01T06:16:59","guid":{"rendered":"https:\/\/agora.xtec.cat\/escolatorrelameu\/?p=3136"},"modified":"2024-06-01T08:36:14","modified_gmt":"2024-06-01T06:36:14","slug":"dir-adeu-emocionats-i-emocionades-pero-amb-els-nervis-a-flor-de-pell","status":"publish","type":"post","link":"https:\/\/agora.xtec.cat\/escolatorrelameu\/general\/dir-adeu-emocionats-i-emocionades-pero-amb-els-nervis-a-flor-de-pell\/","title":{"rendered":"Emocionats i emocionades, per\u00f2 amb els nervis a flor de pell!!!"},"content":{"rendered":"<p><img loading=\"lazy\" decoding=\"async\" class=\"aligncenter wp-image-3137 size-full\" src=\"https:\/\/agora.xtec.cat\/escolatorrelameu\/wp-content\/uploads\/usu2232\/2024\/06\/IMG-20240601-WA0000.jpg\" alt=\"\" width=\"466\" height=\"412\" srcset=\"https:\/\/agora.xtec.cat\/escolatorrelameu\/wp-content\/uploads\/usu2232\/2024\/06\/IMG-20240601-WA0000.jpg 466w, https:\/\/agora.xtec.cat\/escolatorrelameu\/wp-content\/uploads\/usu2232\/2024\/06\/IMG-20240601-WA0000-300x265.jpg 300w\" sizes=\"auto, (max-width: 466px) 100vw, 466px\" \/><\/p>\n<p style=\"text-align: justify;\">Dijous vam presentar el curt que hem estat dissenyant, guionitzant, rodant, muntant&#8230; durant aquest curs 2023 &#8211; 2024&#8230; La classe de Grans s&#8217;ha convertit en una sala de cinema. A l&#8217;espai de cinema hi ha hagut captures de referents que han esdevingut part de l&#8217;alfabetitzaci\u00f3 cinematogr\u00e0fica.<\/p>\n<p style=\"text-align: justify;\">La l\u00ednia del temps per ordenar el nostre film, la v\u00e0rem fer abans que comenc\u00e9s el rodatge i ens va anar b\u00e9 per clarificar i decidir qu\u00e8 anava abans i qu\u00e8 anava despr\u00e9s&#8230;<\/p>\n<p style=\"text-align: justify;\">L&#8217;aula es va quedar buida durant el rodatge i d&#8217;aquells dies tenim records intensos, il\u00b7lusionants i tamb\u00e9 molt cansats&#8230; Rod\u00e0vem en jornades llargues i hav\u00edem d&#8217;esperar que es fes de nit per gravar l&#8217;hora blava. Van passar coses que ens van fer riure o que ara ens fan riure. Imprevistos i solucions r\u00e0pides, no es pot badar quan es roda&#8230; Ha de ser en aquell moment, no hi ha un dem\u00e0, no es pot apla\u00e7ar&#8230;<\/p>\n<p style=\"text-align: justify;\">El muntatge \u00e9s important\u00edssim i en cinema es diu que \u00e9s tornar a reescriure la pel\u00b7l\u00edcula. De cop ten\u00edem 3 hores i 42 minuts de material rodat. L&#8217;hav\u00edem d&#8217;ordenar, seleccionar, treure el que no era bo&#8230; Treballar amb el so&#8230; Van ser dies de concentraci\u00f3, debat i consens&#8230;<\/p>\n<p style=\"text-align: justify;\">I el dia 30 de maig, despr\u00e9s de tot aquest treball perseverant&#8230; Arribem a la culminaci\u00f3 del nostre treball i podem visionar la nostra pel\u00b7l\u00edcula amb la pantalla enorme de la Filmoteca de Catalunya. Va ser molt bonic i impressionant!!! La nostra pel\u00b7l\u00edcula va emocionar i ens van felicitar molt\u00edssim.<\/p>\n<p><img loading=\"lazy\" decoding=\"async\" class=\"aligncenter size-full wp-image-3138\" src=\"https:\/\/agora.xtec.cat\/escolatorrelameu\/wp-content\/uploads\/usu2232\/2024\/06\/Documento-A4-Hoja-de-Papel-con-Flores-Delicado-Rosado.jpg\" alt=\"\" width=\"884\" height=\"1250\" srcset=\"https:\/\/agora.xtec.cat\/escolatorrelameu\/wp-content\/uploads\/usu2232\/2024\/06\/Documento-A4-Hoja-de-Papel-con-Flores-Delicado-Rosado.jpg 884w, https:\/\/agora.xtec.cat\/escolatorrelameu\/wp-content\/uploads\/usu2232\/2024\/06\/Documento-A4-Hoja-de-Papel-con-Flores-Delicado-Rosado-212x300.jpg 212w, https:\/\/agora.xtec.cat\/escolatorrelameu\/wp-content\/uploads\/usu2232\/2024\/06\/Documento-A4-Hoja-de-Papel-con-Flores-Delicado-Rosado-724x1024.jpg 724w, https:\/\/agora.xtec.cat\/escolatorrelameu\/wp-content\/uploads\/usu2232\/2024\/06\/Documento-A4-Hoja-de-Papel-con-Flores-Delicado-Rosado-768x1086.jpg 768w\" sizes=\"auto, (max-width: 884px) 100vw, 884px\" \/><\/p>\n","protected":false},"excerpt":{"rendered":"<p>Dijous vam presentar el curt que hem estat dissenyant, guionitzant, rodant, muntant&#8230; durant aquest curs 2023 &#8211; 2024&#8230; La classe de Grans s&#8217;ha convertit en una sala de cinema. A l&#8217;espai de cinema hi ha hagut captures de referents que han esdevingut part de l&#8217;alfabetitzaci\u00f3&hellip;  <a href=\"https:\/\/agora.xtec.cat\/escolatorrelameu\/general\/dir-adeu-emocionats-i-emocionades-pero-amb-els-nervis-a-flor-de-pell\/\" title=\"Read Emocionats i emocionades, per\u00f2 amb els nervis a flor de pell!!!\">Llegeix m\u00e9s\u00bb<\/a><\/p>\n","protected":false},"author":14,"featured_media":3139,"comment_status":"open","ping_status":"closed","sticky":false,"template":"","format":"standard","meta":{"_bbp_topic_count":0,"_bbp_reply_count":0,"_bbp_total_topic_count":0,"_bbp_total_reply_count":0,"_bbp_voice_count":0,"_bbp_anonymous_reply_count":0,"_bbp_topic_count_hidden":0,"_bbp_reply_count_hidden":0,"_bbp_forum_subforum_count":0,"footnotes":""},"categories":[1],"tags":[],"class_list":["post-3136","post","type-post","status-publish","format-standard","has-post-thumbnail","hentry","category-general"],"post_mailing_queue_ids":[],"_links":{"self":[{"href":"https:\/\/agora.xtec.cat\/escolatorrelameu\/wp-json\/wp\/v2\/posts\/3136","targetHints":{"allow":["GET"]}}],"collection":[{"href":"https:\/\/agora.xtec.cat\/escolatorrelameu\/wp-json\/wp\/v2\/posts"}],"about":[{"href":"https:\/\/agora.xtec.cat\/escolatorrelameu\/wp-json\/wp\/v2\/types\/post"}],"author":[{"embeddable":true,"href":"https:\/\/agora.xtec.cat\/escolatorrelameu\/wp-json\/wp\/v2\/users\/14"}],"replies":[{"embeddable":true,"href":"https:\/\/agora.xtec.cat\/escolatorrelameu\/wp-json\/wp\/v2\/comments?post=3136"}],"version-history":[{"count":4,"href":"https:\/\/agora.xtec.cat\/escolatorrelameu\/wp-json\/wp\/v2\/posts\/3136\/revisions"}],"predecessor-version":[{"id":3145,"href":"https:\/\/agora.xtec.cat\/escolatorrelameu\/wp-json\/wp\/v2\/posts\/3136\/revisions\/3145"}],"wp:featuredmedia":[{"embeddable":true,"href":"https:\/\/agora.xtec.cat\/escolatorrelameu\/wp-json\/wp\/v2\/media\/3139"}],"wp:attachment":[{"href":"https:\/\/agora.xtec.cat\/escolatorrelameu\/wp-json\/wp\/v2\/media?parent=3136"}],"wp:term":[{"taxonomy":"category","embeddable":true,"href":"https:\/\/agora.xtec.cat\/escolatorrelameu\/wp-json\/wp\/v2\/categories?post=3136"},{"taxonomy":"post_tag","embeddable":true,"href":"https:\/\/agora.xtec.cat\/escolatorrelameu\/wp-json\/wp\/v2\/tags?post=3136"}],"curies":[{"name":"wp","href":"https:\/\/api.w.org\/{rel}","templated":true}]}}