{"id":3100,"date":"2024-05-08T09:34:02","date_gmt":"2024-05-08T07:34:02","guid":{"rendered":"https:\/\/agora.xtec.cat\/escolatorrelameu\/?p=3100"},"modified":"2024-05-08T09:35:00","modified_gmt":"2024-05-08T07:35:00","slug":"gracies","status":"publish","type":"post","link":"https:\/\/agora.xtec.cat\/escolatorrelameu\/general\/gracies\/","title":{"rendered":"Gr\u00e0cies"},"content":{"rendered":"<p style=\"text-align: justify;\">Aquest mat\u00ed ha passat una cosa molt xula, ens han convidat a veure una obra de teatre que es deia &#8220;Matres&#8221; de la companyia de teatre Campi qui pugui. Era la segona vegada que la feien amb p\u00fablic i era un moment molt especial per als actors, actrius, equip t\u00e8cnic i escen\u00f2grafs&#8230; Despr\u00e9s hem pogut aportar sobre el que ens havia semblat, que ens ha remogut, que aportar\u00edem, consells, dubtes, aclariments&#8230;<\/p>\n<p><img loading=\"lazy\" decoding=\"async\" class=\"aligncenter size-full wp-image-3103\" src=\"https:\/\/agora.xtec.cat\/escolatorrelameu\/wp-content\/uploads\/usu2232\/2024\/05\/IMG_2310.jpg\" alt=\"\" width=\"800\" height=\"600\" srcset=\"https:\/\/agora.xtec.cat\/escolatorrelameu\/wp-content\/uploads\/usu2232\/2024\/05\/IMG_2310.jpg 800w, https:\/\/agora.xtec.cat\/escolatorrelameu\/wp-content\/uploads\/usu2232\/2024\/05\/IMG_2310-300x225.jpg 300w, https:\/\/agora.xtec.cat\/escolatorrelameu\/wp-content\/uploads\/usu2232\/2024\/05\/IMG_2310-768x576.jpg 768w, https:\/\/agora.xtec.cat\/escolatorrelameu\/wp-content\/uploads\/usu2232\/2024\/05\/IMG_2310-200x150.jpg 200w\" sizes=\"auto, (max-width: 800px) 100vw, 800px\" \/><\/p>\n<div dir=\"auto\">Hem estat immensament agra\u00efdes que hagin comptat amb la nostra pres\u00e8ncia i aportacions per poder millorar i engrandir el projecte. Gr\u00e0cies.<\/div>\n","protected":false},"excerpt":{"rendered":"<p>Aquest mat\u00ed ha passat una cosa molt xula, ens han convidat a veure una obra de teatre que es deia &#8220;Matres&#8221; de la companyia de teatre Campi qui pugui. Era la segona vegada que la feien amb p\u00fablic i era un moment molt especial per&hellip;  <a href=\"https:\/\/agora.xtec.cat\/escolatorrelameu\/general\/gracies\/\" title=\"Read Gr\u00e0cies\">Llegeix m\u00e9s\u00bb<\/a><\/p>\n","protected":false},"author":14,"featured_media":3103,"comment_status":"open","ping_status":"closed","sticky":false,"template":"","format":"standard","meta":{"_bbp_topic_count":0,"_bbp_reply_count":0,"_bbp_total_topic_count":0,"_bbp_total_reply_count":0,"_bbp_voice_count":0,"_bbp_anonymous_reply_count":0,"_bbp_topic_count_hidden":0,"_bbp_reply_count_hidden":0,"_bbp_forum_subforum_count":0,"footnotes":""},"categories":[1],"tags":[],"class_list":["post-3100","post","type-post","status-publish","format-standard","has-post-thumbnail","hentry","category-general"],"post_mailing_queue_ids":[],"_links":{"self":[{"href":"https:\/\/agora.xtec.cat\/escolatorrelameu\/wp-json\/wp\/v2\/posts\/3100","targetHints":{"allow":["GET"]}}],"collection":[{"href":"https:\/\/agora.xtec.cat\/escolatorrelameu\/wp-json\/wp\/v2\/posts"}],"about":[{"href":"https:\/\/agora.xtec.cat\/escolatorrelameu\/wp-json\/wp\/v2\/types\/post"}],"author":[{"embeddable":true,"href":"https:\/\/agora.xtec.cat\/escolatorrelameu\/wp-json\/wp\/v2\/users\/14"}],"replies":[{"embeddable":true,"href":"https:\/\/agora.xtec.cat\/escolatorrelameu\/wp-json\/wp\/v2\/comments?post=3100"}],"version-history":[{"count":2,"href":"https:\/\/agora.xtec.cat\/escolatorrelameu\/wp-json\/wp\/v2\/posts\/3100\/revisions"}],"predecessor-version":[{"id":3104,"href":"https:\/\/agora.xtec.cat\/escolatorrelameu\/wp-json\/wp\/v2\/posts\/3100\/revisions\/3104"}],"wp:featuredmedia":[{"embeddable":true,"href":"https:\/\/agora.xtec.cat\/escolatorrelameu\/wp-json\/wp\/v2\/media\/3103"}],"wp:attachment":[{"href":"https:\/\/agora.xtec.cat\/escolatorrelameu\/wp-json\/wp\/v2\/media?parent=3100"}],"wp:term":[{"taxonomy":"category","embeddable":true,"href":"https:\/\/agora.xtec.cat\/escolatorrelameu\/wp-json\/wp\/v2\/categories?post=3100"},{"taxonomy":"post_tag","embeddable":true,"href":"https:\/\/agora.xtec.cat\/escolatorrelameu\/wp-json\/wp\/v2\/tags?post=3100"}],"curies":[{"name":"wp","href":"https:\/\/api.w.org\/{rel}","templated":true}]}}