{"id":3064,"date":"2024-04-25T08:15:33","date_gmt":"2024-04-25T06:15:33","guid":{"rendered":"https:\/\/agora.xtec.cat\/escolatorrelameu\/?p=3064"},"modified":"2024-04-25T08:15:49","modified_gmt":"2024-04-25T06:15:49","slug":"sant-jordi-3","status":"publish","type":"post","link":"https:\/\/agora.xtec.cat\/escolatorrelameu\/general\/sant-jordi-3\/","title":{"rendered":"Sant Jordi.3"},"content":{"rendered":"<p><span style=\"font-weight: 400;\">Durant el curs, peri\u00f2dica i c\u00edclicament, treballem al voltant d&#8217;un tema que culmina el dia de Sant Jordi amb l&#8217;entrega d&#8217;un regal cap a les fam\u00edlies, un llibre que enguany es titulava <em>Mites<\/em>.<\/span><\/p>\n<p><img loading=\"lazy\" decoding=\"async\" class=\"aligncenter wp-image-3044\" src=\"https:\/\/agora.xtec.cat\/escolatorrelameu\/wp-content\/uploads\/usu2232\/2024\/04\/Post-de-instagram-frase-beige.jpg\" alt=\"\" width=\"469\" height=\"469\" srcset=\"https:\/\/agora.xtec.cat\/escolatorrelameu\/wp-content\/uploads\/usu2232\/2024\/04\/Post-de-instagram-frase-beige.jpg 1080w, https:\/\/agora.xtec.cat\/escolatorrelameu\/wp-content\/uploads\/usu2232\/2024\/04\/Post-de-instagram-frase-beige-300x300.jpg 300w, https:\/\/agora.xtec.cat\/escolatorrelameu\/wp-content\/uploads\/usu2232\/2024\/04\/Post-de-instagram-frase-beige-1024x1024.jpg 1024w, https:\/\/agora.xtec.cat\/escolatorrelameu\/wp-content\/uploads\/usu2232\/2024\/04\/Post-de-instagram-frase-beige-150x150.jpg 150w, https:\/\/agora.xtec.cat\/escolatorrelameu\/wp-content\/uploads\/usu2232\/2024\/04\/Post-de-instagram-frase-beige-768x768.jpg 768w\" sizes=\"auto, (max-width: 469px) 100vw, 469px\" \/><\/p>\n<p><span style=\"font-weight: 400;\">I, sabent que l&#8217;acollida del regal \u00e9s m\u00e9s conscient quan hi ha una explicaci\u00f3 del proc\u00e9s, els Creixents van mostrar-nos d&#8217;on venia, quins mites i com ho hav\u00edem plasmat&#8230; Va ser una estona on la paraula i les imatges van prendre import\u00e0ncia, amanit amb els nervis i la posada en escena.<\/span><\/p>\n<p><img loading=\"lazy\" decoding=\"async\" class=\"aligncenter size-full wp-image-3071\" src=\"https:\/\/agora.xtec.cat\/escolatorrelameu\/wp-content\/uploads\/usu2232\/2024\/04\/explicacio.jpg\" alt=\"\" width=\"1240\" height=\"944\" srcset=\"https:\/\/agora.xtec.cat\/escolatorrelameu\/wp-content\/uploads\/usu2232\/2024\/04\/explicacio.jpg 1240w, https:\/\/agora.xtec.cat\/escolatorrelameu\/wp-content\/uploads\/usu2232\/2024\/04\/explicacio-300x228.jpg 300w, https:\/\/agora.xtec.cat\/escolatorrelameu\/wp-content\/uploads\/usu2232\/2024\/04\/explicacio-1024x780.jpg 1024w, https:\/\/agora.xtec.cat\/escolatorrelameu\/wp-content\/uploads\/usu2232\/2024\/04\/explicacio-768x585.jpg 768w\" sizes=\"auto, (max-width: 1240px) 100vw, 1240px\" \/><\/p>\n<p><span style=\"font-weight: 400;\">Per organitzar l&#8217;explicaci\u00f3 es van fer dos grups, cadascun identificat amb una senyal: una rosa i un drac. Les pinces les van elaborar els ditets m\u00e9s petits de l&#8217;escola: <\/span><span style=\"font-weight: 400;\">Menuts i Petits. Els colors vermell i verd van acolorir solapes de jaquetes i jerseis.\u00a0<\/span><\/p>\n<p>Un cop acabada l&#8217;explicaci\u00f3 va arribar l&#8217;hora de sortir a buscar el llibre i l&#8217;escultura de cadasc\u00fa per compartir-ho amb la fam\u00edlia. I van arribar els moments de complicitat, les ganes de mostrar, de compartir&#8230;\u00a0<img loading=\"lazy\" decoding=\"async\" class=\"aligncenter size-full wp-image-3069\" src=\"https:\/\/agora.xtec.cat\/escolatorrelameu\/wp-content\/uploads\/usu2232\/2024\/04\/entrega.jpg\" alt=\"\" width=\"1234\" height=\"473\" srcset=\"https:\/\/agora.xtec.cat\/escolatorrelameu\/wp-content\/uploads\/usu2232\/2024\/04\/entrega.jpg 1234w, https:\/\/agora.xtec.cat\/escolatorrelameu\/wp-content\/uploads\/usu2232\/2024\/04\/entrega-300x115.jpg 300w, https:\/\/agora.xtec.cat\/escolatorrelameu\/wp-content\/uploads\/usu2232\/2024\/04\/entrega-1024x393.jpg 1024w, https:\/\/agora.xtec.cat\/escolatorrelameu\/wp-content\/uploads\/usu2232\/2024\/04\/entrega-768x294.jpg 768w\" sizes=\"auto, (max-width: 1234px) 100vw, 1234px\" \/><\/p>\n<p><span style=\"font-weight: 400;\">Compartir els cocs i pans de pessic que van fer els Mitjans per a tothom, va ser la manera de concloure el dia festiu. <img loading=\"lazy\" decoding=\"async\" class=\"aligncenter size-full wp-image-3046\" src=\"https:\/\/agora.xtec.cat\/escolatorrelameu\/wp-content\/uploads\/usu2232\/2024\/04\/IMG_1906-e1713973007608.jpg\" alt=\"\" width=\"800\" height=\"378\" srcset=\"https:\/\/agora.xtec.cat\/escolatorrelameu\/wp-content\/uploads\/usu2232\/2024\/04\/IMG_1906-e1713973007608.jpg 800w, https:\/\/agora.xtec.cat\/escolatorrelameu\/wp-content\/uploads\/usu2232\/2024\/04\/IMG_1906-e1713973007608-300x142.jpg 300w, https:\/\/agora.xtec.cat\/escolatorrelameu\/wp-content\/uploads\/usu2232\/2024\/04\/IMG_1906-e1713973007608-768x363.jpg 768w\" sizes=\"auto, (max-width: 800px) 100vw, 800px\" \/><\/span><\/p>\n","protected":false},"excerpt":{"rendered":"<p>Durant el curs, peri\u00f2dica i c\u00edclicament, treballem al voltant d&#8217;un tema que culmina el dia de Sant Jordi amb l&#8217;entrega d&#8217;un regal cap a les fam\u00edlies, un llibre que enguany es titulava Mites.<\/p>\n<p>I, sabent que l&#8217;acollida del regal \u00e9s m\u00e9s conscient quan hi ha una&hellip;  <a href=\"https:\/\/agora.xtec.cat\/escolatorrelameu\/general\/sant-jordi-3\/\" title=\"Read Sant Jordi.3\">Llegeix m\u00e9s\u00bb<\/a><\/p>\n","protected":false},"author":14,"featured_media":3067,"comment_status":"open","ping_status":"closed","sticky":false,"template":"","format":"standard","meta":{"_bbp_topic_count":0,"_bbp_reply_count":0,"_bbp_total_topic_count":0,"_bbp_total_reply_count":0,"_bbp_voice_count":0,"_bbp_anonymous_reply_count":0,"_bbp_topic_count_hidden":0,"_bbp_reply_count_hidden":0,"_bbp_forum_subforum_count":0,"footnotes":""},"categories":[1],"tags":[],"class_list":["post-3064","post","type-post","status-publish","format-standard","has-post-thumbnail","hentry","category-general"],"post_mailing_queue_ids":[],"_links":{"self":[{"href":"https:\/\/agora.xtec.cat\/escolatorrelameu\/wp-json\/wp\/v2\/posts\/3064","targetHints":{"allow":["GET"]}}],"collection":[{"href":"https:\/\/agora.xtec.cat\/escolatorrelameu\/wp-json\/wp\/v2\/posts"}],"about":[{"href":"https:\/\/agora.xtec.cat\/escolatorrelameu\/wp-json\/wp\/v2\/types\/post"}],"author":[{"embeddable":true,"href":"https:\/\/agora.xtec.cat\/escolatorrelameu\/wp-json\/wp\/v2\/users\/14"}],"replies":[{"embeddable":true,"href":"https:\/\/agora.xtec.cat\/escolatorrelameu\/wp-json\/wp\/v2\/comments?post=3064"}],"version-history":[{"count":4,"href":"https:\/\/agora.xtec.cat\/escolatorrelameu\/wp-json\/wp\/v2\/posts\/3064\/revisions"}],"predecessor-version":[{"id":3072,"href":"https:\/\/agora.xtec.cat\/escolatorrelameu\/wp-json\/wp\/v2\/posts\/3064\/revisions\/3072"}],"wp:featuredmedia":[{"embeddable":true,"href":"https:\/\/agora.xtec.cat\/escolatorrelameu\/wp-json\/wp\/v2\/media\/3067"}],"wp:attachment":[{"href":"https:\/\/agora.xtec.cat\/escolatorrelameu\/wp-json\/wp\/v2\/media?parent=3064"}],"wp:term":[{"taxonomy":"category","embeddable":true,"href":"https:\/\/agora.xtec.cat\/escolatorrelameu\/wp-json\/wp\/v2\/categories?post=3064"},{"taxonomy":"post_tag","embeddable":true,"href":"https:\/\/agora.xtec.cat\/escolatorrelameu\/wp-json\/wp\/v2\/tags?post=3064"}],"curies":[{"name":"wp","href":"https:\/\/api.w.org\/{rel}","templated":true}]}}