{"id":3062,"date":"2024-04-25T08:10:57","date_gmt":"2024-04-25T06:10:57","guid":{"rendered":"https:\/\/agora.xtec.cat\/escolatorrelameu\/?p=3062"},"modified":"2024-04-25T08:14:24","modified_gmt":"2024-04-25T06:14:24","slug":"sant-jordi-2","status":"publish","type":"post","link":"https:\/\/agora.xtec.cat\/escolatorrelameu\/general\/sant-jordi-2\/","title":{"rendered":"Sant Jordi.2"},"content":{"rendered":"<p><span style=\"font-weight: 400;\">La diada festiva i popular de Sant Jordi se celebra a cavall de la primavera, del bon temps, de les flaires de les flors, de la verdor als camps&#8230; per\u00f2 tamb\u00e9 volem que sigui un moment en qu\u00e8 prengui import\u00e0ncia tenir cura dels altres, de viure les lletres i les paraules, de demostrar com ens importen els altres. <\/span><\/p>\n<p><span style=\"font-weight: 400;\">Per aquest motiu, vam esmorzar amb els nostres Lligams i, despr\u00e9s del pati, vam compartir <\/span><span style=\"font-weight: 400;\">els llibres entre les tr\u00edades. Va ser un moment molt m\u00e0gic&#8230; Veure infants grans i petits, explicar-se contes, llegint o mirant escenes il\u00b7lustrades, emociona!!! Es fa pal\u00e8s el vincle especial que hi ha entre ells i elles, alhora que es percep una cura i una atenci\u00f3 singular.<\/span><\/p>\n<p><img loading=\"lazy\" decoding=\"async\" class=\"aligncenter size-full wp-image-3055\" src=\"https:\/\/agora.xtec.cat\/escolatorrelameu\/wp-content\/uploads\/usu2232\/2024\/04\/lligams-st-jordi-1.jpg\" alt=\"\" width=\"1333\" height=\"2000\" srcset=\"https:\/\/agora.xtec.cat\/escolatorrelameu\/wp-content\/uploads\/usu2232\/2024\/04\/lligams-st-jordi-1.jpg 1333w, https:\/\/agora.xtec.cat\/escolatorrelameu\/wp-content\/uploads\/usu2232\/2024\/04\/lligams-st-jordi-1-200x300.jpg 200w, https:\/\/agora.xtec.cat\/escolatorrelameu\/wp-content\/uploads\/usu2232\/2024\/04\/lligams-st-jordi-1-682x1024.jpg 682w, https:\/\/agora.xtec.cat\/escolatorrelameu\/wp-content\/uploads\/usu2232\/2024\/04\/lligams-st-jordi-1-768x1152.jpg 768w, https:\/\/agora.xtec.cat\/escolatorrelameu\/wp-content\/uploads\/usu2232\/2024\/04\/lligams-st-jordi-1-1024x1536.jpg 1024w\" sizes=\"auto, (max-width: 1333px) 100vw, 1333px\" \/><\/p>\n<p><img loading=\"lazy\" decoding=\"async\" class=\"aligncenter size-full wp-image-3056\" src=\"https:\/\/agora.xtec.cat\/escolatorrelameu\/wp-content\/uploads\/usu2232\/2024\/04\/lligams-st-jordi.jpg\" alt=\"\" width=\"1333\" height=\"2000\" srcset=\"https:\/\/agora.xtec.cat\/escolatorrelameu\/wp-content\/uploads\/usu2232\/2024\/04\/lligams-st-jordi.jpg 1333w, https:\/\/agora.xtec.cat\/escolatorrelameu\/wp-content\/uploads\/usu2232\/2024\/04\/lligams-st-jordi-200x300.jpg 200w, https:\/\/agora.xtec.cat\/escolatorrelameu\/wp-content\/uploads\/usu2232\/2024\/04\/lligams-st-jordi-682x1024.jpg 682w, https:\/\/agora.xtec.cat\/escolatorrelameu\/wp-content\/uploads\/usu2232\/2024\/04\/lligams-st-jordi-768x1152.jpg 768w, https:\/\/agora.xtec.cat\/escolatorrelameu\/wp-content\/uploads\/usu2232\/2024\/04\/lligams-st-jordi-1024x1536.jpg 1024w\" sizes=\"auto, (max-width: 1333px) 100vw, 1333px\" \/><\/p>\n","protected":false},"excerpt":{"rendered":"<p>La diada festiva i popular de Sant Jordi se celebra a cavall de la primavera, del bon temps, de les flaires de les flors, de la verdor als camps&#8230; per\u00f2 tamb\u00e9 volem que sigui un moment en qu\u00e8 prengui import\u00e0ncia tenir cura dels altres, de&hellip;  <a href=\"https:\/\/agora.xtec.cat\/escolatorrelameu\/general\/sant-jordi-2\/\" title=\"Read Sant Jordi.2\">Llegeix m\u00e9s\u00bb<\/a><\/p>\n","protected":false},"author":14,"featured_media":3057,"comment_status":"open","ping_status":"closed","sticky":false,"template":"","format":"standard","meta":{"_bbp_topic_count":0,"_bbp_reply_count":0,"_bbp_total_topic_count":0,"_bbp_total_reply_count":0,"_bbp_voice_count":0,"_bbp_anonymous_reply_count":0,"_bbp_topic_count_hidden":0,"_bbp_reply_count_hidden":0,"_bbp_forum_subforum_count":0,"footnotes":""},"categories":[1],"tags":[],"class_list":["post-3062","post","type-post","status-publish","format-standard","has-post-thumbnail","hentry","category-general"],"post_mailing_queue_ids":[],"_links":{"self":[{"href":"https:\/\/agora.xtec.cat\/escolatorrelameu\/wp-json\/wp\/v2\/posts\/3062","targetHints":{"allow":["GET"]}}],"collection":[{"href":"https:\/\/agora.xtec.cat\/escolatorrelameu\/wp-json\/wp\/v2\/posts"}],"about":[{"href":"https:\/\/agora.xtec.cat\/escolatorrelameu\/wp-json\/wp\/v2\/types\/post"}],"author":[{"embeddable":true,"href":"https:\/\/agora.xtec.cat\/escolatorrelameu\/wp-json\/wp\/v2\/users\/14"}],"replies":[{"embeddable":true,"href":"https:\/\/agora.xtec.cat\/escolatorrelameu\/wp-json\/wp\/v2\/comments?post=3062"}],"version-history":[{"count":1,"href":"https:\/\/agora.xtec.cat\/escolatorrelameu\/wp-json\/wp\/v2\/posts\/3062\/revisions"}],"predecessor-version":[{"id":3063,"href":"https:\/\/agora.xtec.cat\/escolatorrelameu\/wp-json\/wp\/v2\/posts\/3062\/revisions\/3063"}],"wp:featuredmedia":[{"embeddable":true,"href":"https:\/\/agora.xtec.cat\/escolatorrelameu\/wp-json\/wp\/v2\/media\/3057"}],"wp:attachment":[{"href":"https:\/\/agora.xtec.cat\/escolatorrelameu\/wp-json\/wp\/v2\/media?parent=3062"}],"wp:term":[{"taxonomy":"category","embeddable":true,"href":"https:\/\/agora.xtec.cat\/escolatorrelameu\/wp-json\/wp\/v2\/categories?post=3062"},{"taxonomy":"post_tag","embeddable":true,"href":"https:\/\/agora.xtec.cat\/escolatorrelameu\/wp-json\/wp\/v2\/tags?post=3062"}],"curies":[{"name":"wp","href":"https:\/\/api.w.org\/{rel}","templated":true}]}}