{"id":3058,"date":"2024-04-25T08:00:02","date_gmt":"2024-04-25T06:00:02","guid":{"rendered":"https:\/\/agora.xtec.cat\/escolatorrelameu\/?p=3058"},"modified":"2024-04-25T08:07:54","modified_gmt":"2024-04-25T06:07:54","slug":"sant-jordi-1","status":"publish","type":"post","link":"https:\/\/agora.xtec.cat\/escolatorrelameu\/general\/sant-jordi-1\/","title":{"rendered":"Sant Jordi.1"},"content":{"rendered":"<p><span style=\"font-weight: 400;\">El dia de Sant Jordi a l\u2019escola \u00e9s tota una festa que, enguany, va comen\u00e7ar de bon mat\u00ed.\u00a0<\/span><\/p>\n<p><span style=\"font-weight: 400;\">Abans d\u2019esmorzar els Grans van fer una representaci\u00f3 per a tots l&#8217;alumnat d\u2019una de les llegendes m\u00e9s importants del nostre pa\u00eds&#8230; I just entre el punt entre all\u00f2 tradicional i la transformaci\u00f3 en van fer una lectura\/interpretaci\u00f3 divertida, fresca&#8230; on el drac era simp\u00e0tic, la princesa sabia com enfrontar-se al drac i el cavaller Jordi era un humil noi que volia ajudar la seva fam\u00edlia.<\/span><\/p>\n<p>Nom\u00e9s entrar a l&#8217;aula de Grans vam quedar impressionats per la transformaci\u00f3. S&#8217;havia convertit en un escenari! Els espectadors ens ho vam passar molt b\u00e9, per\u00f2 els que m\u00e9s van gaudir van ser els Grans, us ho podem ben assegurar!<\/p>\n<p><img loading=\"lazy\" decoding=\"async\" class=\"aligncenter size-full wp-image-3043\" src=\"https:\/\/agora.xtec.cat\/escolatorrelameu\/wp-content\/uploads\/usu2232\/2024\/04\/teatre.jpg\" alt=\"\" width=\"1333\" height=\"2000\" srcset=\"https:\/\/agora.xtec.cat\/escolatorrelameu\/wp-content\/uploads\/usu2232\/2024\/04\/teatre.jpg 1333w, https:\/\/agora.xtec.cat\/escolatorrelameu\/wp-content\/uploads\/usu2232\/2024\/04\/teatre-200x300.jpg 200w, https:\/\/agora.xtec.cat\/escolatorrelameu\/wp-content\/uploads\/usu2232\/2024\/04\/teatre-682x1024.jpg 682w, https:\/\/agora.xtec.cat\/escolatorrelameu\/wp-content\/uploads\/usu2232\/2024\/04\/teatre-768x1152.jpg 768w, https:\/\/agora.xtec.cat\/escolatorrelameu\/wp-content\/uploads\/usu2232\/2024\/04\/teatre-1024x1536.jpg 1024w\" sizes=\"auto, (max-width: 1333px) 100vw, 1333px\" \/><\/p>\n","protected":false},"excerpt":{"rendered":"<p>El dia de Sant Jordi a l\u2019escola \u00e9s tota una festa que, enguany, va comen\u00e7ar de bon mat\u00ed.\u00a0<br \/>\nAbans d\u2019esmorzar els Grans van fer una representaci\u00f3 per a tots l&#8217;alumnat d\u2019una de les llegendes m\u00e9s importants del nostre pa\u00eds&#8230; I just entre el punt entre all\u00f2&hellip;  <a href=\"https:\/\/agora.xtec.cat\/escolatorrelameu\/general\/sant-jordi-1\/\" title=\"Read Sant Jordi.1\">Llegeix m\u00e9s\u00bb<\/a><\/p>\n","protected":false},"author":14,"featured_media":3060,"comment_status":"open","ping_status":"closed","sticky":false,"template":"","format":"standard","meta":{"_bbp_topic_count":0,"_bbp_reply_count":0,"_bbp_total_topic_count":0,"_bbp_total_reply_count":0,"_bbp_voice_count":0,"_bbp_anonymous_reply_count":0,"_bbp_topic_count_hidden":0,"_bbp_reply_count_hidden":0,"_bbp_forum_subforum_count":0,"footnotes":""},"categories":[1],"tags":[],"class_list":["post-3058","post","type-post","status-publish","format-standard","has-post-thumbnail","hentry","category-general"],"post_mailing_queue_ids":[],"_links":{"self":[{"href":"https:\/\/agora.xtec.cat\/escolatorrelameu\/wp-json\/wp\/v2\/posts\/3058","targetHints":{"allow":["GET"]}}],"collection":[{"href":"https:\/\/agora.xtec.cat\/escolatorrelameu\/wp-json\/wp\/v2\/posts"}],"about":[{"href":"https:\/\/agora.xtec.cat\/escolatorrelameu\/wp-json\/wp\/v2\/types\/post"}],"author":[{"embeddable":true,"href":"https:\/\/agora.xtec.cat\/escolatorrelameu\/wp-json\/wp\/v2\/users\/14"}],"replies":[{"embeddable":true,"href":"https:\/\/agora.xtec.cat\/escolatorrelameu\/wp-json\/wp\/v2\/comments?post=3058"}],"version-history":[{"count":2,"href":"https:\/\/agora.xtec.cat\/escolatorrelameu\/wp-json\/wp\/v2\/posts\/3058\/revisions"}],"predecessor-version":[{"id":3061,"href":"https:\/\/agora.xtec.cat\/escolatorrelameu\/wp-json\/wp\/v2\/posts\/3058\/revisions\/3061"}],"wp:featuredmedia":[{"embeddable":true,"href":"https:\/\/agora.xtec.cat\/escolatorrelameu\/wp-json\/wp\/v2\/media\/3060"}],"wp:attachment":[{"href":"https:\/\/agora.xtec.cat\/escolatorrelameu\/wp-json\/wp\/v2\/media?parent=3058"}],"wp:term":[{"taxonomy":"category","embeddable":true,"href":"https:\/\/agora.xtec.cat\/escolatorrelameu\/wp-json\/wp\/v2\/categories?post=3058"},{"taxonomy":"post_tag","embeddable":true,"href":"https:\/\/agora.xtec.cat\/escolatorrelameu\/wp-json\/wp\/v2\/tags?post=3058"}],"curies":[{"name":"wp","href":"https:\/\/api.w.org\/{rel}","templated":true}]}}