{"id":3052,"date":"2024-04-24T23:56:10","date_gmt":"2024-04-24T21:56:10","guid":{"rendered":"https:\/\/agora.xtec.cat\/escolatorrelameu\/?p=3052"},"modified":"2024-04-24T23:56:10","modified_gmt":"2024-04-24T21:56:10","slug":"flaire-de-festa","status":"publish","type":"post","link":"https:\/\/agora.xtec.cat\/escolatorrelameu\/general\/flaire-de-festa\/","title":{"rendered":"Flaire de festa!"},"content":{"rendered":"<p><span style=\"font-weight: 400;\">Avui a l&#8217;escola se sentia flaire de festa. La classe de Mitjans s&#8217;ha convertit en un obrador. Ten\u00edem un enc\u00e0rrec: hav\u00edem de preparar el berenar per celebrar la diada de Sant Jordi amb les fam\u00edlies.<\/span><\/p>\n<p><img loading=\"lazy\" decoding=\"async\" class=\"aligncenter size-full wp-image-3051\" src=\"https:\/\/agora.xtec.cat\/escolatorrelameu\/wp-content\/uploads\/usu2232\/2024\/04\/1-1-1.jpg\" alt=\"\" width=\"1173\" height=\"1647\" srcset=\"https:\/\/agora.xtec.cat\/escolatorrelameu\/wp-content\/uploads\/usu2232\/2024\/04\/1-1-1.jpg 1173w, https:\/\/agora.xtec.cat\/escolatorrelameu\/wp-content\/uploads\/usu2232\/2024\/04\/1-1-1-214x300.jpg 214w, https:\/\/agora.xtec.cat\/escolatorrelameu\/wp-content\/uploads\/usu2232\/2024\/04\/1-1-1-729x1024.jpg 729w, https:\/\/agora.xtec.cat\/escolatorrelameu\/wp-content\/uploads\/usu2232\/2024\/04\/1-1-1-768x1078.jpg 768w, https:\/\/agora.xtec.cat\/escolatorrelameu\/wp-content\/uploads\/usu2232\/2024\/04\/1-1-1-1094x1536.jpg 1094w\" sizes=\"auto, (max-width: 1173px) 100vw, 1173px\" \/><\/p>\n<p style=\"text-align: left;\"><span style=\"font-weight: 400;\">Est\u00e0vem contents i orgullosos de tenir aquesta responsabilitat. Per aquest motiu, hem estat treballant com ens hav\u00edem d&#8217;organitzar. A partir d&#8217;una graella ens hem distribu\u00eft les tasques. Hav\u00edem de preparar 6 pastissos GRANS!<\/span><\/p>\n<p><img loading=\"lazy\" decoding=\"async\" class=\"aligncenter size-full wp-image-3050\" src=\"https:\/\/agora.xtec.cat\/escolatorrelameu\/wp-content\/uploads\/usu2232\/2024\/04\/2-2.jpg\" alt=\"\" width=\"1267\" height=\"1905\" srcset=\"https:\/\/agora.xtec.cat\/escolatorrelameu\/wp-content\/uploads\/usu2232\/2024\/04\/2-2.jpg 1267w, https:\/\/agora.xtec.cat\/escolatorrelameu\/wp-content\/uploads\/usu2232\/2024\/04\/2-2-200x300.jpg 200w, https:\/\/agora.xtec.cat\/escolatorrelameu\/wp-content\/uploads\/usu2232\/2024\/04\/2-2-681x1024.jpg 681w, https:\/\/agora.xtec.cat\/escolatorrelameu\/wp-content\/uploads\/usu2232\/2024\/04\/2-2-768x1155.jpg 768w, https:\/\/agora.xtec.cat\/escolatorrelameu\/wp-content\/uploads\/usu2232\/2024\/04\/2-2-1022x1536.jpg 1022w\" sizes=\"auto, (max-width: 1267px) 100vw, 1267px\" \/><\/p>\n<p><span style=\"font-weight: 400;\">Estris, ingredients, procediment, preparaci\u00f3\u2026 tot estava a punt!<\/span><\/p>\n<p><span style=\"font-weight: 400;\">Trencar ous, batre amb el sucre, afegir\u2026 remenar, barrejar, abocar\u2026 coure, forn, graus, temps\u2026<\/span><\/p>\n<p><img loading=\"lazy\" decoding=\"async\" class=\"aligncenter size-full wp-image-3049\" src=\"https:\/\/agora.xtec.cat\/escolatorrelameu\/wp-content\/uploads\/usu2232\/2024\/04\/3-2.jpg\" alt=\"\" width=\"1181\" height=\"1781\" srcset=\"https:\/\/agora.xtec.cat\/escolatorrelameu\/wp-content\/uploads\/usu2232\/2024\/04\/3-2.jpg 1181w, https:\/\/agora.xtec.cat\/escolatorrelameu\/wp-content\/uploads\/usu2232\/2024\/04\/3-2-199x300.jpg 199w, https:\/\/agora.xtec.cat\/escolatorrelameu\/wp-content\/uploads\/usu2232\/2024\/04\/3-2-679x1024.jpg 679w, https:\/\/agora.xtec.cat\/escolatorrelameu\/wp-content\/uploads\/usu2232\/2024\/04\/3-2-768x1158.jpg 768w, https:\/\/agora.xtec.cat\/escolatorrelameu\/wp-content\/uploads\/usu2232\/2024\/04\/3-2-1019x1536.jpg 1019w\" sizes=\"auto, (max-width: 1181px) 100vw, 1181px\" \/><\/p>\n<p>&nbsp;<\/p>\n<p><span style=\"font-weight: 400;\">I ens n&#8217;hem sortit! Dem\u00e0 si passeu per l&#8217;escola, despr\u00e9s de la presentaci\u00f3 del llibre de Sant Jordi, els podreu tastar.<\/span><\/p>\n<p><img loading=\"lazy\" decoding=\"async\" class=\"aligncenter size-full wp-image-3036\" src=\"https:\/\/agora.xtec.cat\/escolatorrelameu\/wp-content\/uploads\/usu2232\/2024\/04\/4-2.jpg\" alt=\"\" width=\"1414\" height=\"2000\" srcset=\"https:\/\/agora.xtec.cat\/escolatorrelameu\/wp-content\/uploads\/usu2232\/2024\/04\/4-2.jpg 1414w, https:\/\/agora.xtec.cat\/escolatorrelameu\/wp-content\/uploads\/usu2232\/2024\/04\/4-2-212x300.jpg 212w, https:\/\/agora.xtec.cat\/escolatorrelameu\/wp-content\/uploads\/usu2232\/2024\/04\/4-2-724x1024.jpg 724w, https:\/\/agora.xtec.cat\/escolatorrelameu\/wp-content\/uploads\/usu2232\/2024\/04\/4-2-768x1086.jpg 768w, https:\/\/agora.xtec.cat\/escolatorrelameu\/wp-content\/uploads\/usu2232\/2024\/04\/4-2-1086x1536.jpg 1086w\" sizes=\"auto, (max-width: 1414px) 100vw, 1414px\" \/><\/p>\n<p><span style=\"font-weight: 400;\">A m\u00e9s de fer de cuiners han estat documentant el proc\u00e9s, per tant, una bona part d&#8217;aquestes fotos han estat realitzades per l&#8217;alumnat de Mitjans.<\/span><\/p>\n<p><span style=\"font-weight: 400;\">Us hi esperem!<\/span><\/p>\n","protected":false},"excerpt":{"rendered":"<p>Avui a l&#8217;escola se sentia flaire de festa. La classe de Mitjans s&#8217;ha convertit en un obrador. Ten\u00edem un enc\u00e0rrec: hav\u00edem de preparar el berenar per celebrar la diada de Sant Jordi amb les fam\u00edlies.<\/p>\n<p>Est\u00e0vem contents i orgullosos de tenir aquesta responsabilitat. Per aquest motiu,&hellip;  <a href=\"https:\/\/agora.xtec.cat\/escolatorrelameu\/general\/flaire-de-festa\/\" title=\"Read Flaire de festa!\">Llegeix m\u00e9s\u00bb<\/a><\/p>\n","protected":false},"author":14,"featured_media":3036,"comment_status":"open","ping_status":"closed","sticky":false,"template":"","format":"standard","meta":{"_bbp_topic_count":0,"_bbp_reply_count":0,"_bbp_total_topic_count":0,"_bbp_total_reply_count":0,"_bbp_voice_count":0,"_bbp_anonymous_reply_count":0,"_bbp_topic_count_hidden":0,"_bbp_reply_count_hidden":0,"_bbp_forum_subforum_count":0,"footnotes":""},"categories":[1],"tags":[],"class_list":["post-3052","post","type-post","status-publish","format-standard","has-post-thumbnail","hentry","category-general"],"post_mailing_queue_ids":[],"_links":{"self":[{"href":"https:\/\/agora.xtec.cat\/escolatorrelameu\/wp-json\/wp\/v2\/posts\/3052","targetHints":{"allow":["GET"]}}],"collection":[{"href":"https:\/\/agora.xtec.cat\/escolatorrelameu\/wp-json\/wp\/v2\/posts"}],"about":[{"href":"https:\/\/agora.xtec.cat\/escolatorrelameu\/wp-json\/wp\/v2\/types\/post"}],"author":[{"embeddable":true,"href":"https:\/\/agora.xtec.cat\/escolatorrelameu\/wp-json\/wp\/v2\/users\/14"}],"replies":[{"embeddable":true,"href":"https:\/\/agora.xtec.cat\/escolatorrelameu\/wp-json\/wp\/v2\/comments?post=3052"}],"version-history":[{"count":1,"href":"https:\/\/agora.xtec.cat\/escolatorrelameu\/wp-json\/wp\/v2\/posts\/3052\/revisions"}],"predecessor-version":[{"id":3053,"href":"https:\/\/agora.xtec.cat\/escolatorrelameu\/wp-json\/wp\/v2\/posts\/3052\/revisions\/3053"}],"wp:featuredmedia":[{"embeddable":true,"href":"https:\/\/agora.xtec.cat\/escolatorrelameu\/wp-json\/wp\/v2\/media\/3036"}],"wp:attachment":[{"href":"https:\/\/agora.xtec.cat\/escolatorrelameu\/wp-json\/wp\/v2\/media?parent=3052"}],"wp:term":[{"taxonomy":"category","embeddable":true,"href":"https:\/\/agora.xtec.cat\/escolatorrelameu\/wp-json\/wp\/v2\/categories?post=3052"},{"taxonomy":"post_tag","embeddable":true,"href":"https:\/\/agora.xtec.cat\/escolatorrelameu\/wp-json\/wp\/v2\/tags?post=3052"}],"curies":[{"name":"wp","href":"https:\/\/api.w.org\/{rel}","templated":true}]}}