{"id":3009,"date":"2024-04-21T20:42:27","date_gmt":"2024-04-21T18:42:27","guid":{"rendered":"https:\/\/agora.xtec.cat\/escolatorrelameu\/?p=3009"},"modified":"2024-04-21T20:42:27","modified_gmt":"2024-04-21T18:42:27","slug":"caragols-amunt-caragols-avall","status":"publish","type":"post","link":"https:\/\/agora.xtec.cat\/escolatorrelameu\/general\/caragols-amunt-caragols-avall\/","title":{"rendered":"Caragols amunt, caragols avall&#8230;"},"content":{"rendered":"<p>La hist\u00f2ria dels caragols de Petits arranca a principis de mar\u00e7, quan vam sortir a buscar-ne a les ribes dels camps que hi ha sota l&#8217;escola. En vam trobar poquets, enterrats, i semblava que estaven morts. Encara feia fred!<\/p>\n<p><img loading=\"lazy\" decoding=\"async\" class=\"aligncenter wp-image-3007\" src=\"https:\/\/agora.xtec.cat\/escolatorrelameu\/wp-content\/uploads\/usu2232\/2024\/04\/buscant-caragols.jpg\" alt=\"\" width=\"472\" height=\"750\" srcset=\"https:\/\/agora.xtec.cat\/escolatorrelameu\/wp-content\/uploads\/usu2232\/2024\/04\/buscant-caragols.jpg 1181w, https:\/\/agora.xtec.cat\/escolatorrelameu\/wp-content\/uploads\/usu2232\/2024\/04\/buscant-caragols-189x300.jpg 189w, https:\/\/agora.xtec.cat\/escolatorrelameu\/wp-content\/uploads\/usu2232\/2024\/04\/buscant-caragols-644x1024.jpg 644w, https:\/\/agora.xtec.cat\/escolatorrelameu\/wp-content\/uploads\/usu2232\/2024\/04\/buscant-caragols-768x1221.jpg 768w, https:\/\/agora.xtec.cat\/escolatorrelameu\/wp-content\/uploads\/usu2232\/2024\/04\/buscant-caragols-966x1536.jpg 966w\" sizes=\"auto, (max-width: 472px) 100vw, 472px\" \/><\/p>\n<p>Els vam preparar un terrari, vam investigar qu\u00e8 els agrada m\u00e9s per menjar i qu\u00e8 no mengen mai. A mig mar\u00e7, un mat\u00ed a l&#8217;hort de l&#8217;escola, en vam trobar tants com vam voler&#8230; i vam ampliar la fam\u00edlia. A m\u00e9s, vam descobrir que tenien un forat, just al costat de la closca, que \u00e9s per on fan la caca. I que aquesta canvia de color en funci\u00f3 d&#8217;all\u00f2 que mengen!<img loading=\"lazy\" decoding=\"async\" class=\"aligncenter size-full wp-image-3020\" src=\"https:\/\/agora.xtec.cat\/escolatorrelameu\/wp-content\/uploads\/usu2232\/2024\/04\/buscant-caragols-1.jpg\" alt=\"\" width=\"1194\" height=\"660\" srcset=\"https:\/\/agora.xtec.cat\/escolatorrelameu\/wp-content\/uploads\/usu2232\/2024\/04\/buscant-caragols-1.jpg 1194w, https:\/\/agora.xtec.cat\/escolatorrelameu\/wp-content\/uploads\/usu2232\/2024\/04\/buscant-caragols-1-300x166.jpg 300w, https:\/\/agora.xtec.cat\/escolatorrelameu\/wp-content\/uploads\/usu2232\/2024\/04\/buscant-caragols-1-1024x566.jpg 1024w, https:\/\/agora.xtec.cat\/escolatorrelameu\/wp-content\/uploads\/usu2232\/2024\/04\/buscant-caragols-1-768x425.jpg 768w\" sizes=\"auto, (max-width: 1194px) 100vw, 1194px\" \/><\/p>\n<p>A principis d&#8217;abril, en un costat del terrari, vam tenir la gran sorpresa! Hi havia unes boles blanques, moltes, unes al costat de les altres, enterrades. Els caragols havien posat ous!<\/p>\n<p><img loading=\"lazy\" decoding=\"async\" class=\"wp-image-3013 aligncenter\" src=\"https:\/\/agora.xtec.cat\/escolatorrelameu\/wp-content\/uploads\/usu2232\/2024\/04\/IMG_20240408_100436.jpg\" alt=\"\" width=\"256\" height=\"284\" srcset=\"https:\/\/agora.xtec.cat\/escolatorrelameu\/wp-content\/uploads\/usu2232\/2024\/04\/IMG_20240408_100436.jpg 2080w, https:\/\/agora.xtec.cat\/escolatorrelameu\/wp-content\/uploads\/usu2232\/2024\/04\/IMG_20240408_100436-271x300.jpg 271w, https:\/\/agora.xtec.cat\/escolatorrelameu\/wp-content\/uploads\/usu2232\/2024\/04\/IMG_20240408_100436-924x1024.jpg 924w, https:\/\/agora.xtec.cat\/escolatorrelameu\/wp-content\/uploads\/usu2232\/2024\/04\/IMG_20240408_100436-768x851.jpg 768w, https:\/\/agora.xtec.cat\/escolatorrelameu\/wp-content\/uploads\/usu2232\/2024\/04\/IMG_20240408_100436-1387x1536.jpg 1387w, https:\/\/agora.xtec.cat\/escolatorrelameu\/wp-content\/uploads\/usu2232\/2024\/04\/IMG_20240408_100436-1849x2048.jpg 1849w\" sizes=\"auto, (max-width: 256px) 100vw, 256px\" \/><\/p>\n<p>A mig abril van comen\u00e7ar a sortir uns caragolets petits, petits, petits&#8230; N&#8217;hi havia molt\u00edssims i ens els vam mirar amb el microscopi.<\/p>\n<div style=\"width: 320px;\" class=\"wp-video\"><!--[if lt IE 9]><script>document.createElement('video');<\/script><![endif]-->\n<video class=\"wp-video-shortcode\" id=\"video-3009-1\" width=\"320\" height=\"240\" preload=\"metadata\" controls=\"controls\"><source type=\"video\/mp4\" src=\"https:\/\/agora.xtec.cat\/escolatorrelameu\/wp-content\/uploads\/usu2232\/2024\/04\/caragols_2.mp4?_=1\" \/><a href=\"https:\/\/agora.xtec.cat\/escolatorrelameu\/wp-content\/uploads\/usu2232\/2024\/04\/caragols_2.mp4\">https:\/\/agora.xtec.cat\/escolatorrelameu\/wp-content\/uploads\/usu2232\/2024\/04\/caragols_2.mp4<\/a><\/video><\/div>\n<p>Vam veure bategar alguna cosa dins la closca, i vam deduir que era el seu cor. Ho vam gravar i tot!<\/p>\n<div style=\"width: 320px;\" class=\"wp-video\"><video class=\"wp-video-shortcode\" id=\"video-3009-2\" width=\"320\" height=\"240\" preload=\"metadata\" controls=\"controls\"><source type=\"video\/mp4\" src=\"https:\/\/agora.xtec.cat\/escolatorrelameu\/wp-content\/uploads\/usu2232\/2024\/04\/caragols_1.mp4?_=2\" \/><a href=\"https:\/\/agora.xtec.cat\/escolatorrelameu\/wp-content\/uploads\/usu2232\/2024\/04\/caragols_1.mp4\">https:\/\/agora.xtec.cat\/escolatorrelameu\/wp-content\/uploads\/usu2232\/2024\/04\/caragols_1.mp4<\/a><\/video><\/div>\n<p>S\u00f3n tant petits que has d&#8217;anar amb compte quan els toques, perqu\u00e8 la closca no \u00e9s dura. Vam mirar uns v\u00eddeos d&#8217;una noia que en sap molt i que explicava com fer pinso amb closques d&#8217;ous, barrejat amb farina i pa ratllat. Despr\u00e9s de tastar la pasta no hi van anar gaire. Haurem de buscar la recepta exacta que els agradi, per poder veure com creixen. I anar ampliant el terrari!<img loading=\"lazy\" decoding=\"async\" class=\"wp-image-3021 aligncenter\" src=\"https:\/\/agora.xtec.cat\/escolatorrelameu\/wp-content\/uploads\/usu2232\/2024\/04\/buscant-caragols-2.jpg\" alt=\"\" width=\"478\" height=\"849\" srcset=\"https:\/\/agora.xtec.cat\/escolatorrelameu\/wp-content\/uploads\/usu2232\/2024\/04\/buscant-caragols-2.jpg 692w, https:\/\/agora.xtec.cat\/escolatorrelameu\/wp-content\/uploads\/usu2232\/2024\/04\/buscant-caragols-2-169x300.jpg 169w, https:\/\/agora.xtec.cat\/escolatorrelameu\/wp-content\/uploads\/usu2232\/2024\/04\/buscant-caragols-2-577x1024.jpg 577w\" sizes=\"auto, (max-width: 478px) 100vw, 478px\" \/><\/p>\n","protected":false},"excerpt":{"rendered":"<p>La hist\u00f2ria dels caragols de Petits arranca a principis de mar\u00e7, quan vam sortir a buscar-ne a les ribes dels camps que hi ha sota l&#8217;escola. En vam trobar poquets, enterrats, i semblava que estaven morts. Encara feia fred!<\/p>\n<p>Els vam preparar un terrari, vam investigar&hellip;  <a href=\"https:\/\/agora.xtec.cat\/escolatorrelameu\/general\/caragols-amunt-caragols-avall\/\" title=\"Read Caragols amunt, caragols avall&#8230;\">Llegeix m\u00e9s\u00bb<\/a><\/p>\n","protected":false},"author":14,"featured_media":3019,"comment_status":"open","ping_status":"closed","sticky":false,"template":"","format":"standard","meta":{"_bbp_topic_count":0,"_bbp_reply_count":0,"_bbp_total_topic_count":0,"_bbp_total_reply_count":0,"_bbp_voice_count":0,"_bbp_anonymous_reply_count":0,"_bbp_topic_count_hidden":0,"_bbp_reply_count_hidden":0,"_bbp_forum_subforum_count":0,"footnotes":""},"categories":[1],"tags":[],"class_list":["post-3009","post","type-post","status-publish","format-standard","has-post-thumbnail","hentry","category-general"],"post_mailing_queue_ids":[],"_links":{"self":[{"href":"https:\/\/agora.xtec.cat\/escolatorrelameu\/wp-json\/wp\/v2\/posts\/3009","targetHints":{"allow":["GET"]}}],"collection":[{"href":"https:\/\/agora.xtec.cat\/escolatorrelameu\/wp-json\/wp\/v2\/posts"}],"about":[{"href":"https:\/\/agora.xtec.cat\/escolatorrelameu\/wp-json\/wp\/v2\/types\/post"}],"author":[{"embeddable":true,"href":"https:\/\/agora.xtec.cat\/escolatorrelameu\/wp-json\/wp\/v2\/users\/14"}],"replies":[{"embeddable":true,"href":"https:\/\/agora.xtec.cat\/escolatorrelameu\/wp-json\/wp\/v2\/comments?post=3009"}],"version-history":[{"count":6,"href":"https:\/\/agora.xtec.cat\/escolatorrelameu\/wp-json\/wp\/v2\/posts\/3009\/revisions"}],"predecessor-version":[{"id":3026,"href":"https:\/\/agora.xtec.cat\/escolatorrelameu\/wp-json\/wp\/v2\/posts\/3009\/revisions\/3026"}],"wp:featuredmedia":[{"embeddable":true,"href":"https:\/\/agora.xtec.cat\/escolatorrelameu\/wp-json\/wp\/v2\/media\/3019"}],"wp:attachment":[{"href":"https:\/\/agora.xtec.cat\/escolatorrelameu\/wp-json\/wp\/v2\/media?parent=3009"}],"wp:term":[{"taxonomy":"category","embeddable":true,"href":"https:\/\/agora.xtec.cat\/escolatorrelameu\/wp-json\/wp\/v2\/categories?post=3009"},{"taxonomy":"post_tag","embeddable":true,"href":"https:\/\/agora.xtec.cat\/escolatorrelameu\/wp-json\/wp\/v2\/tags?post=3009"}],"curies":[{"name":"wp","href":"https:\/\/api.w.org\/{rel}","templated":true}]}}