{"id":3002,"date":"2024-04-21T11:52:32","date_gmt":"2024-04-21T09:52:32","guid":{"rendered":"https:\/\/agora.xtec.cat\/escolatorrelameu\/?p=3002"},"modified":"2024-04-21T18:39:17","modified_gmt":"2024-04-21T16:39:17","slug":"un-niu-davant-de-laula","status":"publish","type":"post","link":"https:\/\/agora.xtec.cat\/escolatorrelameu\/general\/un-niu-davant-de-laula\/","title":{"rendered":"Un niu davant de l&#8217;aula!"},"content":{"rendered":"<p style=\"text-align: justify;\">L&#8217;escola rural t\u00e9 una connexi\u00f3 especial amb el seu entorn, que evidentment, est\u00e0 vinculada a la natura que l&#8217;envolta. I, de tant en tant, ens fa regals. Com el d&#8217;aquesta setmana.<\/p>\n<p style=\"text-align: justify;\">Just davant de l&#8217;aula de Petits, a l&#8217;arbre que hi ha davant de la finestra, dijous vam detectar molt moviment. Un ocell anava i venia. Ens hi vam fixar i vam veure que n&#8217;hi havia un altre enmig de les branques, esperant.<\/p>\n<p style=\"text-align: justify;\">I s&#8217;inicia la conversa&#8230;:\u00a0 Qu\u00e8 s\u00f3n?, \u00c0necs de coll verd!, Vols dir? No hi veig res verd!, Noooo! S\u00f3n palomas!, Coloms?, S\u00ed\u00ed\u00ed\u00ed\u00ed\u00ed!, Porta cucs!, Mira com els agafa l&#8217;altre!, Noooooo!, S\u00f3n branques!, S\u00ed, s\u00ed!, Fan un niu!, Hi ha el ous?, Nooooo, han d&#8217;acabar de fer el niu primer! L&#8217;emoci\u00f3 ens porta a fer soroll i, de sobte, l&#8217;ocell que anava i venia es queda vigilant damunt del porxo de l&#8217;entrada.<\/p>\n<p style=\"text-align: justify;\">Una estona m\u00e9s tard, el niu \u00e9s buit. Els dos coloms han marxat. Alg\u00fa ha estirat l&#8217;escor\u00e7a de l&#8217;arbre i potser s&#8217;han espantat.<\/p>\n<p style=\"text-align: justify;\">Divendres, per sort, tornem a veure la parella de coloms, un esperant i l&#8217;altre atrafegat anant i venint. Esperem que es quedin fins a posar els ous i desitgem veure els pollets.<\/p>\n<p style=\"text-align: justify;\">Si els voleu veure, ja sabeu on sou. Sigueu curosos i no feu molt d&#8217;enrenou. Nosaltres, els Petits, els continuarem observant de la finestra de l&#8217;escola.\u00a0 <img loading=\"lazy\" decoding=\"async\" class=\"aligncenter size-full wp-image-3001\" src=\"https:\/\/agora.xtec.cat\/escolatorrelameu\/wp-content\/uploads\/usu2232\/2024\/04\/coloms.jpg\" alt=\"\" width=\"1333\" height=\"2000\" srcset=\"https:\/\/agora.xtec.cat\/escolatorrelameu\/wp-content\/uploads\/usu2232\/2024\/04\/coloms.jpg 1333w, https:\/\/agora.xtec.cat\/escolatorrelameu\/wp-content\/uploads\/usu2232\/2024\/04\/coloms-200x300.jpg 200w, https:\/\/agora.xtec.cat\/escolatorrelameu\/wp-content\/uploads\/usu2232\/2024\/04\/coloms-682x1024.jpg 682w, https:\/\/agora.xtec.cat\/escolatorrelameu\/wp-content\/uploads\/usu2232\/2024\/04\/coloms-768x1152.jpg 768w, https:\/\/agora.xtec.cat\/escolatorrelameu\/wp-content\/uploads\/usu2232\/2024\/04\/coloms-1024x1536.jpg 1024w\" sizes=\"auto, (max-width: 1333px) 100vw, 1333px\" \/><\/p>\n<p>&nbsp;<\/p>\n","protected":false},"excerpt":{"rendered":"<p>L&#8217;escola rural t\u00e9 una connexi\u00f3 especial amb el seu entorn, que evidentment, est\u00e0 vinculada a la natura que l&#8217;envolta. I, de tant en tant, ens fa regals. Com el d&#8217;aquesta setmana.<br \/>\nJust davant de l&#8217;aula de Petits, a l&#8217;arbre que hi ha davant de la finestra,&hellip;  <a href=\"https:\/\/agora.xtec.cat\/escolatorrelameu\/general\/un-niu-davant-de-laula\/\" title=\"Read Un niu davant de l&#8217;aula!\">Llegeix m\u00e9s\u00bb<\/a><\/p>\n","protected":false},"author":14,"featured_media":3004,"comment_status":"open","ping_status":"closed","sticky":false,"template":"","format":"standard","meta":{"_bbp_topic_count":0,"_bbp_reply_count":0,"_bbp_total_topic_count":0,"_bbp_total_reply_count":0,"_bbp_voice_count":0,"_bbp_anonymous_reply_count":0,"_bbp_topic_count_hidden":0,"_bbp_reply_count_hidden":0,"_bbp_forum_subforum_count":0,"footnotes":""},"categories":[1],"tags":[],"class_list":["post-3002","post","type-post","status-publish","format-standard","has-post-thumbnail","hentry","category-general"],"post_mailing_queue_ids":[],"_links":{"self":[{"href":"https:\/\/agora.xtec.cat\/escolatorrelameu\/wp-json\/wp\/v2\/posts\/3002","targetHints":{"allow":["GET"]}}],"collection":[{"href":"https:\/\/agora.xtec.cat\/escolatorrelameu\/wp-json\/wp\/v2\/posts"}],"about":[{"href":"https:\/\/agora.xtec.cat\/escolatorrelameu\/wp-json\/wp\/v2\/types\/post"}],"author":[{"embeddable":true,"href":"https:\/\/agora.xtec.cat\/escolatorrelameu\/wp-json\/wp\/v2\/users\/14"}],"replies":[{"embeddable":true,"href":"https:\/\/agora.xtec.cat\/escolatorrelameu\/wp-json\/wp\/v2\/comments?post=3002"}],"version-history":[{"count":1,"href":"https:\/\/agora.xtec.cat\/escolatorrelameu\/wp-json\/wp\/v2\/posts\/3002\/revisions"}],"predecessor-version":[{"id":3003,"href":"https:\/\/agora.xtec.cat\/escolatorrelameu\/wp-json\/wp\/v2\/posts\/3002\/revisions\/3003"}],"wp:featuredmedia":[{"embeddable":true,"href":"https:\/\/agora.xtec.cat\/escolatorrelameu\/wp-json\/wp\/v2\/media\/3004"}],"wp:attachment":[{"href":"https:\/\/agora.xtec.cat\/escolatorrelameu\/wp-json\/wp\/v2\/media?parent=3002"}],"wp:term":[{"taxonomy":"category","embeddable":true,"href":"https:\/\/agora.xtec.cat\/escolatorrelameu\/wp-json\/wp\/v2\/categories?post=3002"},{"taxonomy":"post_tag","embeddable":true,"href":"https:\/\/agora.xtec.cat\/escolatorrelameu\/wp-json\/wp\/v2\/tags?post=3002"}],"curies":[{"name":"wp","href":"https:\/\/api.w.org\/{rel}","templated":true}]}}