{"id":2997,"date":"2024-04-06T18:44:02","date_gmt":"2024-04-06T16:44:02","guid":{"rendered":"https:\/\/agora.xtec.cat\/escolatorrelameu\/?p=2997"},"modified":"2024-04-06T18:44:02","modified_gmt":"2024-04-06T16:44:02","slug":"presentacio-del-documental-records-del-nostre-poble-al-museu-terra","status":"publish","type":"post","link":"https:\/\/agora.xtec.cat\/escolatorrelameu\/general\/presentacio-del-documental-records-del-nostre-poble-al-museu-terra\/","title":{"rendered":"Presentaci\u00f3 del documental &#8220;Records del nostre poble&#8221; al Museu Terra"},"content":{"rendered":"<p>Els nens i nenes del grup de grans vam ser invitats al <a href=\"https:\/\/museuvidarural.cat\/\">Museu Terra<\/a> de l&#8217;Espluga de Francol\u00ed per presentar el documental que vam fer el curs passat, dins de l&#8217;exposici\u00f3 temporal &#8220;M\u00e9s lloc per a la fosca&#8221; en relaci\u00f3 amb l&#8217;obra de V\u00edctor Catal\u00e0.<\/p>\n<p>En acabar de veure les projeccions es va establir una interessant conversa entre els espectadors, els nois i noies de l&#8217;escola i un dels protagonistes del documental, el Ramon Re\u00f1\u00e9, per parlar del proc\u00e9s de creaci\u00f3 d&#8217;un curtmetratge, dels canvis i la relaci\u00f3 amb el m\u00f3n rural, entre altres.<\/p>\n<p>Va ser una bonica experi\u00e8ncia on els nois davant d&#8217;un grup de persones adultes s\u00f3n capa\u00e7os d&#8217;expressar emocions i experi\u00e8ncies amb rigor, bones paraules, representant l&#8217;escola de Torrelameu fent m\u00e9s gran la confian\u00e7a cap all\u00f2 que fem.<\/p>\n<p><img loading=\"lazy\" decoding=\"async\" class=\"aligncenter size-full wp-image-2998\" src=\"https:\/\/agora.xtec.cat\/escolatorrelameu\/wp-content\/uploads\/usu2232\/2024\/04\/image_50434561-scaled.jpg\" alt=\"\" width=\"2560\" height=\"1920\" srcset=\"https:\/\/agora.xtec.cat\/escolatorrelameu\/wp-content\/uploads\/usu2232\/2024\/04\/image_50434561-scaled.jpg 2560w, https:\/\/agora.xtec.cat\/escolatorrelameu\/wp-content\/uploads\/usu2232\/2024\/04\/image_50434561-300x225.jpg 300w, https:\/\/agora.xtec.cat\/escolatorrelameu\/wp-content\/uploads\/usu2232\/2024\/04\/image_50434561-1024x768.jpg 1024w, https:\/\/agora.xtec.cat\/escolatorrelameu\/wp-content\/uploads\/usu2232\/2024\/04\/image_50434561-768x576.jpg 768w, https:\/\/agora.xtec.cat\/escolatorrelameu\/wp-content\/uploads\/usu2232\/2024\/04\/image_50434561-1536x1152.jpg 1536w, https:\/\/agora.xtec.cat\/escolatorrelameu\/wp-content\/uploads\/usu2232\/2024\/04\/image_50434561-2048x1536.jpg 2048w, https:\/\/agora.xtec.cat\/escolatorrelameu\/wp-content\/uploads\/usu2232\/2024\/04\/image_50434561-200x150.jpg 200w\" sizes=\"auto, (max-width: 2560px) 100vw, 2560px\" \/><\/p>\n<p>&nbsp;<\/p>\n<p><img loading=\"lazy\" decoding=\"async\" class=\"aligncenter size-full wp-image-2999\" src=\"https:\/\/agora.xtec.cat\/escolatorrelameu\/wp-content\/uploads\/usu2232\/2024\/04\/image_50387457-scaled.jpg\" alt=\"\" width=\"2560\" height=\"1893\" srcset=\"https:\/\/agora.xtec.cat\/escolatorrelameu\/wp-content\/uploads\/usu2232\/2024\/04\/image_50387457-scaled.jpg 2560w, https:\/\/agora.xtec.cat\/escolatorrelameu\/wp-content\/uploads\/usu2232\/2024\/04\/image_50387457-300x222.jpg 300w, https:\/\/agora.xtec.cat\/escolatorrelameu\/wp-content\/uploads\/usu2232\/2024\/04\/image_50387457-1024x757.jpg 1024w, https:\/\/agora.xtec.cat\/escolatorrelameu\/wp-content\/uploads\/usu2232\/2024\/04\/image_50387457-768x568.jpg 768w, https:\/\/agora.xtec.cat\/escolatorrelameu\/wp-content\/uploads\/usu2232\/2024\/04\/image_50387457-1536x1136.jpg 1536w, https:\/\/agora.xtec.cat\/escolatorrelameu\/wp-content\/uploads\/usu2232\/2024\/04\/image_50387457-2048x1514.jpg 2048w\" sizes=\"auto, (max-width: 2560px) 100vw, 2560px\" \/><\/p>\n<p>&nbsp;<\/p>\n","protected":false},"excerpt":{"rendered":"<p>Els nens i nenes del grup de grans vam ser invitats al <a href=\"https:\/\/museuvidarural.cat\/\">Museu Terra<\/a> de l&#8217;Espluga de Francol\u00ed per presentar el documental que vam fer el curs passat, dins de l&#8217;exposici\u00f3 temporal &#8220;M\u00e9s lloc per a la fosca&#8221; en relaci\u00f3 amb l&#8217;obra de V\u00edctor&hellip;  <a href=\"https:\/\/agora.xtec.cat\/escolatorrelameu\/general\/presentacio-del-documental-records-del-nostre-poble-al-museu-terra\/\" title=\"Read Presentaci\u00f3 del documental &#8220;Records del nostre poble&#8221; al Museu Terra\">Llegeix m\u00e9s\u00bb<\/a><\/p>\n","protected":false},"author":14,"featured_media":2998,"comment_status":"open","ping_status":"closed","sticky":false,"template":"","format":"standard","meta":{"_bbp_topic_count":0,"_bbp_reply_count":0,"_bbp_total_topic_count":0,"_bbp_total_reply_count":0,"_bbp_voice_count":0,"_bbp_anonymous_reply_count":0,"_bbp_topic_count_hidden":0,"_bbp_reply_count_hidden":0,"_bbp_forum_subforum_count":0,"footnotes":""},"categories":[1,63,5],"tags":[],"class_list":["post-2997","post","type-post","status-publish","format-standard","has-post-thumbnail","hentry","category-general","category-grans","category-primaria"],"post_mailing_queue_ids":[],"_links":{"self":[{"href":"https:\/\/agora.xtec.cat\/escolatorrelameu\/wp-json\/wp\/v2\/posts\/2997","targetHints":{"allow":["GET"]}}],"collection":[{"href":"https:\/\/agora.xtec.cat\/escolatorrelameu\/wp-json\/wp\/v2\/posts"}],"about":[{"href":"https:\/\/agora.xtec.cat\/escolatorrelameu\/wp-json\/wp\/v2\/types\/post"}],"author":[{"embeddable":true,"href":"https:\/\/agora.xtec.cat\/escolatorrelameu\/wp-json\/wp\/v2\/users\/14"}],"replies":[{"embeddable":true,"href":"https:\/\/agora.xtec.cat\/escolatorrelameu\/wp-json\/wp\/v2\/comments?post=2997"}],"version-history":[{"count":1,"href":"https:\/\/agora.xtec.cat\/escolatorrelameu\/wp-json\/wp\/v2\/posts\/2997\/revisions"}],"predecessor-version":[{"id":3000,"href":"https:\/\/agora.xtec.cat\/escolatorrelameu\/wp-json\/wp\/v2\/posts\/2997\/revisions\/3000"}],"wp:featuredmedia":[{"embeddable":true,"href":"https:\/\/agora.xtec.cat\/escolatorrelameu\/wp-json\/wp\/v2\/media\/2998"}],"wp:attachment":[{"href":"https:\/\/agora.xtec.cat\/escolatorrelameu\/wp-json\/wp\/v2\/media?parent=2997"}],"wp:term":[{"taxonomy":"category","embeddable":true,"href":"https:\/\/agora.xtec.cat\/escolatorrelameu\/wp-json\/wp\/v2\/categories?post=2997"},{"taxonomy":"post_tag","embeddable":true,"href":"https:\/\/agora.xtec.cat\/escolatorrelameu\/wp-json\/wp\/v2\/tags?post=2997"}],"curies":[{"name":"wp","href":"https:\/\/api.w.org\/{rel}","templated":true}]}}