{"id":2983,"date":"2024-03-22T09:00:44","date_gmt":"2024-03-22T08:00:44","guid":{"rendered":"https:\/\/agora.xtec.cat\/escolatorrelameu\/?p=2983"},"modified":"2024-03-22T01:28:59","modified_gmt":"2024-03-22T00:28:59","slug":"emocionades-que-sentim-com-ha-anat","status":"publish","type":"post","link":"https:\/\/agora.xtec.cat\/escolatorrelameu\/general\/emocionades-que-sentim-com-ha-anat\/","title":{"rendered":"Emocionades!! Qu\u00e8 sentim? Com ha anat?"},"content":{"rendered":"<p style=\"text-align: justify;\">Aquest \u00e9s un article diferent, que comen\u00e7a des de les expectatives, de les sensacions pr\u00e8vies, dels desigs&#8230; \u00c9s un escrit que ens parla dels neguits i de les emocions d&#8217;un dia tan especial i m\u00e0gic com la nit a l&#8217;escola. \u00c9s un article que fa d&#8217;altaveu i que crida als quatre vents les paraules de barrila, gatzara i alegria dels nens i nenes que configuren l&#8217;escola.\u00a0Tot seguit, tamb\u00e9 ficarem un recull de fotografies del que ha esdevingut.<\/p>\n<p>I diuen:<\/p>\n<p style=\"text-align: justify;\"><em>Com cada any, l&#8217;\u00faltima nit del segon trimestre, des d&#8217;I3 a 6\u00e8 ens quedem a dormir a l&#8217;escola. Durant la tarda fem una excursi\u00f3, aquest any a l&#8217;estany d&#8217;Ivars i Vila-sana. All\u00ed berenarem i farem una ruta al voltant de l&#8217;estany. A dos quarts de set, tornarem a l&#8217;escola. Un cop all\u00ed, transformarem les aules en habitacions. Pararem les taules i soparem. Despr\u00e9s sortirem a fer jocs amb les llanternes. Llavors anirem a dormir, els Grans nom\u00e9s ho farem veure. L&#8217;endem\u00e0 tindrem coca amb xocolata per esmorzar.<\/em><\/p>\n<p><em style=\"text-align: justify;\">Som poques escoles les que es queden a dormir els nens i els mestres. <\/em><em>Estic molt emocionada perqu\u00e8 \u00e9s el meu \u00faltim any i em fa molta emoci\u00f3 quedar-me a dormir a l&#8217;escola.\u00a0<\/em><em style=\"text-align: justify;\">Estic emocionada perqu\u00e8 \u00e9s la meva primera vegada que faig la nit a l&#8217;escola. <\/em><em style=\"font-family: inherit; font-size: 1em; text-align: justify;\">Passar la nit en un lloc, \u00e9s com tornar-lo a descobrir. <\/em><em style=\"font-family: inherit; font-size: 1em; text-align: justify;\">\u00c9s molt emocionant: sopar i dormir tots junts. <\/em><em style=\"font-family: inherit; font-size: 1em; text-align: justify;\">Interessant, divertit, diferent&#8230; dormir a l&#8217;escola. <\/em><em style=\"font-family: inherit; font-size: 1em;\">Em fa molta il\u00b7lusi\u00f3 fer la nit a l&#8217;escola, vull jugar a jocs de taula, pintar cares i parlar d&#8217;hist\u00f2ries de terror.<\/em><\/p>\n<p style=\"text-align: justify;\"><em>Un dia em vaig quedar a dormir al Casalet, per\u00f2 a l&#8217;escola mai. Estic nervi\u00f3s, en tinc moltes ganes perqu\u00e8 farem una excursi\u00f3.\u00a0<\/em><em>En tinc moltes ganes de quedar-me a dormir a l&#8217;escola amb els meus amics i d&#8217;anar d&#8217;excursi\u00f3 a Ivars.\u00a0 T<\/em><em style=\"font-family: inherit; font-size: 1em;\">inc curiositat per veure l&#8217;estany.<\/em><\/p>\n<p style=\"text-align: justify;\"><em>\u00c9s una experi\u00e8ncia que ja hem viscut, per\u00f2 vols tornar a repetir.\u00a0<\/em><em>Em faria molta il\u00b7lusi\u00f3 fer els jocs de nit, l&#8217;any vinent (com a ex-alumna).<\/em><\/p>\n<p style=\"text-align: justify;\">I, per evidenciar el que hem viscut&#8230; us deixem un recull de fotografies.<\/p>\n<p><img loading=\"lazy\" decoding=\"async\" class=\"aligncenter size-full wp-image-2986\" src=\"https:\/\/agora.xtec.cat\/escolatorrelameu\/wp-content\/uploads\/usu2232\/2024\/03\/1-1.jpg\" alt=\"\" width=\"923\" height=\"1874\" srcset=\"https:\/\/agora.xtec.cat\/escolatorrelameu\/wp-content\/uploads\/usu2232\/2024\/03\/1-1.jpg 923w, https:\/\/agora.xtec.cat\/escolatorrelameu\/wp-content\/uploads\/usu2232\/2024\/03\/1-1-148x300.jpg 148w, https:\/\/agora.xtec.cat\/escolatorrelameu\/wp-content\/uploads\/usu2232\/2024\/03\/1-1-504x1024.jpg 504w, https:\/\/agora.xtec.cat\/escolatorrelameu\/wp-content\/uploads\/usu2232\/2024\/03\/1-1-768x1559.jpg 768w, https:\/\/agora.xtec.cat\/escolatorrelameu\/wp-content\/uploads\/usu2232\/2024\/03\/1-1-757x1536.jpg 757w\" sizes=\"auto, (max-width: 923px) 100vw, 923px\" \/><\/p>\n<p><img loading=\"lazy\" decoding=\"async\" class=\"aligncenter size-full wp-image-2987\" src=\"https:\/\/agora.xtec.cat\/escolatorrelameu\/wp-content\/uploads\/usu2232\/2024\/03\/2.jpg\" alt=\"\" width=\"928\" height=\"1874\" srcset=\"https:\/\/agora.xtec.cat\/escolatorrelameu\/wp-content\/uploads\/usu2232\/2024\/03\/2.jpg 928w, https:\/\/agora.xtec.cat\/escolatorrelameu\/wp-content\/uploads\/usu2232\/2024\/03\/2-149x300.jpg 149w, https:\/\/agora.xtec.cat\/escolatorrelameu\/wp-content\/uploads\/usu2232\/2024\/03\/2-507x1024.jpg 507w, https:\/\/agora.xtec.cat\/escolatorrelameu\/wp-content\/uploads\/usu2232\/2024\/03\/2-768x1551.jpg 768w, https:\/\/agora.xtec.cat\/escolatorrelameu\/wp-content\/uploads\/usu2232\/2024\/03\/2-761x1536.jpg 761w\" sizes=\"auto, (max-width: 928px) 100vw, 928px\" \/><\/p>\n","protected":false},"excerpt":{"rendered":"<p>Aquest \u00e9s un article diferent, que comen\u00e7a des de les expectatives, de les sensacions pr\u00e8vies, dels desigs&#8230; \u00c9s un escrit que ens parla dels neguits i de les emocions d&#8217;un dia tan especial i m\u00e0gic com la nit a l&#8217;escola. \u00c9s un article que fa&hellip;  <a href=\"https:\/\/agora.xtec.cat\/escolatorrelameu\/general\/emocionades-que-sentim-com-ha-anat\/\" title=\"Read Emocionades!! Qu\u00e8 sentim? Com ha anat?\">Llegeix m\u00e9s\u00bb<\/a><\/p>\n","protected":false},"author":14,"featured_media":2989,"comment_status":"open","ping_status":"closed","sticky":false,"template":"","format":"standard","meta":{"_bbp_topic_count":0,"_bbp_reply_count":0,"_bbp_total_topic_count":0,"_bbp_total_reply_count":0,"_bbp_voice_count":0,"_bbp_anonymous_reply_count":0,"_bbp_topic_count_hidden":0,"_bbp_reply_count_hidden":0,"_bbp_forum_subforum_count":0,"footnotes":""},"categories":[1],"tags":[],"class_list":["post-2983","post","type-post","status-publish","format-standard","has-post-thumbnail","hentry","category-general"],"post_mailing_queue_ids":[],"_links":{"self":[{"href":"https:\/\/agora.xtec.cat\/escolatorrelameu\/wp-json\/wp\/v2\/posts\/2983","targetHints":{"allow":["GET"]}}],"collection":[{"href":"https:\/\/agora.xtec.cat\/escolatorrelameu\/wp-json\/wp\/v2\/posts"}],"about":[{"href":"https:\/\/agora.xtec.cat\/escolatorrelameu\/wp-json\/wp\/v2\/types\/post"}],"author":[{"embeddable":true,"href":"https:\/\/agora.xtec.cat\/escolatorrelameu\/wp-json\/wp\/v2\/users\/14"}],"replies":[{"embeddable":true,"href":"https:\/\/agora.xtec.cat\/escolatorrelameu\/wp-json\/wp\/v2\/comments?post=2983"}],"version-history":[{"count":3,"href":"https:\/\/agora.xtec.cat\/escolatorrelameu\/wp-json\/wp\/v2\/posts\/2983\/revisions"}],"predecessor-version":[{"id":2990,"href":"https:\/\/agora.xtec.cat\/escolatorrelameu\/wp-json\/wp\/v2\/posts\/2983\/revisions\/2990"}],"wp:featuredmedia":[{"embeddable":true,"href":"https:\/\/agora.xtec.cat\/escolatorrelameu\/wp-json\/wp\/v2\/media\/2989"}],"wp:attachment":[{"href":"https:\/\/agora.xtec.cat\/escolatorrelameu\/wp-json\/wp\/v2\/media?parent=2983"}],"wp:term":[{"taxonomy":"category","embeddable":true,"href":"https:\/\/agora.xtec.cat\/escolatorrelameu\/wp-json\/wp\/v2\/categories?post=2983"},{"taxonomy":"post_tag","embeddable":true,"href":"https:\/\/agora.xtec.cat\/escolatorrelameu\/wp-json\/wp\/v2\/tags?post=2983"}],"curies":[{"name":"wp","href":"https:\/\/api.w.org\/{rel}","templated":true}]}}