{"id":2976,"date":"2024-03-17T22:25:28","date_gmt":"2024-03-17T21:25:28","guid":{"rendered":"https:\/\/agora.xtec.cat\/escolatorrelameu\/?p=2976"},"modified":"2024-03-17T22:25:28","modified_gmt":"2024-03-17T21:25:28","slug":"comptem-menus","status":"publish","type":"post","link":"https:\/\/agora.xtec.cat\/escolatorrelameu\/general\/comptem-menus\/","title":{"rendered":"Comptem men\u00fas"},"content":{"rendered":"<p>Els Petits hem estat els encarregats de fer la proposta dels men\u00fas per a la Nit a l&#8217;escola. Despr\u00e9s de parlar de qu\u00e8 havien sopat els dies anteriors i qu\u00e8 s&#8217;havia menjat en anteriors ocasions proposem les seg\u00fcents opcions:<img loading=\"lazy\" decoding=\"async\" class=\"wp-image-2978 aligncenter\" src=\"https:\/\/agora.xtec.cat\/escolatorrelameu\/wp-content\/uploads\/usu2232\/2024\/03\/1.jpg\" alt=\"\" width=\"316\" height=\"447\" srcset=\"https:\/\/agora.xtec.cat\/escolatorrelameu\/wp-content\/uploads\/usu2232\/2024\/03\/1.jpg 1414w, https:\/\/agora.xtec.cat\/escolatorrelameu\/wp-content\/uploads\/usu2232\/2024\/03\/1-212x300.jpg 212w, https:\/\/agora.xtec.cat\/escolatorrelameu\/wp-content\/uploads\/usu2232\/2024\/03\/1-724x1024.jpg 724w, https:\/\/agora.xtec.cat\/escolatorrelameu\/wp-content\/uploads\/usu2232\/2024\/03\/1-768x1086.jpg 768w, https:\/\/agora.xtec.cat\/escolatorrelameu\/wp-content\/uploads\/usu2232\/2024\/03\/1-1086x1536.jpg 1086w\" sizes=\"auto, (max-width: 316px) 100vw, 316px\" \/><\/p>\n<p>Passem per totes les aules a explicar-ho i a repartir els papers per fer les votacions. Un cop les tenim, comen\u00e7a el recompte. Ho fem per colors i amb peces&#8230; Amb un cop d&#8217;ull ens adonem que hi ha calaixos que s&#8217;omplen r\u00e0pidament i que altres queden gaireb\u00e9 buits. No ens cal comptar gaire per saber qu\u00e8 ha guanyat, per\u00f2 tot i aix\u00ed fem els c\u00e0lculs amb el material de Base 10.<\/p>\n<p><img loading=\"lazy\" decoding=\"async\" class=\"aligncenter size-full wp-image-2980\" src=\"https:\/\/agora.xtec.cat\/escolatorrelameu\/wp-content\/uploads\/usu2232\/2024\/03\/compteig.jpg\" alt=\"\" width=\"992\" height=\"1668\" srcset=\"https:\/\/agora.xtec.cat\/escolatorrelameu\/wp-content\/uploads\/usu2232\/2024\/03\/compteig.jpg 992w, https:\/\/agora.xtec.cat\/escolatorrelameu\/wp-content\/uploads\/usu2232\/2024\/03\/compteig-178x300.jpg 178w, https:\/\/agora.xtec.cat\/escolatorrelameu\/wp-content\/uploads\/usu2232\/2024\/03\/compteig-609x1024.jpg 609w, https:\/\/agora.xtec.cat\/escolatorrelameu\/wp-content\/uploads\/usu2232\/2024\/03\/compteig-768x1291.jpg 768w, https:\/\/agora.xtec.cat\/escolatorrelameu\/wp-content\/uploads\/usu2232\/2024\/03\/compteig-913x1536.jpg 913w\" sizes=\"auto, (max-width: 992px) 100vw, 992px\" \/><\/p>\n<p>Per acabar, tornem a les aules a explicar els resultats. De primer, amanida de pasta, amb 24 vots (l&#8217;arr\u00f2s amb tomata, 21!); de segon, hamburguesa amb pa (33 vots); i, de postres, gelat, amb 37 vots!!!<\/p>\n<p><img loading=\"lazy\" decoding=\"async\" class=\"aligncenter size-full wp-image-2979\" src=\"https:\/\/agora.xtec.cat\/escolatorrelameu\/wp-content\/uploads\/usu2232\/2024\/03\/IMG-20240315-WA0010.jpg\" alt=\"\" width=\"2048\" height=\"1536\" srcset=\"https:\/\/agora.xtec.cat\/escolatorrelameu\/wp-content\/uploads\/usu2232\/2024\/03\/IMG-20240315-WA0010.jpg 2048w, https:\/\/agora.xtec.cat\/escolatorrelameu\/wp-content\/uploads\/usu2232\/2024\/03\/IMG-20240315-WA0010-300x225.jpg 300w, https:\/\/agora.xtec.cat\/escolatorrelameu\/wp-content\/uploads\/usu2232\/2024\/03\/IMG-20240315-WA0010-1024x768.jpg 1024w, https:\/\/agora.xtec.cat\/escolatorrelameu\/wp-content\/uploads\/usu2232\/2024\/03\/IMG-20240315-WA0010-768x576.jpg 768w, https:\/\/agora.xtec.cat\/escolatorrelameu\/wp-content\/uploads\/usu2232\/2024\/03\/IMG-20240315-WA0010-1536x1152.jpg 1536w, https:\/\/agora.xtec.cat\/escolatorrelameu\/wp-content\/uploads\/usu2232\/2024\/03\/IMG-20240315-WA0010-200x150.jpg 200w\" sizes=\"auto, (max-width: 2048px) 100vw, 2048px\" \/><\/p>\n","protected":false},"excerpt":{"rendered":"<p>Els Petits hem estat els encarregats de fer la proposta dels men\u00fas per a la Nit a l&#8217;escola. Despr\u00e9s de parlar de qu\u00e8 havien sopat els dies anteriors i qu\u00e8 s&#8217;havia menjat en anteriors ocasions proposem les seg\u00fcents opcions:<br \/>\nPassem per totes les aules a explicar-ho&hellip;  <a href=\"https:\/\/agora.xtec.cat\/escolatorrelameu\/general\/comptem-menus\/\" title=\"Read Comptem men\u00fas\">Llegeix m\u00e9s\u00bb<\/a><\/p>\n","protected":false},"author":14,"featured_media":2982,"comment_status":"open","ping_status":"closed","sticky":false,"template":"","format":"standard","meta":{"_bbp_topic_count":0,"_bbp_reply_count":0,"_bbp_total_topic_count":0,"_bbp_total_reply_count":0,"_bbp_voice_count":0,"_bbp_anonymous_reply_count":0,"_bbp_topic_count_hidden":0,"_bbp_reply_count_hidden":0,"_bbp_forum_subforum_count":0,"footnotes":""},"categories":[1,61],"tags":[],"class_list":["post-2976","post","type-post","status-publish","format-standard","has-post-thumbnail","hentry","category-general","category-petits"],"post_mailing_queue_ids":[],"_links":{"self":[{"href":"https:\/\/agora.xtec.cat\/escolatorrelameu\/wp-json\/wp\/v2\/posts\/2976","targetHints":{"allow":["GET"]}}],"collection":[{"href":"https:\/\/agora.xtec.cat\/escolatorrelameu\/wp-json\/wp\/v2\/posts"}],"about":[{"href":"https:\/\/agora.xtec.cat\/escolatorrelameu\/wp-json\/wp\/v2\/types\/post"}],"author":[{"embeddable":true,"href":"https:\/\/agora.xtec.cat\/escolatorrelameu\/wp-json\/wp\/v2\/users\/14"}],"replies":[{"embeddable":true,"href":"https:\/\/agora.xtec.cat\/escolatorrelameu\/wp-json\/wp\/v2\/comments?post=2976"}],"version-history":[{"count":2,"href":"https:\/\/agora.xtec.cat\/escolatorrelameu\/wp-json\/wp\/v2\/posts\/2976\/revisions"}],"predecessor-version":[{"id":2981,"href":"https:\/\/agora.xtec.cat\/escolatorrelameu\/wp-json\/wp\/v2\/posts\/2976\/revisions\/2981"}],"wp:featuredmedia":[{"embeddable":true,"href":"https:\/\/agora.xtec.cat\/escolatorrelameu\/wp-json\/wp\/v2\/media\/2982"}],"wp:attachment":[{"href":"https:\/\/agora.xtec.cat\/escolatorrelameu\/wp-json\/wp\/v2\/media?parent=2976"}],"wp:term":[{"taxonomy":"category","embeddable":true,"href":"https:\/\/agora.xtec.cat\/escolatorrelameu\/wp-json\/wp\/v2\/categories?post=2976"},{"taxonomy":"post_tag","embeddable":true,"href":"https:\/\/agora.xtec.cat\/escolatorrelameu\/wp-json\/wp\/v2\/tags?post=2976"}],"curies":[{"name":"wp","href":"https:\/\/api.w.org\/{rel}","templated":true}]}}