{"id":2965,"date":"2024-03-15T17:48:29","date_gmt":"2024-03-15T16:48:29","guid":{"rendered":"https:\/\/agora.xtec.cat\/escolatorrelameu\/?p=2965"},"modified":"2024-03-15T17:48:29","modified_gmt":"2024-03-15T16:48:29","slug":"compartir-i-teixir","status":"publish","type":"post","link":"https:\/\/agora.xtec.cat\/escolatorrelameu\/general\/compartir-i-teixir\/","title":{"rendered":"Compartir i teixir!!"},"content":{"rendered":"<p><span style=\"color: #b8784d;\"><strong>Compartir \u00e9s important!! <\/strong><\/span><\/p>\n<p><span style=\"color: #b8784d;\"><strong>Teixir camins juntes i connectar-nos \u00e9s engrescador!!<\/strong><\/span><\/p>\n<p><span style=\"color: #b8784d;\"><strong>Mostrar i aprendre constantment per un canvi de mirada \u00e9s agra\u00eft!!<\/strong><\/span><\/p>\n<p>Dimecres a la tarda vam rebre l&#8217;equip de mestres de la ZER Riu Ondara format per les escoles de Barbens i Tornabous.<\/p>\n<p>Ens vam asseure, vam fer una din\u00e0mica de presentaci\u00f3 en qu\u00e8 pregunt\u00e0vem qu\u00e8 esper\u00e0vem tots plegats d&#8217;aquest moment? Qu\u00e8 vol\u00edem? Que necessit\u00e0vem?<\/p>\n<p>La hist\u00f2ria de l&#8217;escola, la presentaci\u00f3 de l&#8217;Aprenc, el projecte de Cinema en curs i de Petit Cinema en curs, la participaci\u00f3 dels nens i nenes en el dia a dia de l&#8217;escola, les celebracions&#8230; han sigut alguns dels punts que hem compartit.\u00a0Despr\u00e9s hem fet un tomb pels edificis.<\/p>\n<p><img loading=\"lazy\" decoding=\"async\" class=\"aligncenter size-full wp-image-2970\" src=\"https:\/\/agora.xtec.cat\/escolatorrelameu\/wp-content\/uploads\/usu2232\/2024\/03\/zer-ondara.jpg\" alt=\"\" width=\"1423\" height=\"1414\" srcset=\"https:\/\/agora.xtec.cat\/escolatorrelameu\/wp-content\/uploads\/usu2232\/2024\/03\/zer-ondara.jpg 1423w, https:\/\/agora.xtec.cat\/escolatorrelameu\/wp-content\/uploads\/usu2232\/2024\/03\/zer-ondara-300x298.jpg 300w, https:\/\/agora.xtec.cat\/escolatorrelameu\/wp-content\/uploads\/usu2232\/2024\/03\/zer-ondara-1024x1018.jpg 1024w, https:\/\/agora.xtec.cat\/escolatorrelameu\/wp-content\/uploads\/usu2232\/2024\/03\/zer-ondara-150x150.jpg 150w, https:\/\/agora.xtec.cat\/escolatorrelameu\/wp-content\/uploads\/usu2232\/2024\/03\/zer-ondara-768x763.jpg 768w\" sizes=\"auto, (max-width: 1423px) 100vw, 1423px\" \/><\/p>\n<p>Ens hem trobat per fer el tancament. Amb qu\u00e8 marxes? Qu\u00e8 t&#8217;ha aportat aquesta visita? Us deixem una mostra de les paraules que hem posat i la relaci\u00f3 amb la fotografia triada.<\/p>\n<div style=\"width: 1280px;\" class=\"wp-video\"><!--[if lt IE 9]><script>document.createElement('video');<\/script><![endif]-->\n<video class=\"wp-video-shortcode\" id=\"video-2965-1\" width=\"1280\" height=\"720\" preload=\"metadata\" controls=\"controls\"><source type=\"video\/mp4\" src=\"https:\/\/agora.xtec.cat\/escolatorrelameu\/wp-content\/uploads\/usu2232\/2024\/03\/visita-ZER-Riu-Ondara.mp4?_=1\" \/><a href=\"https:\/\/agora.xtec.cat\/escolatorrelameu\/wp-content\/uploads\/usu2232\/2024\/03\/visita-ZER-Riu-Ondara.mp4\">https:\/\/agora.xtec.cat\/escolatorrelameu\/wp-content\/uploads\/usu2232\/2024\/03\/visita-ZER-Riu-Ondara.mp4<\/a><\/video><\/div>\n","protected":false},"excerpt":{"rendered":"<p>Compartir \u00e9s important!!<br \/>\nTeixir camins juntes i connectar-nos \u00e9s engrescador!!<br \/>\nMostrar i aprendre constantment per un canvi de mirada \u00e9s agra\u00eft!!<br \/>\nDimecres a la tarda vam rebre l&#8217;equip de mestres de la ZER Riu Ondara format per les escoles de Barbens i Tornabous.<br \/>\nEns vam asseure, vam fer&hellip;  <a href=\"https:\/\/agora.xtec.cat\/escolatorrelameu\/general\/compartir-i-teixir\/\" title=\"Read Compartir i teixir!!\">Llegeix m\u00e9s\u00bb<\/a><\/p>\n","protected":false},"author":14,"featured_media":2972,"comment_status":"open","ping_status":"closed","sticky":false,"template":"","format":"standard","meta":{"_bbp_topic_count":0,"_bbp_reply_count":0,"_bbp_total_topic_count":0,"_bbp_total_reply_count":0,"_bbp_voice_count":0,"_bbp_anonymous_reply_count":0,"_bbp_topic_count_hidden":0,"_bbp_reply_count_hidden":0,"_bbp_forum_subforum_count":0,"footnotes":""},"categories":[1],"tags":[],"class_list":["post-2965","post","type-post","status-publish","format-standard","has-post-thumbnail","hentry","category-general"],"post_mailing_queue_ids":[],"_links":{"self":[{"href":"https:\/\/agora.xtec.cat\/escolatorrelameu\/wp-json\/wp\/v2\/posts\/2965","targetHints":{"allow":["GET"]}}],"collection":[{"href":"https:\/\/agora.xtec.cat\/escolatorrelameu\/wp-json\/wp\/v2\/posts"}],"about":[{"href":"https:\/\/agora.xtec.cat\/escolatorrelameu\/wp-json\/wp\/v2\/types\/post"}],"author":[{"embeddable":true,"href":"https:\/\/agora.xtec.cat\/escolatorrelameu\/wp-json\/wp\/v2\/users\/14"}],"replies":[{"embeddable":true,"href":"https:\/\/agora.xtec.cat\/escolatorrelameu\/wp-json\/wp\/v2\/comments?post=2965"}],"version-history":[{"count":6,"href":"https:\/\/agora.xtec.cat\/escolatorrelameu\/wp-json\/wp\/v2\/posts\/2965\/revisions"}],"predecessor-version":[{"id":2975,"href":"https:\/\/agora.xtec.cat\/escolatorrelameu\/wp-json\/wp\/v2\/posts\/2965\/revisions\/2975"}],"wp:featuredmedia":[{"embeddable":true,"href":"https:\/\/agora.xtec.cat\/escolatorrelameu\/wp-json\/wp\/v2\/media\/2972"}],"wp:attachment":[{"href":"https:\/\/agora.xtec.cat\/escolatorrelameu\/wp-json\/wp\/v2\/media?parent=2965"}],"wp:term":[{"taxonomy":"category","embeddable":true,"href":"https:\/\/agora.xtec.cat\/escolatorrelameu\/wp-json\/wp\/v2\/categories?post=2965"},{"taxonomy":"post_tag","embeddable":true,"href":"https:\/\/agora.xtec.cat\/escolatorrelameu\/wp-json\/wp\/v2\/tags?post=2965"}],"curies":[{"name":"wp","href":"https:\/\/api.w.org\/{rel}","templated":true}]}}