{"id":2954,"date":"2024-03-11T11:27:41","date_gmt":"2024-03-11T10:27:41","guid":{"rendered":"https:\/\/agora.xtec.cat\/escolatorrelameu\/?p=2954"},"modified":"2024-03-11T22:49:00","modified_gmt":"2024-03-11T21:49:00","slug":"els-dinosaures-disona","status":"publish","type":"post","link":"https:\/\/agora.xtec.cat\/escolatorrelameu\/general\/els-dinosaures-disona\/","title":{"rendered":"Els dinosaures d&#8217;Isona"},"content":{"rendered":"<p>Divendres els Petits i els Creixents vam anar direcci\u00f3 el Pallars Juss\u00e0. De cam\u00ed a Isona, al port de Comiols, el paisatge ens va sorprendre, tot emblanquinat de la nit anterior!<\/p>\n<p><img loading=\"lazy\" decoding=\"async\" class=\"aligncenter wp-image-2959\" src=\"https:\/\/agora.xtec.cat\/escolatorrelameu\/wp-content\/uploads\/usu2232\/2024\/03\/temps_isona.jpg\" alt=\"\" width=\"531\" height=\"338\" srcset=\"https:\/\/agora.xtec.cat\/escolatorrelameu\/wp-content\/uploads\/usu2232\/2024\/03\/temps_isona.jpg 1200w, https:\/\/agora.xtec.cat\/escolatorrelameu\/wp-content\/uploads\/usu2232\/2024\/03\/temps_isona-300x191.jpg 300w, https:\/\/agora.xtec.cat\/escolatorrelameu\/wp-content\/uploads\/usu2232\/2024\/03\/temps_isona-1024x651.jpg 1024w, https:\/\/agora.xtec.cat\/escolatorrelameu\/wp-content\/uploads\/usu2232\/2024\/03\/temps_isona-768x488.jpg 768w\" sizes=\"auto, (max-width: 531px) 100vw, 531px\" \/><\/p>\n<p>Un cop vam arribar a Isona vam esmorzar i vam seguir les petjades que hi havia al carrer per arribar al museu. All\u00e0 ens vam dividir en dos grups i vam comen\u00e7ar la visita. Vam veure ossos, dents i reproduccions de dinosaures. Vam comparar les nostres al\u00e7ades amb les de la pota d&#8217;un dinosaure, vam entendre que caminen de puntetes, perqu\u00e8 van desapar\u00e8ixer, la import\u00e0ncia de conservar els f\u00f2ssils&#8230; Despr\u00e9s vam fer tallers diferents. Els Petits vam fer una petjada de dinosaure i els Creixents van descobrir que les restes que es troben de dinosaure s\u00f3n de pedra mai d&#8217;os, que per reconstruir un esquelet de dinosaure els experts es guien pels esquelets d&#8217;altres animals que no s\u00f3n dinosaures, que els cranis estan compostos per molts ossos i hi ha molts forats, entre moltes altres coses.<\/p>\n<p><img loading=\"lazy\" decoding=\"async\" class=\"aligncenter size-full wp-image-2958\" src=\"https:\/\/agora.xtec.cat\/escolatorrelameu\/wp-content\/uploads\/usu2232\/2024\/03\/petits_isona.jpg\" alt=\"\" width=\"1075\" height=\"1682\" srcset=\"https:\/\/agora.xtec.cat\/escolatorrelameu\/wp-content\/uploads\/usu2232\/2024\/03\/petits_isona.jpg 1075w, https:\/\/agora.xtec.cat\/escolatorrelameu\/wp-content\/uploads\/usu2232\/2024\/03\/petits_isona-192x300.jpg 192w, https:\/\/agora.xtec.cat\/escolatorrelameu\/wp-content\/uploads\/usu2232\/2024\/03\/petits_isona-654x1024.jpg 654w, https:\/\/agora.xtec.cat\/escolatorrelameu\/wp-content\/uploads\/usu2232\/2024\/03\/petits_isona-768x1202.jpg 768w, https:\/\/agora.xtec.cat\/escolatorrelameu\/wp-content\/uploads\/usu2232\/2024\/03\/petits_isona-982x1536.jpg 982w\" sizes=\"auto, (max-width: 1075px) 100vw, 1075px\" \/> <img loading=\"lazy\" decoding=\"async\" class=\"aligncenter size-full wp-image-2956\" src=\"https:\/\/agora.xtec.cat\/escolatorrelameu\/wp-content\/uploads\/usu2232\/2024\/03\/creixents_isona.jpg\" alt=\"\" width=\"1156\" height=\"1683\" srcset=\"https:\/\/agora.xtec.cat\/escolatorrelameu\/wp-content\/uploads\/usu2232\/2024\/03\/creixents_isona.jpg 1156w, https:\/\/agora.xtec.cat\/escolatorrelameu\/wp-content\/uploads\/usu2232\/2024\/03\/creixents_isona-206x300.jpg 206w, https:\/\/agora.xtec.cat\/escolatorrelameu\/wp-content\/uploads\/usu2232\/2024\/03\/creixents_isona-703x1024.jpg 703w, https:\/\/agora.xtec.cat\/escolatorrelameu\/wp-content\/uploads\/usu2232\/2024\/03\/creixents_isona-768x1118.jpg 768w, https:\/\/agora.xtec.cat\/escolatorrelameu\/wp-content\/uploads\/usu2232\/2024\/03\/creixents_isona-1055x1536.jpg 1055w\" sizes=\"auto, (max-width: 1156px) 100vw, 1156px\" \/><\/p>\n<p>&nbsp;<\/p>\n","protected":false},"excerpt":{"rendered":"<p>Divendres els Petits i els Creixents vam anar direcci\u00f3 el Pallars Juss\u00e0. De cam\u00ed a Isona, al port de Comiols, el paisatge ens va sorprendre, tot emblanquinat de la nit anterior!<\/p>\n<p>Un cop vam arribar a Isona vam esmorzar i vam seguir les petjades que hi&hellip;  <a href=\"https:\/\/agora.xtec.cat\/escolatorrelameu\/general\/els-dinosaures-disona\/\" title=\"Read Els dinosaures d&#8217;Isona\">Llegeix m\u00e9s\u00bb<\/a><\/p>\n","protected":false},"author":14,"featured_media":2957,"comment_status":"open","ping_status":"closed","sticky":false,"template":"","format":"standard","meta":{"_bbp_topic_count":0,"_bbp_reply_count":0,"_bbp_total_topic_count":0,"_bbp_total_reply_count":0,"_bbp_voice_count":0,"_bbp_anonymous_reply_count":0,"_bbp_topic_count_hidden":0,"_bbp_reply_count_hidden":0,"_bbp_forum_subforum_count":0,"footnotes":""},"categories":[96,1,61],"tags":[],"class_list":["post-2954","post","type-post","status-publish","format-standard","has-post-thumbnail","hentry","category-creixents","category-general","category-petits"],"post_mailing_queue_ids":[],"_links":{"self":[{"href":"https:\/\/agora.xtec.cat\/escolatorrelameu\/wp-json\/wp\/v2\/posts\/2954","targetHints":{"allow":["GET"]}}],"collection":[{"href":"https:\/\/agora.xtec.cat\/escolatorrelameu\/wp-json\/wp\/v2\/posts"}],"about":[{"href":"https:\/\/agora.xtec.cat\/escolatorrelameu\/wp-json\/wp\/v2\/types\/post"}],"author":[{"embeddable":true,"href":"https:\/\/agora.xtec.cat\/escolatorrelameu\/wp-json\/wp\/v2\/users\/14"}],"replies":[{"embeddable":true,"href":"https:\/\/agora.xtec.cat\/escolatorrelameu\/wp-json\/wp\/v2\/comments?post=2954"}],"version-history":[{"count":6,"href":"https:\/\/agora.xtec.cat\/escolatorrelameu\/wp-json\/wp\/v2\/posts\/2954\/revisions"}],"predecessor-version":[{"id":2964,"href":"https:\/\/agora.xtec.cat\/escolatorrelameu\/wp-json\/wp\/v2\/posts\/2954\/revisions\/2964"}],"wp:featuredmedia":[{"embeddable":true,"href":"https:\/\/agora.xtec.cat\/escolatorrelameu\/wp-json\/wp\/v2\/media\/2957"}],"wp:attachment":[{"href":"https:\/\/agora.xtec.cat\/escolatorrelameu\/wp-json\/wp\/v2\/media?parent=2954"}],"wp:term":[{"taxonomy":"category","embeddable":true,"href":"https:\/\/agora.xtec.cat\/escolatorrelameu\/wp-json\/wp\/v2\/categories?post=2954"},{"taxonomy":"post_tag","embeddable":true,"href":"https:\/\/agora.xtec.cat\/escolatorrelameu\/wp-json\/wp\/v2\/tags?post=2954"}],"curies":[{"name":"wp","href":"https:\/\/api.w.org\/{rel}","templated":true}]}}