{"id":2936,"date":"2024-03-01T08:04:11","date_gmt":"2024-03-01T07:04:11","guid":{"rendered":"https:\/\/agora.xtec.cat\/escolatorrelameu\/?p=2936"},"modified":"2024-03-01T08:06:20","modified_gmt":"2024-03-01T07:06:20","slug":"padrins-i-padrines-avui-hem-fet-magia","status":"publish","type":"post","link":"https:\/\/agora.xtec.cat\/escolatorrelameu\/general\/padrins-i-padrines-avui-hem-fet-magia\/","title":{"rendered":"Padrins i padrines&#8230; Avui hem fet m\u00e0gia!!!"},"content":{"rendered":"<p style=\"text-align: justify;\">M\u00e0gia&#8230;<\/p>\n<p style=\"text-align: justify;\">Els nens i nenes, la gent gran i l&#8217;equip hum\u00e0 de l&#8217;escola, s\u00ed, avui hem fet m\u00e0gia!!!<\/p>\n<p style=\"text-align: justify;\">No sabem com explicar-ho amb paraules, perqu\u00e8 siguin prou precises, no sabem com expressar tot all\u00f2 que ha esdevingut avui, a l&#8217;escola del poble, a l&#8217;escola dels vostres nets i netes, a l&#8217;escola dels fills dels vostres amics&#8230;<\/p>\n<p style=\"text-align: justify;\">Per les persones que ho han viscut per primera vegada hi ha hagut rialles i tamb\u00e9 la viv\u00e8ncia d&#8217;una estona incre\u00efble, valorada com il\u00b7lusionadora, encantadora&#8230; plena de mirades brillants, serenes, emocionades, d&#8217;admiraci\u00f3, d&#8217;orgull, de satisfacci\u00f3, de complicitat&#8230; Una mestra deia &#8220;<em>Ha estat un dia ple d&#8217;emocions. Som molt afortunades d&#8217;haver-lo pogut gaudir<\/em>&#8220;.<\/p>\n<p style=\"text-align: justify;\">Hi ha hagut persones que han reviscut moments d&#8217;abans, moments que els hagu\u00e9s agradat viure amb les seves padrines. Una mestra deia &#8220;<em>La meva padrina va estar vint anys malalta, i no vam poder gaudir de coses com aquestes. Ella segur que hi hauria vingut, s&#8217;hi hagu\u00e9s implicat&#8230; Li agradava fer moltes coses. A mi m&#8217;hauria agradat viure-ho, com a nena<\/em>&#8220;.<\/p>\n<p style=\"text-align: justify;\">I es plasma la il\u00b7lusi\u00f3 i l&#8217;agra\u00efment&#8230; Un padr\u00ed deia: &#8220;<em>Fer aquestes coses a aquestes edats, no m&#8217;ho hauria pensat mai<\/em>&#8220;.<\/p>\n<p style=\"text-align: justify;\">I \u00e9s que \u00e9s una injecci\u00f3 d&#8217;energia. Una altra mestra deia: &#8220;<em>A mi m&#8217;ha fet pujar molt l&#8217;energia, marxo carregada d&#8217;energia positiva<\/em>&#8220;.<\/p>\n<p style=\"text-align: justify;\">Un dia simb\u00f2lic carregat de significat. Una altra docent deia &#8220;<em>Ha sigut molt especial veure com padrines i padrins treballaven conjuntament amb els infants. S&#8217;han intercanviat mirades molt m\u00e0giques<\/em>&#8220;.<\/p>\n<p style=\"text-align: justify;\">A les persones que no heu pogut venir, animeu-vos a les pr\u00f2ximes&#8230; Us ho passareu b\u00e9!!! Cadasc\u00fa segons les seves possibilitats!!<\/p>\n<p>Moltes gr\u00e0cies a tots i a totes per aquest mat\u00ed m\u00e0gic!<\/p>\n<p><img loading=\"lazy\" decoding=\"async\" class=\"aligncenter size-full wp-image-2943\" src=\"https:\/\/agora.xtec.cat\/escolatorrelameu\/wp-content\/uploads\/usu2232\/2024\/03\/Brown-Aesthetic-Nature-Autumn-Photo-Collage.jpg\" alt=\"\" width=\"1333\" height=\"2000\" srcset=\"https:\/\/agora.xtec.cat\/escolatorrelameu\/wp-content\/uploads\/usu2232\/2024\/03\/Brown-Aesthetic-Nature-Autumn-Photo-Collage.jpg 1333w, https:\/\/agora.xtec.cat\/escolatorrelameu\/wp-content\/uploads\/usu2232\/2024\/03\/Brown-Aesthetic-Nature-Autumn-Photo-Collage-200x300.jpg 200w, https:\/\/agora.xtec.cat\/escolatorrelameu\/wp-content\/uploads\/usu2232\/2024\/03\/Brown-Aesthetic-Nature-Autumn-Photo-Collage-682x1024.jpg 682w, https:\/\/agora.xtec.cat\/escolatorrelameu\/wp-content\/uploads\/usu2232\/2024\/03\/Brown-Aesthetic-Nature-Autumn-Photo-Collage-768x1152.jpg 768w, https:\/\/agora.xtec.cat\/escolatorrelameu\/wp-content\/uploads\/usu2232\/2024\/03\/Brown-Aesthetic-Nature-Autumn-Photo-Collage-1024x1536.jpg 1024w\" sizes=\"auto, (max-width: 1333px) 100vw, 1333px\" \/> <img loading=\"lazy\" decoding=\"async\" class=\"aligncenter size-full wp-image-2942\" src=\"https:\/\/agora.xtec.cat\/escolatorrelameu\/wp-content\/uploads\/usu2232\/2024\/03\/Brown-Aesthetic-Nature-Autumn-Photo-Collage-1.jpg\" alt=\"\" width=\"1333\" height=\"2000\" srcset=\"https:\/\/agora.xtec.cat\/escolatorrelameu\/wp-content\/uploads\/usu2232\/2024\/03\/Brown-Aesthetic-Nature-Autumn-Photo-Collage-1.jpg 1333w, https:\/\/agora.xtec.cat\/escolatorrelameu\/wp-content\/uploads\/usu2232\/2024\/03\/Brown-Aesthetic-Nature-Autumn-Photo-Collage-1-200x300.jpg 200w, https:\/\/agora.xtec.cat\/escolatorrelameu\/wp-content\/uploads\/usu2232\/2024\/03\/Brown-Aesthetic-Nature-Autumn-Photo-Collage-1-682x1024.jpg 682w, https:\/\/agora.xtec.cat\/escolatorrelameu\/wp-content\/uploads\/usu2232\/2024\/03\/Brown-Aesthetic-Nature-Autumn-Photo-Collage-1-768x1152.jpg 768w, https:\/\/agora.xtec.cat\/escolatorrelameu\/wp-content\/uploads\/usu2232\/2024\/03\/Brown-Aesthetic-Nature-Autumn-Photo-Collage-1-1024x1536.jpg 1024w\" sizes=\"auto, (max-width: 1333px) 100vw, 1333px\" \/> <img loading=\"lazy\" decoding=\"async\" class=\"aligncenter size-full wp-image-2944\" src=\"https:\/\/agora.xtec.cat\/escolatorrelameu\/wp-content\/uploads\/usu2232\/2024\/03\/Brown-Aesthetic-Nature-Autumn-Photo-Collage-4.jpg\" alt=\"\" width=\"1333\" height=\"2000\" srcset=\"https:\/\/agora.xtec.cat\/escolatorrelameu\/wp-content\/uploads\/usu2232\/2024\/03\/Brown-Aesthetic-Nature-Autumn-Photo-Collage-4.jpg 1333w, https:\/\/agora.xtec.cat\/escolatorrelameu\/wp-content\/uploads\/usu2232\/2024\/03\/Brown-Aesthetic-Nature-Autumn-Photo-Collage-4-200x300.jpg 200w, https:\/\/agora.xtec.cat\/escolatorrelameu\/wp-content\/uploads\/usu2232\/2024\/03\/Brown-Aesthetic-Nature-Autumn-Photo-Collage-4-682x1024.jpg 682w, https:\/\/agora.xtec.cat\/escolatorrelameu\/wp-content\/uploads\/usu2232\/2024\/03\/Brown-Aesthetic-Nature-Autumn-Photo-Collage-4-768x1152.jpg 768w, https:\/\/agora.xtec.cat\/escolatorrelameu\/wp-content\/uploads\/usu2232\/2024\/03\/Brown-Aesthetic-Nature-Autumn-Photo-Collage-4-1024x1536.jpg 1024w\" sizes=\"auto, (max-width: 1333px) 100vw, 1333px\" \/> <img loading=\"lazy\" decoding=\"async\" class=\"aligncenter size-full wp-image-2945\" src=\"https:\/\/agora.xtec.cat\/escolatorrelameu\/wp-content\/uploads\/usu2232\/2024\/03\/Brown-Aesthetic-Nature-Autumn-Photo-Collage-3.jpg\" alt=\"\" width=\"1333\" height=\"2000\" srcset=\"https:\/\/agora.xtec.cat\/escolatorrelameu\/wp-content\/uploads\/usu2232\/2024\/03\/Brown-Aesthetic-Nature-Autumn-Photo-Collage-3.jpg 1333w, https:\/\/agora.xtec.cat\/escolatorrelameu\/wp-content\/uploads\/usu2232\/2024\/03\/Brown-Aesthetic-Nature-Autumn-Photo-Collage-3-200x300.jpg 200w, https:\/\/agora.xtec.cat\/escolatorrelameu\/wp-content\/uploads\/usu2232\/2024\/03\/Brown-Aesthetic-Nature-Autumn-Photo-Collage-3-682x1024.jpg 682w, https:\/\/agora.xtec.cat\/escolatorrelameu\/wp-content\/uploads\/usu2232\/2024\/03\/Brown-Aesthetic-Nature-Autumn-Photo-Collage-3-768x1152.jpg 768w, https:\/\/agora.xtec.cat\/escolatorrelameu\/wp-content\/uploads\/usu2232\/2024\/03\/Brown-Aesthetic-Nature-Autumn-Photo-Collage-3-1024x1536.jpg 1024w\" sizes=\"auto, (max-width: 1333px) 100vw, 1333px\" \/> <img loading=\"lazy\" decoding=\"async\" class=\"aligncenter size-full wp-image-2946\" src=\"https:\/\/agora.xtec.cat\/escolatorrelameu\/wp-content\/uploads\/usu2232\/2024\/03\/Brown-Aesthetic-Nature-Autumn-Photo-Collage-2.jpg\" alt=\"\" width=\"1333\" height=\"2000\" srcset=\"https:\/\/agora.xtec.cat\/escolatorrelameu\/wp-content\/uploads\/usu2232\/2024\/03\/Brown-Aesthetic-Nature-Autumn-Photo-Collage-2.jpg 1333w, https:\/\/agora.xtec.cat\/escolatorrelameu\/wp-content\/uploads\/usu2232\/2024\/03\/Brown-Aesthetic-Nature-Autumn-Photo-Collage-2-200x300.jpg 200w, https:\/\/agora.xtec.cat\/escolatorrelameu\/wp-content\/uploads\/usu2232\/2024\/03\/Brown-Aesthetic-Nature-Autumn-Photo-Collage-2-682x1024.jpg 682w, https:\/\/agora.xtec.cat\/escolatorrelameu\/wp-content\/uploads\/usu2232\/2024\/03\/Brown-Aesthetic-Nature-Autumn-Photo-Collage-2-768x1152.jpg 768w, https:\/\/agora.xtec.cat\/escolatorrelameu\/wp-content\/uploads\/usu2232\/2024\/03\/Brown-Aesthetic-Nature-Autumn-Photo-Collage-2-1024x1536.jpg 1024w\" sizes=\"auto, (max-width: 1333px) 100vw, 1333px\" \/><\/p>\n","protected":false},"excerpt":{"rendered":"<p>M\u00e0gia&#8230;<br \/>\nEls nens i nenes, la gent gran i l&#8217;equip hum\u00e0 de l&#8217;escola, s\u00ed, avui hem fet m\u00e0gia!!!<br \/>\nNo sabem com explicar-ho amb paraules, perqu\u00e8 siguin prou precises, no sabem com expressar tot all\u00f2 que ha esdevingut avui, a l&#8217;escola del poble, a l&#8217;escola dels vostres nets&hellip;  <a href=\"https:\/\/agora.xtec.cat\/escolatorrelameu\/general\/padrins-i-padrines-avui-hem-fet-magia\/\" title=\"Read Padrins i padrines&#8230; Avui hem fet m\u00e0gia!!!\">Llegeix m\u00e9s\u00bb<\/a><\/p>\n","protected":false},"author":14,"featured_media":2941,"comment_status":"open","ping_status":"closed","sticky":false,"template":"","format":"standard","meta":{"_bbp_topic_count":0,"_bbp_reply_count":0,"_bbp_total_topic_count":0,"_bbp_total_reply_count":0,"_bbp_voice_count":0,"_bbp_anonymous_reply_count":0,"_bbp_topic_count_hidden":0,"_bbp_reply_count_hidden":0,"_bbp_forum_subforum_count":0,"footnotes":""},"categories":[1],"tags":[],"class_list":["post-2936","post","type-post","status-publish","format-standard","has-post-thumbnail","hentry","category-general"],"post_mailing_queue_ids":[],"_links":{"self":[{"href":"https:\/\/agora.xtec.cat\/escolatorrelameu\/wp-json\/wp\/v2\/posts\/2936","targetHints":{"allow":["GET"]}}],"collection":[{"href":"https:\/\/agora.xtec.cat\/escolatorrelameu\/wp-json\/wp\/v2\/posts"}],"about":[{"href":"https:\/\/agora.xtec.cat\/escolatorrelameu\/wp-json\/wp\/v2\/types\/post"}],"author":[{"embeddable":true,"href":"https:\/\/agora.xtec.cat\/escolatorrelameu\/wp-json\/wp\/v2\/users\/14"}],"replies":[{"embeddable":true,"href":"https:\/\/agora.xtec.cat\/escolatorrelameu\/wp-json\/wp\/v2\/comments?post=2936"}],"version-history":[{"count":5,"href":"https:\/\/agora.xtec.cat\/escolatorrelameu\/wp-json\/wp\/v2\/posts\/2936\/revisions"}],"predecessor-version":[{"id":2947,"href":"https:\/\/agora.xtec.cat\/escolatorrelameu\/wp-json\/wp\/v2\/posts\/2936\/revisions\/2947"}],"wp:featuredmedia":[{"embeddable":true,"href":"https:\/\/agora.xtec.cat\/escolatorrelameu\/wp-json\/wp\/v2\/media\/2941"}],"wp:attachment":[{"href":"https:\/\/agora.xtec.cat\/escolatorrelameu\/wp-json\/wp\/v2\/media?parent=2936"}],"wp:term":[{"taxonomy":"category","embeddable":true,"href":"https:\/\/agora.xtec.cat\/escolatorrelameu\/wp-json\/wp\/v2\/categories?post=2936"},{"taxonomy":"post_tag","embeddable":true,"href":"https:\/\/agora.xtec.cat\/escolatorrelameu\/wp-json\/wp\/v2\/tags?post=2936"}],"curies":[{"name":"wp","href":"https:\/\/api.w.org\/{rel}","templated":true}]}}