{"id":2905,"date":"2024-02-24T19:42:24","date_gmt":"2024-02-24T18:42:24","guid":{"rendered":"https:\/\/agora.xtec.cat\/escolatorrelameu\/?p=2905"},"modified":"2024-02-24T21:36:18","modified_gmt":"2024-02-24T20:36:18","slug":"ager","status":"publish","type":"post","link":"https:\/\/agora.xtec.cat\/escolatorrelameu\/general\/ager\/","title":{"rendered":"\u00c0ger"},"content":{"rendered":"<p>Als peus del Montsec, just al comen\u00e7ament del cam\u00ed que porta fins al capdamunt del mass\u00eds, hi ha un observatori astron\u00f2mic especial dins la seva categoria per la seva obertura a l&#8217;entorn palpable.<\/p>\n<p>Hem fet un taller de construcci\u00f3 d&#8217;un rellotge de sol i l&#8217;hem comprovat.<\/p>\n<p>Hem pogut veure un v\u00eddeo sobre el sistema solar i mitjan\u00e7ant un observatori a temps real i programat, hem pogut viatjar per alguns dels elements del nostre sistema. I de cop, s&#8217;ha obert la paret i hem pogut veure el sol i els n\u00favols. Tot seguit, tamb\u00e9 la c\u00fapula s&#8217;ha obert&#8230; Impressionant!!!<\/p>\n<p><img loading=\"lazy\" decoding=\"async\" class=\"aligncenter size-full wp-image-2909\" src=\"https:\/\/agora.xtec.cat\/escolatorrelameu\/wp-content\/uploads\/usu2232\/2024\/02\/20240224_154957_0000.png\" alt=\"\" width=\"800\" height=\"640\" srcset=\"https:\/\/agora.xtec.cat\/escolatorrelameu\/wp-content\/uploads\/usu2232\/2024\/02\/20240224_154957_0000.png 800w, https:\/\/agora.xtec.cat\/escolatorrelameu\/wp-content\/uploads\/usu2232\/2024\/02\/20240224_154957_0000-300x240.png 300w, https:\/\/agora.xtec.cat\/escolatorrelameu\/wp-content\/uploads\/usu2232\/2024\/02\/20240224_154957_0000-768x614.png 768w\" sizes=\"auto, (max-width: 800px) 100vw, 800px\" \/><\/p>\n<p>Per dinar hem baixat a \u00c0ger i hem pogut notar el fred de les muntanyes.<\/p>\n<p><img loading=\"lazy\" decoding=\"async\" class=\"aligncenter size-full wp-image-2916\" src=\"https:\/\/agora.xtec.cat\/escolatorrelameu\/wp-content\/uploads\/usu2232\/2024\/02\/Ager-2_20240224_201153_0000.png\" alt=\"\" width=\"800\" height=\"640\" srcset=\"https:\/\/agora.xtec.cat\/escolatorrelameu\/wp-content\/uploads\/usu2232\/2024\/02\/Ager-2_20240224_201153_0000.png 800w, https:\/\/agora.xtec.cat\/escolatorrelameu\/wp-content\/uploads\/usu2232\/2024\/02\/Ager-2_20240224_201153_0000-300x240.png 300w, https:\/\/agora.xtec.cat\/escolatorrelameu\/wp-content\/uploads\/usu2232\/2024\/02\/Ager-2_20240224_201153_0000-768x614.png 768w\" sizes=\"auto, (max-width: 800px) 100vw, 800px\" \/><\/p>\n","protected":false},"excerpt":{"rendered":"<p>Als peus del Montsec, just al comen\u00e7ament del cam\u00ed que porta fins al capdamunt del mass\u00eds, hi ha un observatori astron\u00f2mic especial dins la seva categoria per la seva obertura a l&#8217;entorn palpable.<br \/>\nHem fet un taller de construcci\u00f3 d&#8217;un rellotge de sol i l&#8217;hem comprovat.<br \/>\nHem&hellip;  <a href=\"https:\/\/agora.xtec.cat\/escolatorrelameu\/general\/ager\/\" title=\"Read \u00c0ger\">Llegeix m\u00e9s\u00bb<\/a><\/p>\n","protected":false},"author":14,"featured_media":2907,"comment_status":"open","ping_status":"closed","sticky":false,"template":"","format":"standard","meta":{"_bbp_topic_count":0,"_bbp_reply_count":0,"_bbp_total_topic_count":0,"_bbp_total_reply_count":0,"_bbp_voice_count":0,"_bbp_anonymous_reply_count":0,"_bbp_topic_count_hidden":0,"_bbp_reply_count_hidden":0,"_bbp_forum_subforum_count":0,"footnotes":""},"categories":[1],"tags":[],"class_list":["post-2905","post","type-post","status-publish","format-standard","has-post-thumbnail","hentry","category-general"],"post_mailing_queue_ids":[],"_links":{"self":[{"href":"https:\/\/agora.xtec.cat\/escolatorrelameu\/wp-json\/wp\/v2\/posts\/2905","targetHints":{"allow":["GET"]}}],"collection":[{"href":"https:\/\/agora.xtec.cat\/escolatorrelameu\/wp-json\/wp\/v2\/posts"}],"about":[{"href":"https:\/\/agora.xtec.cat\/escolatorrelameu\/wp-json\/wp\/v2\/types\/post"}],"author":[{"embeddable":true,"href":"https:\/\/agora.xtec.cat\/escolatorrelameu\/wp-json\/wp\/v2\/users\/14"}],"replies":[{"embeddable":true,"href":"https:\/\/agora.xtec.cat\/escolatorrelameu\/wp-json\/wp\/v2\/comments?post=2905"}],"version-history":[{"count":5,"href":"https:\/\/agora.xtec.cat\/escolatorrelameu\/wp-json\/wp\/v2\/posts\/2905\/revisions"}],"predecessor-version":[{"id":2917,"href":"https:\/\/agora.xtec.cat\/escolatorrelameu\/wp-json\/wp\/v2\/posts\/2905\/revisions\/2917"}],"wp:featuredmedia":[{"embeddable":true,"href":"https:\/\/agora.xtec.cat\/escolatorrelameu\/wp-json\/wp\/v2\/media\/2907"}],"wp:attachment":[{"href":"https:\/\/agora.xtec.cat\/escolatorrelameu\/wp-json\/wp\/v2\/media?parent=2905"}],"wp:term":[{"taxonomy":"category","embeddable":true,"href":"https:\/\/agora.xtec.cat\/escolatorrelameu\/wp-json\/wp\/v2\/categories?post=2905"},{"taxonomy":"post_tag","embeddable":true,"href":"https:\/\/agora.xtec.cat\/escolatorrelameu\/wp-json\/wp\/v2\/tags?post=2905"}],"curies":[{"name":"wp","href":"https:\/\/api.w.org\/{rel}","templated":true}]}}