{"id":2885,"date":"2024-02-06T18:11:45","date_gmt":"2024-02-06T17:11:45","guid":{"rendered":"https:\/\/agora.xtec.cat\/escolatorrelameu\/?p=2885"},"modified":"2024-02-24T20:25:59","modified_gmt":"2024-02-24T19:25:59","slug":"segona-assemblea-del-curs","status":"publish","type":"post","link":"https:\/\/agora.xtec.cat\/escolatorrelameu\/general\/segona-assemblea-del-curs\/","title":{"rendered":"Segona assemblea del curs"},"content":{"rendered":"<p>Aquest dilluns, a les 11.30, vam fer la segona assemblea del curs.<\/p>\n<p><img loading=\"lazy\" decoding=\"async\" class=\"aligncenter size-full wp-image-2911\" src=\"https:\/\/agora.xtec.cat\/escolatorrelameu\/wp-content\/uploads\/usu2232\/2024\/02\/assemblea.jpg\" alt=\"\" width=\"1054\" height=\"527\" srcset=\"https:\/\/agora.xtec.cat\/escolatorrelameu\/wp-content\/uploads\/usu2232\/2024\/02\/assemblea.jpg 1054w, https:\/\/agora.xtec.cat\/escolatorrelameu\/wp-content\/uploads\/usu2232\/2024\/02\/assemblea-300x150.jpg 300w, https:\/\/agora.xtec.cat\/escolatorrelameu\/wp-content\/uploads\/usu2232\/2024\/02\/assemblea-1024x512.jpg 1024w, https:\/\/agora.xtec.cat\/escolatorrelameu\/wp-content\/uploads\/usu2232\/2024\/02\/assemblea-768x384.jpg 768w\" sizes=\"auto, (max-width: 1054px) 100vw, 1054px\" \/><\/p>\n<p>Una assemblea en qu\u00e8 es van exposar temes, b\u00e0sicament, de funcionament i per millorar la conviv\u00e8ncia. Interessants aquestes trobades en qu\u00e8 els infants exposen all\u00f2 que els neguiteja i se senten escoltats i compresos.<\/p>\n","protected":false},"excerpt":{"rendered":"<p>Aquest dilluns, a les 11.30, vam fer la segona assemblea del curs.<\/p>\n<p>Una assemblea en qu\u00e8 es van exposar temes, b\u00e0sicament, de funcionament i per millorar la conviv\u00e8ncia. Interessants aquestes trobades en qu\u00e8 els infants exposen all\u00f2 que els neguiteja i se senten escoltats i compresos.<\/p>\n","protected":false},"author":14,"featured_media":0,"comment_status":"open","ping_status":"closed","sticky":false,"template":"","format":"standard","meta":{"_bbp_topic_count":0,"_bbp_reply_count":0,"_bbp_total_topic_count":0,"_bbp_total_reply_count":0,"_bbp_voice_count":0,"_bbp_anonymous_reply_count":0,"_bbp_topic_count_hidden":0,"_bbp_reply_count_hidden":0,"_bbp_forum_subforum_count":0,"footnotes":""},"categories":[1],"tags":[],"class_list":["post-2885","post","type-post","status-publish","format-standard","hentry","category-general"],"post_mailing_queue_ids":[],"_links":{"self":[{"href":"https:\/\/agora.xtec.cat\/escolatorrelameu\/wp-json\/wp\/v2\/posts\/2885","targetHints":{"allow":["GET"]}}],"collection":[{"href":"https:\/\/agora.xtec.cat\/escolatorrelameu\/wp-json\/wp\/v2\/posts"}],"about":[{"href":"https:\/\/agora.xtec.cat\/escolatorrelameu\/wp-json\/wp\/v2\/types\/post"}],"author":[{"embeddable":true,"href":"https:\/\/agora.xtec.cat\/escolatorrelameu\/wp-json\/wp\/v2\/users\/14"}],"replies":[{"embeddable":true,"href":"https:\/\/agora.xtec.cat\/escolatorrelameu\/wp-json\/wp\/v2\/comments?post=2885"}],"version-history":[{"count":5,"href":"https:\/\/agora.xtec.cat\/escolatorrelameu\/wp-json\/wp\/v2\/posts\/2885\/revisions"}],"predecessor-version":[{"id":2912,"href":"https:\/\/agora.xtec.cat\/escolatorrelameu\/wp-json\/wp\/v2\/posts\/2885\/revisions\/2912"}],"wp:attachment":[{"href":"https:\/\/agora.xtec.cat\/escolatorrelameu\/wp-json\/wp\/v2\/media?parent=2885"}],"wp:term":[{"taxonomy":"category","embeddable":true,"href":"https:\/\/agora.xtec.cat\/escolatorrelameu\/wp-json\/wp\/v2\/categories?post=2885"},{"taxonomy":"post_tag","embeddable":true,"href":"https:\/\/agora.xtec.cat\/escolatorrelameu\/wp-json\/wp\/v2\/tags?post=2885"}],"curies":[{"name":"wp","href":"https:\/\/api.w.org\/{rel}","templated":true}]}}