{"id":2881,"date":"2024-02-06T18:09:17","date_gmt":"2024-02-06T17:09:17","guid":{"rendered":"https:\/\/agora.xtec.cat\/escolatorrelameu\/?p=2881"},"modified":"2024-02-06T18:09:17","modified_gmt":"2024-02-06T17:09:17","slug":"un-pas-que-ens-neguiteja","status":"publish","type":"post","link":"https:\/\/agora.xtec.cat\/escolatorrelameu\/general\/un-pas-que-ens-neguiteja\/","title":{"rendered":"Un pas que ens neguiteja"},"content":{"rendered":"<p style=\"text-align: justify;\">Les fam\u00edlies, les mestres i els alumnes, a Grans, hi ha un pas que ens neguiteja, \u00e9s un pas que implica fer-se gran i canviar d&#8217;etapa i per aquest mateix motiu ens neguiteja, ens provoca incertesa i inseguretat, ens col\u00b7loca en una situaci\u00f3 de desconcert que no podem controlar&#8230; \u00c9s el canvi de centre, passar de l&#8217;escola a l&#8217;institut, passar de ser els m\u00e9s grans als m\u00e9s petits, passar d&#8217;all\u00f2 petit i controlat a all\u00f2 gran&#8230;<\/p>\n<p style=\"text-align: justify;\">Per\u00f2, aquest any, tenim una gran sort!!! El divendres passat es van presentar els que ara fan primer d&#8217;ESO per orientar-nos, acompanyar-nos, explicar-nos cosetes d&#8217;aquest pas. Vam poder compartir els neguits i all\u00f2 que necessitem saber, i ells i elles, van poder explicar-nos all\u00f2 que creien que ens preocupa i que faci que el pas sigui m\u00e9s calmat.<\/p>\n<p><img loading=\"lazy\" decoding=\"async\" class=\"aligncenter size-full wp-image-2883\" src=\"https:\/\/agora.xtec.cat\/escolatorrelameu\/wp-content\/uploads\/usu2232\/2024\/02\/IMG20240202160353_01.jpg\" alt=\"\" width=\"817\" height=\"414\" srcset=\"https:\/\/agora.xtec.cat\/escolatorrelameu\/wp-content\/uploads\/usu2232\/2024\/02\/IMG20240202160353_01.jpg 817w, https:\/\/agora.xtec.cat\/escolatorrelameu\/wp-content\/uploads\/usu2232\/2024\/02\/IMG20240202160353_01-300x152.jpg 300w, https:\/\/agora.xtec.cat\/escolatorrelameu\/wp-content\/uploads\/usu2232\/2024\/02\/IMG20240202160353_01-768x389.jpg 768w\" sizes=\"auto, (max-width: 817px) 100vw, 817px\" \/><\/p>\n","protected":false},"excerpt":{"rendered":"<p>Les fam\u00edlies, les mestres i els alumnes, a Grans, hi ha un pas que ens neguiteja, \u00e9s un pas que implica fer-se gran i canviar d&#8217;etapa i per aquest mateix motiu ens neguiteja, ens provoca incertesa i inseguretat, ens col\u00b7loca en una situaci\u00f3 de desconcert&hellip;  <a href=\"https:\/\/agora.xtec.cat\/escolatorrelameu\/general\/un-pas-que-ens-neguiteja\/\" title=\"Read Un pas que ens neguiteja\">Llegeix m\u00e9s\u00bb<\/a><\/p>\n","protected":false},"author":14,"featured_media":2883,"comment_status":"open","ping_status":"closed","sticky":false,"template":"","format":"standard","meta":{"_bbp_topic_count":0,"_bbp_reply_count":0,"_bbp_total_topic_count":0,"_bbp_total_reply_count":0,"_bbp_voice_count":0,"_bbp_anonymous_reply_count":0,"_bbp_topic_count_hidden":0,"_bbp_reply_count_hidden":0,"_bbp_forum_subforum_count":0,"footnotes":""},"categories":[1],"tags":[],"class_list":["post-2881","post","type-post","status-publish","format-standard","has-post-thumbnail","hentry","category-general"],"post_mailing_queue_ids":[],"_links":{"self":[{"href":"https:\/\/agora.xtec.cat\/escolatorrelameu\/wp-json\/wp\/v2\/posts\/2881","targetHints":{"allow":["GET"]}}],"collection":[{"href":"https:\/\/agora.xtec.cat\/escolatorrelameu\/wp-json\/wp\/v2\/posts"}],"about":[{"href":"https:\/\/agora.xtec.cat\/escolatorrelameu\/wp-json\/wp\/v2\/types\/post"}],"author":[{"embeddable":true,"href":"https:\/\/agora.xtec.cat\/escolatorrelameu\/wp-json\/wp\/v2\/users\/14"}],"replies":[{"embeddable":true,"href":"https:\/\/agora.xtec.cat\/escolatorrelameu\/wp-json\/wp\/v2\/comments?post=2881"}],"version-history":[{"count":1,"href":"https:\/\/agora.xtec.cat\/escolatorrelameu\/wp-json\/wp\/v2\/posts\/2881\/revisions"}],"predecessor-version":[{"id":2884,"href":"https:\/\/agora.xtec.cat\/escolatorrelameu\/wp-json\/wp\/v2\/posts\/2881\/revisions\/2884"}],"wp:featuredmedia":[{"embeddable":true,"href":"https:\/\/agora.xtec.cat\/escolatorrelameu\/wp-json\/wp\/v2\/media\/2883"}],"wp:attachment":[{"href":"https:\/\/agora.xtec.cat\/escolatorrelameu\/wp-json\/wp\/v2\/media?parent=2881"}],"wp:term":[{"taxonomy":"category","embeddable":true,"href":"https:\/\/agora.xtec.cat\/escolatorrelameu\/wp-json\/wp\/v2\/categories?post=2881"},{"taxonomy":"post_tag","embeddable":true,"href":"https:\/\/agora.xtec.cat\/escolatorrelameu\/wp-json\/wp\/v2\/tags?post=2881"}],"curies":[{"name":"wp","href":"https:\/\/api.w.org\/{rel}","templated":true}]}}