{"id":2852,"date":"2024-01-12T12:44:56","date_gmt":"2024-01-12T11:44:56","guid":{"rendered":"https:\/\/agora.xtec.cat\/escolatorrelameu\/?p=2852"},"modified":"2024-01-12T12:44:57","modified_gmt":"2024-01-12T11:44:57","slug":"400-cops","status":"publish","type":"post","link":"https:\/\/agora.xtec.cat\/escolatorrelameu\/general\/400-cops\/","title":{"rendered":"400 cops"},"content":{"rendered":"<p style=\"text-align: justify;\">Hem anat a veure una pel\u00b7l\u00edcula especial en una sala especial. Per\u00f2 anem a pams!!!!<\/p>\n<p style=\"text-align: justify;\"><a href=\"https:\/\/agora.xtec.cat\/escolatorrelameu\/general\/400-cops\/attachment\/img20240110112314\/\" rel=\"attachment wp-att-2854\"><img loading=\"lazy\" decoding=\"async\" class=\"aligncenter wp-image-2854 size-full\" src=\"https:\/\/agora.xtec.cat\/escolatorrelameu\/wp-content\/uploads\/usu2232\/2024\/01\/IMG20240110112314.jpg\" alt=\"\" width=\"500\" height=\"375\" srcset=\"https:\/\/agora.xtec.cat\/escolatorrelameu\/wp-content\/uploads\/usu2232\/2024\/01\/IMG20240110112314.jpg 500w, https:\/\/agora.xtec.cat\/escolatorrelameu\/wp-content\/uploads\/usu2232\/2024\/01\/IMG20240110112314-300x225.jpg 300w, https:\/\/agora.xtec.cat\/escolatorrelameu\/wp-content\/uploads\/usu2232\/2024\/01\/IMG20240110112314-200x150.jpg 200w\" sizes=\"auto, (max-width: 500px) 100vw, 500px\" \/><\/a><\/p>\n<p style=\"text-align: justify;\">La pel\u00b7l\u00edcula era &#8220;400 cops&#8221; de Fran\u00e7ois Truffaut, una de les primeres pel\u00b7l\u00edcules en la qual el director es va atrevir a firmar les coses que passaven &#8220;de veritat&#8221;, o sigui que no passaven en un plat\u00f3 i provocades. Ambientada a Par\u00eds hem transitat pels carrerons i hem observat alguns edificis importants: Torre Eiffel, Sacre Coeur&#8230;\u00a0Aix\u00f2 \u00e9s el que en pensen els infants:<\/p>\n<p style=\"text-align: justify;\"><em>Jan. La hist\u00f2ria \u00e9s sobre un nen que quan fa una dolenta li surt b\u00e9, per\u00f2 quan fa una cosa bona li surt malament\u00a0 i a m\u00e9s t\u00e9 mala sort.<\/em><\/p>\n<p style=\"text-align: justify;\"><em>Martina. La pel\u00b7l\u00edcula dels 400 cops tracta sobre un nen que fa moltes entremaliadures a l&#8217;escola i el professor s&#8217;enfada molt. Un dia el nen es va inventar una cosa i els seus pares el van portar a un internat. Ell va poder escapar-se cap a la platja ja que era el seu somni. Recomano molt aquesta pel\u00b7l\u00edcula.<\/em><\/p>\n<p style=\"text-align: justify;\"><a href=\"https:\/\/agora.xtec.cat\/escolatorrelameu\/general\/400-cops\/attachment\/img20240110112230_01\/\" rel=\"attachment wp-att-2858\"><img loading=\"lazy\" decoding=\"async\" class=\"aligncenter wp-image-2858 size-full\" src=\"https:\/\/agora.xtec.cat\/escolatorrelameu\/wp-content\/uploads\/usu2232\/2024\/01\/IMG20240110112230_01.jpg\" alt=\"\" width=\"500\" height=\"375\" srcset=\"https:\/\/agora.xtec.cat\/escolatorrelameu\/wp-content\/uploads\/usu2232\/2024\/01\/IMG20240110112230_01.jpg 500w, https:\/\/agora.xtec.cat\/escolatorrelameu\/wp-content\/uploads\/usu2232\/2024\/01\/IMG20240110112230_01-300x225.jpg 300w, https:\/\/agora.xtec.cat\/escolatorrelameu\/wp-content\/uploads\/usu2232\/2024\/01\/IMG20240110112230_01-200x150.jpg 200w\" sizes=\"auto, (max-width: 500px) 100vw, 500px\" \/><\/a><\/p>\n<p style=\"text-align: justify;\"><em>Luc\u00eda. \u00c9s un pel\u00b7l\u00edcula francesa i antiga que parla d&#8217;un nen que no \u00e9s molt estudi\u00f3s i la seva mare i el seu pare no el tracten massa b\u00e9. Va a l&#8217;escola i t\u00e9 un bon amic amb el que fa entremaliadures i no es porten massa b\u00e9.<\/em><\/p>\n<p style=\"text-align: justify;\"><em>Sergi. Un nen que els seus pares no li fan cas i amb el seu amic fan de tot. Acaba en un reformatori\u00a0i acaba escapant.<\/em><\/p>\n<p style=\"text-align: justify;\"><em>Justo. La pel\u00b7l\u00edcula va d&#8217;un nen que es diu Antoine que \u00e9s una mica trapella i quan vol fer coses b\u00e9 li surten malament.<\/em><\/p>\n<p style=\"text-align: justify;\"><em>Iris. \u00c9s una pel\u00b7l\u00edcula on \u00e9s el protagonista \u00e9s un nen de 12 &#8211; 13 anys. Ens ensenya com era la vida del nen. Feia entremaliadures, despr\u00e9s volia solucionar-ho i ja fos els pares com els amics, ho acabava empitjorant.<\/em><\/p>\n<p style=\"text-align: justify;\"><em>Aissata. Jo diria que al final el nen sembla que est\u00e0 sol, a la platja i tamb\u00e9 m&#8217;ha sorpr\u00e8s com el pegaven.<\/em><\/p>\n<p style=\"text-align: justify;\"><em>Damian. L&#8217;Antoine era un mal nen i s&#8217;escapaven amb el seu amic fins que va robar una m\u00e0quina d&#8217;escriure i va anar a l&#8217;internat. Despr\u00e9s es va escapar a la platja.<\/em><\/p>\n<p style=\"text-align: justify;\"><em>Aura. Jo us recomano aquesta pel\u00b7l\u00edcula que \u00e9s molt interessant i t&#8217;ajuda a reflexionar.<\/em><\/p>\n<p style=\"text-align: justify;\"><em>Xavi. La pel\u00b7l\u00edcula ha estat divertida i m&#8217;ha agradat veure-la perqu\u00e8 he descobert moltes coses noves com la llum i rostre o els tr\u00e0velings.\u00a0<\/em><\/p>\n<p style=\"text-align: justify;\"><em>Efren. Hi ha dos nens que s\u00f3n molt gamberros i roben. Despr\u00e9s els pares el tanquen a un internat.<\/em><\/p>\n<p style=\"text-align: justify;\"><em>Ramatoulaye. \u00c9s un nen que vol anar a la platja, que viu perills i que t\u00e9 diferents emocions.<\/em><\/p>\n<p style=\"text-align: justify;\">Tan abans com despr\u00e9s de la projecci\u00f3, amb la Laia Colell de l&#8217;equip de Cinema en curs, hem fet una mica de di\u00e0leg i d&#8217;intercanvi d&#8217;opinions.<\/p>\n<p style=\"text-align: justify;\"><em>Iris. La xerrada amb la Laia ha sigut molt interessant i la podem agafar de referent per la nostra pel\u00b7l\u00edcula.<\/em><\/p>\n<p style=\"text-align: justify;\"><em>Justo. M&#8217;ha servit d&#8217;inspiraci\u00f3 per al rodatge.<\/em><\/p>\n<p style=\"text-align: justify;\"><em>Martina. He intentat parar atenci\u00f3 i aprendre sobre tot el que ens han explicat.<\/em><\/p>\n<p style=\"text-align: justify;\"><em>Luc\u00eda. M&#8217;ha donat idees sobre la pel\u00b7l\u00edcula que farem i pels retrats de llum i rostre.<\/em><\/p>\n<p style=\"text-align: justify;\"><em>Ramatoulaye. He estat molt atenta i quan la Laia ens preguntava alguna cosa aportava.<\/em><\/p>\n<p style=\"text-align: justify;\">Com a sorpresa final, la Laia ens ha regalat un p\u00f2ster amb 840 preses de plans del m\u00f3n. Hi havia els nostres!!!! Gr\u00e0cies Laia, ha estat molt bonic!<\/p>\n<p style=\"text-align: justify;\"><a href=\"https:\/\/agora.xtec.cat\/escolatorrelameu\/general\/400-cops\/attachment\/img20240110134021_01\/\" rel=\"attachment wp-att-2856\"><img loading=\"lazy\" decoding=\"async\" class=\"alignleft wp-image-2856 size-medium\" src=\"https:\/\/agora.xtec.cat\/escolatorrelameu\/wp-content\/uploads\/usu2232\/2024\/01\/IMG20240110134021_01-300x225.jpg\" alt=\"\" width=\"300\" height=\"225\" srcset=\"https:\/\/agora.xtec.cat\/escolatorrelameu\/wp-content\/uploads\/usu2232\/2024\/01\/IMG20240110134021_01-300x225.jpg 300w, https:\/\/agora.xtec.cat\/escolatorrelameu\/wp-content\/uploads\/usu2232\/2024\/01\/IMG20240110134021_01-200x150.jpg 200w, https:\/\/agora.xtec.cat\/escolatorrelameu\/wp-content\/uploads\/usu2232\/2024\/01\/IMG20240110134021_01.jpg 500w\" sizes=\"auto, (max-width: 300px) 100vw, 300px\" \/><\/a><a href=\"https:\/\/agora.xtec.cat\/escolatorrelameu\/general\/400-cops\/attachment\/img20240110134039\/\" rel=\"attachment wp-att-2855\"><img loading=\"lazy\" decoding=\"async\" class=\"wp-image-2855 size-medium alignleft\" src=\"https:\/\/agora.xtec.cat\/escolatorrelameu\/wp-content\/uploads\/usu2232\/2024\/01\/IMG20240110134039-300x225.jpg\" alt=\"\" width=\"300\" height=\"225\" srcset=\"https:\/\/agora.xtec.cat\/escolatorrelameu\/wp-content\/uploads\/usu2232\/2024\/01\/IMG20240110134039-300x225.jpg 300w, https:\/\/agora.xtec.cat\/escolatorrelameu\/wp-content\/uploads\/usu2232\/2024\/01\/IMG20240110134039-200x150.jpg 200w, https:\/\/agora.xtec.cat\/escolatorrelameu\/wp-content\/uploads\/usu2232\/2024\/01\/IMG20240110134039.jpg 500w\" sizes=\"auto, (max-width: 300px) 100vw, 300px\" \/><\/a><\/p>\n<p style=\"text-align: justify;\">La Mercantil de Balaguer \u00e9s una antiga discoteca reformada en un teatre a l&#8217;estil grec, sense escenari, pr\u00f2xim i cuidat. T\u00e9 un petit bar molt bonic i un pati fresc protegit per unes figueres enormes. La persona que ens ha acollit de la sala, la Maise, ha estat molt agradable, atenta i implicada. Sembla que, fins i tot, avui \u00e9s l&#8217;inici d&#8217;una aventura que ens portar\u00e0 a viure experi\u00e8ncies juntes, escola, Mercantil i Cinema en curs. Agra\u00efdes per la seva predisposici\u00f3 i les ganes i empenta que ha demostrat amb el que fem.<\/p>\n<p style=\"text-align: justify;\"><a href=\"https:\/\/agora.xtec.cat\/escolatorrelameu\/general\/400-cops\/attachment\/img20240110134609\/\" rel=\"attachment wp-att-2857\"><img loading=\"lazy\" decoding=\"async\" class=\"aligncenter size-full wp-image-2857\" src=\"https:\/\/agora.xtec.cat\/escolatorrelameu\/wp-content\/uploads\/usu2232\/2024\/01\/IMG20240110134609.jpg\" alt=\"\" width=\"500\" height=\"375\" srcset=\"https:\/\/agora.xtec.cat\/escolatorrelameu\/wp-content\/uploads\/usu2232\/2024\/01\/IMG20240110134609.jpg 500w, https:\/\/agora.xtec.cat\/escolatorrelameu\/wp-content\/uploads\/usu2232\/2024\/01\/IMG20240110134609-300x225.jpg 300w, https:\/\/agora.xtec.cat\/escolatorrelameu\/wp-content\/uploads\/usu2232\/2024\/01\/IMG20240110134609-200x150.jpg 200w\" sizes=\"auto, (max-width: 500px) 100vw, 500px\" \/><\/a><\/p>\n","protected":false},"excerpt":{"rendered":"<p>Hem anat a veure una pel\u00b7l\u00edcula especial en una sala especial. Per\u00f2 anem a pams!!!!<br \/>\n<a href=\"https:\/\/agora.xtec.cat\/escolatorrelameu\/general\/400-cops\/attachment\/img20240110112314\/\" rel=\"attachment wp-att-2854\"><\/a><br \/>\nLa pel\u00b7l\u00edcula era &#8220;400 cops&#8221; de Fran\u00e7ois Truffaut, una de les primeres pel\u00b7l\u00edcules en la qual el director es va atrevir a firmar les coses que passaven &#8220;de&hellip;  <a href=\"https:\/\/agora.xtec.cat\/escolatorrelameu\/general\/400-cops\/\" title=\"Read 400 cops\">Llegeix m\u00e9s\u00bb<\/a><\/p>\n","protected":false},"author":14,"featured_media":2857,"comment_status":"open","ping_status":"closed","sticky":false,"template":"","format":"standard","meta":{"_bbp_topic_count":0,"_bbp_reply_count":0,"_bbp_total_topic_count":0,"_bbp_total_reply_count":0,"_bbp_voice_count":0,"_bbp_anonymous_reply_count":0,"_bbp_topic_count_hidden":0,"_bbp_reply_count_hidden":0,"_bbp_forum_subforum_count":0,"footnotes":""},"categories":[1],"tags":[],"class_list":["post-2852","post","type-post","status-publish","format-standard","has-post-thumbnail","hentry","category-general"],"post_mailing_queue_ids":[],"_links":{"self":[{"href":"https:\/\/agora.xtec.cat\/escolatorrelameu\/wp-json\/wp\/v2\/posts\/2852","targetHints":{"allow":["GET"]}}],"collection":[{"href":"https:\/\/agora.xtec.cat\/escolatorrelameu\/wp-json\/wp\/v2\/posts"}],"about":[{"href":"https:\/\/agora.xtec.cat\/escolatorrelameu\/wp-json\/wp\/v2\/types\/post"}],"author":[{"embeddable":true,"href":"https:\/\/agora.xtec.cat\/escolatorrelameu\/wp-json\/wp\/v2\/users\/14"}],"replies":[{"embeddable":true,"href":"https:\/\/agora.xtec.cat\/escolatorrelameu\/wp-json\/wp\/v2\/comments?post=2852"}],"version-history":[{"count":6,"href":"https:\/\/agora.xtec.cat\/escolatorrelameu\/wp-json\/wp\/v2\/posts\/2852\/revisions"}],"predecessor-version":[{"id":2865,"href":"https:\/\/agora.xtec.cat\/escolatorrelameu\/wp-json\/wp\/v2\/posts\/2852\/revisions\/2865"}],"wp:featuredmedia":[{"embeddable":true,"href":"https:\/\/agora.xtec.cat\/escolatorrelameu\/wp-json\/wp\/v2\/media\/2857"}],"wp:attachment":[{"href":"https:\/\/agora.xtec.cat\/escolatorrelameu\/wp-json\/wp\/v2\/media?parent=2852"}],"wp:term":[{"taxonomy":"category","embeddable":true,"href":"https:\/\/agora.xtec.cat\/escolatorrelameu\/wp-json\/wp\/v2\/categories?post=2852"},{"taxonomy":"post_tag","embeddable":true,"href":"https:\/\/agora.xtec.cat\/escolatorrelameu\/wp-json\/wp\/v2\/tags?post=2852"}],"curies":[{"name":"wp","href":"https:\/\/api.w.org\/{rel}","templated":true}]}}