{"id":2814,"date":"2023-12-21T14:02:52","date_gmt":"2023-12-21T13:02:52","guid":{"rendered":"https:\/\/agora.xtec.cat\/escolatorrelameu\/?p=2814"},"modified":"2023-12-21T14:02:52","modified_gmt":"2023-12-21T13:02:52","slug":"final-de-trimestre","status":"publish","type":"post","link":"https:\/\/agora.xtec.cat\/escolatorrelameu\/general\/final-de-trimestre\/","title":{"rendered":"Final de trimestre"},"content":{"rendered":"<p><span style=\"font-weight: 300;\">El dia a dia a l\u2019escola \u00e9s intens i fren\u00e8tic. Quantes vegades heu sentit &#8220;Necessito vacances\u201d? i \u00e9s que \u00e9s cert, tots, petits i grans necessitem unes vacances.\u00a0<\/span><\/p>\n<p><span style=\"font-weight: 300;\">Vacances per aturar-nos i canviar horaris, per estar i gaudir de la fam\u00edlia, per aixecar-se a l\u2019hora que una vulgui, per jugar a jocs de taula tots junts o fer grans construccions al menjador de casa, per quedar amb els amics i els familiars que han tornat, per visitar exposicions i anar de concert o al cinema, per viatjar i con\u00e8ixer altres realitats\u2026 I segurament ens deixem mil possibilitats m\u00e9s per divertir-se amb els de casa.<\/span><\/p>\n<p><span style=\"font-weight: 300;\">Durant aquest temps compartit, a les aules, han passat moltes coses: han hagut nous inicis, noves vinculacions\u2026 i aquests processos impliquen maduraci\u00f3 i temps. En aquest punt, situats en cadascun dels grups, entenem que som part d\u2019un tot, d\u2019una unitat que \u00e9s l&#8217;escola.<\/span><\/p>\n<p><span style=\"font-weight: 300;\">I tot aix\u00f2, les entrepussades i els \u00e8xits d\u2019aquest primer trimestre, ho volem celebrar amb vosaltres, ho volem compartir per fer-ho m\u00e9s conscient i m\u00e9s c\u00f2mplice. A l\u2019escola, ens agrada acabar aquest per\u00edode potent que representa el primer trimestre amb un festa que en diem \u201cConte caminat\u201d, la proposta \u00e9s que ampliant l\u2019espai de l\u2019escola al poble, trobareu diferents estacions on us farem la lectura interpretativa de dos contes: Sopa de pedres i Els dotze mesos.<\/span><\/p>\n<p><a href=\"https:\/\/agora.xtec.cat\/escolatorrelameu\/wp-content\/uploads\/usu2232\/2023\/12\/Benvinguda.jpg\"><img loading=\"lazy\" decoding=\"async\" class=\"size-full wp-image-2816\" src=\"https:\/\/agora.xtec.cat\/escolatorrelameu\/wp-content\/uploads\/usu2232\/2023\/12\/Benvinguda.jpg\" alt=\"\" width=\"1180\" height=\"1533\" srcset=\"https:\/\/agora.xtec.cat\/escolatorrelameu\/wp-content\/uploads\/usu2232\/2023\/12\/Benvinguda.jpg 1180w, https:\/\/agora.xtec.cat\/escolatorrelameu\/wp-content\/uploads\/usu2232\/2023\/12\/Benvinguda-231x300.jpg 231w, https:\/\/agora.xtec.cat\/escolatorrelameu\/wp-content\/uploads\/usu2232\/2023\/12\/Benvinguda-788x1024.jpg 788w, https:\/\/agora.xtec.cat\/escolatorrelameu\/wp-content\/uploads\/usu2232\/2023\/12\/Benvinguda-768x998.jpg 768w\" sizes=\"auto, (max-width: 1180px) 100vw, 1180px\" \/><\/a><\/p>\n<p>I el darrer dia, hem anat a la Ludoteca, espai de joc i de conviv\u00e8ncia&#8230; Passen coses boniques i especials perqu\u00e8 \u00e9s un moment dol\u00e7 i alegre, assaborint els darrers moments junts abans del descans d&#8217;hivern.<br \/>\nAquest any tamb\u00e9 han vingut els Menuts!!<\/p>\n<p><a href=\"https:\/\/agora.xtec.cat\/escolatorrelameu\/wp-content\/uploads\/usu2232\/2023\/12\/2.jpg\"><img loading=\"lazy\" decoding=\"async\" class=\"aligncenter size-full wp-image-2835\" src=\"https:\/\/agora.xtec.cat\/escolatorrelameu\/wp-content\/uploads\/usu2232\/2023\/12\/2.jpg\" alt=\"\" width=\"1018\" height=\"1837\" srcset=\"https:\/\/agora.xtec.cat\/escolatorrelameu\/wp-content\/uploads\/usu2232\/2023\/12\/2.jpg 1018w, https:\/\/agora.xtec.cat\/escolatorrelameu\/wp-content\/uploads\/usu2232\/2023\/12\/2-166x300.jpg 166w, https:\/\/agora.xtec.cat\/escolatorrelameu\/wp-content\/uploads\/usu2232\/2023\/12\/2-567x1024.jpg 567w, https:\/\/agora.xtec.cat\/escolatorrelameu\/wp-content\/uploads\/usu2232\/2023\/12\/2-768x1386.jpg 768w, https:\/\/agora.xtec.cat\/escolatorrelameu\/wp-content\/uploads\/usu2232\/2023\/12\/2-851x1536.jpg 851w\" sizes=\"auto, (max-width: 1018px) 100vw, 1018px\" \/><\/a><\/p>\n<p><a href=\"https:\/\/agora.xtec.cat\/escolatorrelameu\/wp-content\/uploads\/usu2232\/2023\/12\/3-nova.jpg\"><img loading=\"lazy\" decoding=\"async\" class=\"aligncenter size-full wp-image-2836\" src=\"https:\/\/agora.xtec.cat\/escolatorrelameu\/wp-content\/uploads\/usu2232\/2023\/12\/3-nova.jpg\" alt=\"\" width=\"1018\" height=\"1474\" srcset=\"https:\/\/agora.xtec.cat\/escolatorrelameu\/wp-content\/uploads\/usu2232\/2023\/12\/3-nova.jpg 1018w, https:\/\/agora.xtec.cat\/escolatorrelameu\/wp-content\/uploads\/usu2232\/2023\/12\/3-nova-207x300.jpg 207w, https:\/\/agora.xtec.cat\/escolatorrelameu\/wp-content\/uploads\/usu2232\/2023\/12\/3-nova-707x1024.jpg 707w, https:\/\/agora.xtec.cat\/escolatorrelameu\/wp-content\/uploads\/usu2232\/2023\/12\/3-nova-768x1112.jpg 768w\" sizes=\"auto, (max-width: 1018px) 100vw, 1018px\" \/><\/a><\/p>\n<p>Bones vacances d&#8217;hivern.<\/p>\n","protected":false},"excerpt":{"rendered":"<p>El dia a dia a l\u2019escola \u00e9s intens i fren\u00e8tic. Quantes vegades heu sentit &#8220;Necessito vacances\u201d? i \u00e9s que \u00e9s cert, tots, petits i grans necessitem unes vacances.\u00a0<br \/>\nVacances per aturar-nos i canviar horaris, per estar i gaudir de la fam\u00edlia, per aixecar-se a l\u2019hora que&hellip;  <a href=\"https:\/\/agora.xtec.cat\/escolatorrelameu\/general\/final-de-trimestre\/\" title=\"Read Final de trimestre\">Llegeix m\u00e9s\u00bb<\/a><\/p>\n","protected":false},"author":14,"featured_media":0,"comment_status":"open","ping_status":"closed","sticky":false,"template":"","format":"standard","meta":{"_bbp_topic_count":0,"_bbp_reply_count":0,"_bbp_total_topic_count":0,"_bbp_total_reply_count":0,"_bbp_voice_count":0,"_bbp_anonymous_reply_count":0,"_bbp_topic_count_hidden":0,"_bbp_reply_count_hidden":0,"_bbp_forum_subforum_count":0,"footnotes":""},"categories":[1],"tags":[],"class_list":["post-2814","post","type-post","status-publish","format-standard","hentry","category-general"],"post_mailing_queue_ids":[],"_links":{"self":[{"href":"https:\/\/agora.xtec.cat\/escolatorrelameu\/wp-json\/wp\/v2\/posts\/2814","targetHints":{"allow":["GET"]}}],"collection":[{"href":"https:\/\/agora.xtec.cat\/escolatorrelameu\/wp-json\/wp\/v2\/posts"}],"about":[{"href":"https:\/\/agora.xtec.cat\/escolatorrelameu\/wp-json\/wp\/v2\/types\/post"}],"author":[{"embeddable":true,"href":"https:\/\/agora.xtec.cat\/escolatorrelameu\/wp-json\/wp\/v2\/users\/14"}],"replies":[{"embeddable":true,"href":"https:\/\/agora.xtec.cat\/escolatorrelameu\/wp-json\/wp\/v2\/comments?post=2814"}],"version-history":[{"count":5,"href":"https:\/\/agora.xtec.cat\/escolatorrelameu\/wp-json\/wp\/v2\/posts\/2814\/revisions"}],"predecessor-version":[{"id":2838,"href":"https:\/\/agora.xtec.cat\/escolatorrelameu\/wp-json\/wp\/v2\/posts\/2814\/revisions\/2838"}],"wp:attachment":[{"href":"https:\/\/agora.xtec.cat\/escolatorrelameu\/wp-json\/wp\/v2\/media?parent=2814"}],"wp:term":[{"taxonomy":"category","embeddable":true,"href":"https:\/\/agora.xtec.cat\/escolatorrelameu\/wp-json\/wp\/v2\/categories?post=2814"},{"taxonomy":"post_tag","embeddable":true,"href":"https:\/\/agora.xtec.cat\/escolatorrelameu\/wp-json\/wp\/v2\/tags?post=2814"}],"curies":[{"name":"wp","href":"https:\/\/api.w.org\/{rel}","templated":true}]}}