{"id":2807,"date":"2023-12-17T11:45:30","date_gmt":"2023-12-17T10:45:30","guid":{"rendered":"https:\/\/agora.xtec.cat\/escolatorrelameu\/?p=2807"},"modified":"2023-12-17T11:52:26","modified_gmt":"2023-12-17T10:52:26","slug":"un-regal-per-esmorzar","status":"publish","type":"post","link":"https:\/\/agora.xtec.cat\/escolatorrelameu\/general\/un-regal-per-esmorzar\/","title":{"rendered":"Un regal per esmorzar"},"content":{"rendered":"<p>Els esmorzars a la nostra escola s\u00f3n realment especials. Primer, perqu\u00e8 la base del nostre esmorzar \u00e9s la fruita de temporada de Ca l\u2019Esther, despr\u00e9s perqu\u00e8 el prepara un encarregat o encarregada de cada aula amb la gran col\u00b7laboraci\u00f3 dels padrins i padrines volunt\u00e0ries. I a m\u00e9s a m\u00e9s, l&#8217;esmorzar \u00e9s una estona de calma i conversa amb els companys i companyes abans de sortir al pati a jugar.<\/p>\n<p>A part de la fruita tamb\u00e9 hi afegim fruits secs i bastonets, a m\u00e9s a m\u00e9s de plats fets amb ous de les nostres gallines o els pastissos i arrossos elaborats pels diferents grups quan fan recepta.<\/p>\n<p>Per\u00f2 aix\u00f2 no \u00e9s tot. El dijous passat l\u2019Esther ens va regalar un esmorzar excepcional, pizzes i entrepans variats per tothom.<\/p>\n<p><a href=\"https:\/\/agora.xtec.cat\/escolatorrelameu\/wp-content\/uploads\/usu2232\/2023\/12\/foto-ca-lester.jpg\"><img loading=\"lazy\" decoding=\"async\" class=\"aligncenter size-full wp-image-2809\" src=\"https:\/\/agora.xtec.cat\/escolatorrelameu\/wp-content\/uploads\/usu2232\/2023\/12\/foto-ca-lester.jpg\" alt=\"\" width=\"2048\" height=\"945\" srcset=\"https:\/\/agora.xtec.cat\/escolatorrelameu\/wp-content\/uploads\/usu2232\/2023\/12\/foto-ca-lester.jpg 2048w, https:\/\/agora.xtec.cat\/escolatorrelameu\/wp-content\/uploads\/usu2232\/2023\/12\/foto-ca-lester-300x138.jpg 300w, https:\/\/agora.xtec.cat\/escolatorrelameu\/wp-content\/uploads\/usu2232\/2023\/12\/foto-ca-lester-1024x473.jpg 1024w, https:\/\/agora.xtec.cat\/escolatorrelameu\/wp-content\/uploads\/usu2232\/2023\/12\/foto-ca-lester-768x354.jpg 768w, https:\/\/agora.xtec.cat\/escolatorrelameu\/wp-content\/uploads\/usu2232\/2023\/12\/foto-ca-lester-1536x709.jpg 1536w\" sizes=\"auto, (max-width: 2048px) 100vw, 2048px\" \/><\/a><\/p>\n<p>Agra\u00efm a l&#8217;Esther, la col\u00b7laboraci\u00f3 a trav\u00e9s de l&#8217;aportaci\u00f3 de fruita i verdura i fent-ho sempre amb una rialla i bones paraules. \u00c9s un plaer!!!<\/p>\n<p>Tamb\u00e9 ens agrada agrair a les fam\u00edlies que ens porten fruita del seu camp.<\/p>\n<p>I clar, gr\u00e0cies als padrins i padrines que cada dia ens ajuden a preparar aquests nutritius i variats esmorzars. S\u00f3n estones molt agradables i disteses&#8230;<\/p>\n<p>En definitiva, agra\u00efm a le<span style=\"font-family: inherit; font-size: 1em;\">s diferents persones que ens ajuden\u00a0 a fer cr\u00e9ixer l&#8217;escola.<\/span><\/p>\n","protected":false},"excerpt":{"rendered":"<p>Els esmorzars a la nostra escola s\u00f3n realment especials. Primer, perqu\u00e8 la base del nostre esmorzar \u00e9s la fruita de temporada de Ca l\u2019Esther, despr\u00e9s perqu\u00e8 el prepara un encarregat o encarregada de cada aula amb la gran col\u00b7laboraci\u00f3 dels padrins i padrines volunt\u00e0ries. I&hellip;  <a href=\"https:\/\/agora.xtec.cat\/escolatorrelameu\/general\/un-regal-per-esmorzar\/\" title=\"Read Un regal per esmorzar\">Llegeix m\u00e9s\u00bb<\/a><\/p>\n","protected":false},"author":14,"featured_media":2808,"comment_status":"open","ping_status":"closed","sticky":false,"template":"","format":"standard","meta":{"_bbp_topic_count":0,"_bbp_reply_count":0,"_bbp_total_topic_count":0,"_bbp_total_reply_count":0,"_bbp_voice_count":0,"_bbp_anonymous_reply_count":0,"_bbp_topic_count_hidden":0,"_bbp_reply_count_hidden":0,"_bbp_forum_subforum_count":0,"footnotes":""},"categories":[1],"tags":[],"class_list":["post-2807","post","type-post","status-publish","format-standard","has-post-thumbnail","hentry","category-general"],"post_mailing_queue_ids":[],"_links":{"self":[{"href":"https:\/\/agora.xtec.cat\/escolatorrelameu\/wp-json\/wp\/v2\/posts\/2807","targetHints":{"allow":["GET"]}}],"collection":[{"href":"https:\/\/agora.xtec.cat\/escolatorrelameu\/wp-json\/wp\/v2\/posts"}],"about":[{"href":"https:\/\/agora.xtec.cat\/escolatorrelameu\/wp-json\/wp\/v2\/types\/post"}],"author":[{"embeddable":true,"href":"https:\/\/agora.xtec.cat\/escolatorrelameu\/wp-json\/wp\/v2\/users\/14"}],"replies":[{"embeddable":true,"href":"https:\/\/agora.xtec.cat\/escolatorrelameu\/wp-json\/wp\/v2\/comments?post=2807"}],"version-history":[{"count":4,"href":"https:\/\/agora.xtec.cat\/escolatorrelameu\/wp-json\/wp\/v2\/posts\/2807\/revisions"}],"predecessor-version":[{"id":2813,"href":"https:\/\/agora.xtec.cat\/escolatorrelameu\/wp-json\/wp\/v2\/posts\/2807\/revisions\/2813"}],"wp:featuredmedia":[{"embeddable":true,"href":"https:\/\/agora.xtec.cat\/escolatorrelameu\/wp-json\/wp\/v2\/media\/2808"}],"wp:attachment":[{"href":"https:\/\/agora.xtec.cat\/escolatorrelameu\/wp-json\/wp\/v2\/media?parent=2807"}],"wp:term":[{"taxonomy":"category","embeddable":true,"href":"https:\/\/agora.xtec.cat\/escolatorrelameu\/wp-json\/wp\/v2\/categories?post=2807"},{"taxonomy":"post_tag","embeddable":true,"href":"https:\/\/agora.xtec.cat\/escolatorrelameu\/wp-json\/wp\/v2\/tags?post=2807"}],"curies":[{"name":"wp","href":"https:\/\/api.w.org\/{rel}","templated":true}]}}