{"id":2799,"date":"2023-12-14T23:30:08","date_gmt":"2023-12-14T22:30:08","guid":{"rendered":"https:\/\/agora.xtec.cat\/escolatorrelameu\/?p=2799"},"modified":"2023-12-14T23:30:23","modified_gmt":"2023-12-14T22:30:23","slug":"construccions-a-petits","status":"publish","type":"post","link":"https:\/\/agora.xtec.cat\/escolatorrelameu\/general\/construccions-a-petits\/","title":{"rendered":"Construccions a Petits"},"content":{"rendered":"<p>L&#8217;escola rural, com a ess\u00e8ncia, fa que diferents edats d&#8217;infants comparteixin aula. \u00c9s un valor afegit de les escoles petites, un tresor que es dona de forma natural. \u00c9s tan evident per a molts docents, que d&#8217;un temps cap aqu\u00ed, escoles m\u00e9s grans busquen maneres artificials d&#8217;aconseguir barrejar infants de diferents edats.<\/p>\n<p>Els que vivim l&#8217;escola rural ho tenim molt incorporat i potser, no sempre, tenim present aquesta riquesa. Per\u00f2, un dijous al pujar del pati, de forma imprevista i espont\u00e0nia, aquest tresor es fa evident, de forma aclaparadora. El grup demana de jugar una estona. Comencen a fer construccions damunt la taula, els suggereixes que ocupin tot l&#8217;espai de la catifa. Volen crear un m\u00f3n. Amb cases, parets, torres, xemeneies&#8230; Ens vas a buscar els ninos? et demanen. I d&#8217;una manera pausada, respectuosa amb les diferents aportacions, van creant aquest m\u00f3n. L&#8217;ampliem, busquem un llibre on es mostren castells&#8230; Fan canvis, conversen, imaginen hist\u00f2ries, equilibren estructures, les embelleixen, recollim entre tots&#8230; Quan acabem, ens far\u00e0s una foto? I tant! <span style=\"font-family: inherit; font-size: 1em;\">No nom\u00e9s la posarem a la llibreta, sin\u00f3 que la penjarem al blog de l&#8217;escola. Aqu\u00ed les teniu: moments genu\u00efns de l&#8217;escola petita.\u00a0<\/span><\/p>\n<p><a href=\"https:\/\/agora.xtec.cat\/escolatorrelameu\/wp-content\/uploads\/usu2232\/2023\/12\/Disseny-sense-titol-1-4.jpg\"><img loading=\"lazy\" decoding=\"async\" class=\"aligncenter size-full wp-image-2805\" src=\"https:\/\/agora.xtec.cat\/escolatorrelameu\/wp-content\/uploads\/usu2232\/2023\/12\/Disseny-sense-titol-1-4.jpg\" alt=\"\" width=\"525\" height=\"768\" srcset=\"https:\/\/agora.xtec.cat\/escolatorrelameu\/wp-content\/uploads\/usu2232\/2023\/12\/Disseny-sense-titol-1-4.jpg 525w, https:\/\/agora.xtec.cat\/escolatorrelameu\/wp-content\/uploads\/usu2232\/2023\/12\/Disseny-sense-titol-1-4-205x300.jpg 205w\" sizes=\"auto, (max-width: 525px) 100vw, 525px\" \/><\/a><\/p>\n","protected":false},"excerpt":{"rendered":"<p>L&#8217;escola rural, com a ess\u00e8ncia, fa que diferents edats d&#8217;infants comparteixin aula. \u00c9s un valor afegit de les escoles petites, un tresor que es dona de forma natural. \u00c9s tan evident per a molts docents, que d&#8217;un temps cap aqu\u00ed, escoles m\u00e9s grans busquen maneres&hellip;  <a href=\"https:\/\/agora.xtec.cat\/escolatorrelameu\/general\/construccions-a-petits\/\" title=\"Read Construccions a Petits\">Llegeix m\u00e9s\u00bb<\/a><\/p>\n","protected":false},"author":14,"featured_media":0,"comment_status":"open","ping_status":"closed","sticky":false,"template":"","format":"standard","meta":{"_bbp_topic_count":0,"_bbp_reply_count":0,"_bbp_total_topic_count":0,"_bbp_total_reply_count":0,"_bbp_voice_count":0,"_bbp_anonymous_reply_count":0,"_bbp_topic_count_hidden":0,"_bbp_reply_count_hidden":0,"_bbp_forum_subforum_count":0,"footnotes":""},"categories":[1,61],"tags":[],"class_list":["post-2799","post","type-post","status-publish","format-standard","hentry","category-general","category-petits"],"post_mailing_queue_ids":[],"_links":{"self":[{"href":"https:\/\/agora.xtec.cat\/escolatorrelameu\/wp-json\/wp\/v2\/posts\/2799","targetHints":{"allow":["GET"]}}],"collection":[{"href":"https:\/\/agora.xtec.cat\/escolatorrelameu\/wp-json\/wp\/v2\/posts"}],"about":[{"href":"https:\/\/agora.xtec.cat\/escolatorrelameu\/wp-json\/wp\/v2\/types\/post"}],"author":[{"embeddable":true,"href":"https:\/\/agora.xtec.cat\/escolatorrelameu\/wp-json\/wp\/v2\/users\/14"}],"replies":[{"embeddable":true,"href":"https:\/\/agora.xtec.cat\/escolatorrelameu\/wp-json\/wp\/v2\/comments?post=2799"}],"version-history":[{"count":2,"href":"https:\/\/agora.xtec.cat\/escolatorrelameu\/wp-json\/wp\/v2\/posts\/2799\/revisions"}],"predecessor-version":[{"id":2806,"href":"https:\/\/agora.xtec.cat\/escolatorrelameu\/wp-json\/wp\/v2\/posts\/2799\/revisions\/2806"}],"wp:attachment":[{"href":"https:\/\/agora.xtec.cat\/escolatorrelameu\/wp-json\/wp\/v2\/media?parent=2799"}],"wp:term":[{"taxonomy":"category","embeddable":true,"href":"https:\/\/agora.xtec.cat\/escolatorrelameu\/wp-json\/wp\/v2\/categories?post=2799"},{"taxonomy":"post_tag","embeddable":true,"href":"https:\/\/agora.xtec.cat\/escolatorrelameu\/wp-json\/wp\/v2\/tags?post=2799"}],"curies":[{"name":"wp","href":"https:\/\/api.w.org\/{rel}","templated":true}]}}