{"id":2760,"date":"2023-11-29T06:13:35","date_gmt":"2023-11-29T05:13:35","guid":{"rendered":"https:\/\/agora.xtec.cat\/escolatorrelameu\/?p=2760"},"modified":"2023-11-29T06:13:35","modified_gmt":"2023-11-29T05:13:35","slug":"cinema-en-curs-i-petit-cinema-en-curs","status":"publish","type":"post","link":"https:\/\/agora.xtec.cat\/escolatorrelameu\/general\/cinema-en-curs-i-petit-cinema-en-curs\/","title":{"rendered":"Cinema en curs i Petit Cinema en curs"},"content":{"rendered":"<p style=\"text-align: justify;\">Un article sobre Cinema en curs i tamb\u00e9 sobre Petit Cinema en curs, per\u00f2 \u00e9s un article per enlla\u00e7ar i per convidar-vos a mirar, comentar, llegir, consultar, transitar&#8230; tot el proc\u00e9s que estem fent a les aules sobre aquests projectes vinculats entre s\u00ed.<\/p>\n<p style=\"text-align: justify;\">Especificant que \u00e9s Cinema en curs i recorrent al seu <a href=\"https:\/\/www.cinemaencurs.org\/ca\/el-programa\">espai virtual<\/a>, aquest projecte consisteix en fer pedagogia del cinema i amb el cinema a escoles i instituts. Els dos grans objectius s\u00f3n: propiciar el descobriment per part de nens i joves del cinema ent\u00e8s com a art, creaci\u00f3 i cultura, i desenvolupar les pot\u00e8ncies pedag\u00f2giques de la creaci\u00f3 cinematogr\u00e0fica en el context educatiu.<\/p>\n<p style=\"text-align: justify;\">I sota el paraig\u00fces del projecte n&#8217;hi ha de m\u00e9s espec\u00edfics, un d&#8217;ells \u00e9s Petit Cinema en curs, que visitant el seu <a href=\"https:\/\/www.cinemaencurs.org\/ca\/petit-cinema-en-curs\">espai virtual<\/a>, ens especifica que Petit Cinema en curs inicia els m\u00e9s petits en la descoberta del cinema des de l\u2019educaci\u00f3 infantil. Es desenvolupa amb grups de 3 a 12 anys, amb l\u2019objectiu prioritari de sensibilitzar els nens cap al cinema, la fotografia i l\u2019entorn.<\/p>\n<p style=\"text-align: justify;\"><a href=\"https:\/\/agora.xtec.cat\/escolatorrelameu\/wp-content\/uploads\/usu2232\/2023\/11\/Presnetacio-de-la-camera.jpg\"><img loading=\"lazy\" decoding=\"async\" class=\"aligncenter\" src=\"https:\/\/agora.xtec.cat\/escolatorrelameu\/wp-content\/uploads\/usu2232\/2023\/11\/Presnetacio-de-la-camera.jpg\" alt=\"\" width=\"600\" height=\"600\" \/><\/a><\/p>\n<p style=\"text-align: justify;\">De la m\u00e0 de la Nely, amb Grans, i de tot l&#8217;equip A Boa a Qu estem desenvolupant grans experi\u00e8ncies que ens aportaran vivi\u00e8ncies per dotar les nostres produccions finals.<\/p>\n<p style=\"text-align: justify;\"><a href=\"https:\/\/agora.xtec.cat\/escolatorrelameu\/wp-content\/uploads\/usu2232\/2023\/11\/Llum-i-rostre.jpg\"><img loading=\"lazy\" decoding=\"async\" class=\"aligncenter\" src=\"https:\/\/agora.xtec.cat\/escolatorrelameu\/wp-content\/uploads\/usu2232\/2023\/11\/Llum-i-rostre.jpg\" alt=\"\" width=\"600\" height=\"600\" \/><\/a><\/p>\n<p style=\"text-align: justify;\"><em>Pell clara, pell fosca, ulls obscurs, arracada daurada, jersei roig, cabells llargs, mirada seria, ulls brillants,&#8230; Per\u00f2, tamb\u00e9 altres conceptes t\u00e8cnics, com l&#8217;enquadrament, pla tancat o obert, profunditat de camp, llum dura o evolvent&#8230; La proposta era descobrir com la llum influeix en el rostre hum\u00e0 i com jugant i experimentant ens porta a crear situacions emocionals com tristesa, alegria, introspecci\u00f3, serietat&#8230;<\/em><\/p>\n<p style=\"text-align: justify;\">Voleu seguir-les? No us ho perdeu!!! Descobrireu grans potencials. Us facilitem l&#8217;enlla\u00e7 a les nostres experi\u00e8ncies filtrades per &#8220;<a href=\"https:\/\/www.cinemaencurs.org\/ca\/diari-dels-tallers?text=&amp;center_nid=6546&amp;op=Cerca&amp;form_build_id=form-YyarJthwoftCWMGKzNYuc_ipZH6XodDi9d-66X0clts&amp;form_id=omitsis_cinemaencurs_filters_diaritallers_big_filter&amp;honeypot_time=1701233771%7CFvLNNGvAArt8QyNlfrsBDdBJgJ1COmY-jYms5VLMWGY&amp;telephone=\">escola de Torrelameu<\/a>&#8220;.<\/p>\n","protected":false},"excerpt":{"rendered":"<p>Un article sobre Cinema en curs i tamb\u00e9 sobre Petit Cinema en curs, per\u00f2 \u00e9s un article per enlla\u00e7ar i per convidar-vos a mirar, comentar, llegir, consultar, transitar&#8230; tot el proc\u00e9s que estem fent a les aules sobre aquests projectes vinculats entre s\u00ed.<br \/>\nEspecificant que \u00e9s&hellip;  <a href=\"https:\/\/agora.xtec.cat\/escolatorrelameu\/general\/cinema-en-curs-i-petit-cinema-en-curs\/\" title=\"Read Cinema en curs i Petit Cinema en curs\">Llegeix m\u00e9s\u00bb<\/a><\/p>\n","protected":false},"author":14,"featured_media":2763,"comment_status":"open","ping_status":"closed","sticky":false,"template":"","format":"standard","meta":{"_bbp_topic_count":0,"_bbp_reply_count":0,"_bbp_total_topic_count":0,"_bbp_total_reply_count":0,"_bbp_voice_count":0,"_bbp_anonymous_reply_count":0,"_bbp_topic_count_hidden":0,"_bbp_reply_count_hidden":0,"_bbp_forum_subforum_count":0,"footnotes":""},"categories":[1],"tags":[],"class_list":["post-2760","post","type-post","status-publish","format-standard","has-post-thumbnail","hentry","category-general"],"post_mailing_queue_ids":[],"_links":{"self":[{"href":"https:\/\/agora.xtec.cat\/escolatorrelameu\/wp-json\/wp\/v2\/posts\/2760","targetHints":{"allow":["GET"]}}],"collection":[{"href":"https:\/\/agora.xtec.cat\/escolatorrelameu\/wp-json\/wp\/v2\/posts"}],"about":[{"href":"https:\/\/agora.xtec.cat\/escolatorrelameu\/wp-json\/wp\/v2\/types\/post"}],"author":[{"embeddable":true,"href":"https:\/\/agora.xtec.cat\/escolatorrelameu\/wp-json\/wp\/v2\/users\/14"}],"replies":[{"embeddable":true,"href":"https:\/\/agora.xtec.cat\/escolatorrelameu\/wp-json\/wp\/v2\/comments?post=2760"}],"version-history":[{"count":6,"href":"https:\/\/agora.xtec.cat\/escolatorrelameu\/wp-json\/wp\/v2\/posts\/2760\/revisions"}],"predecessor-version":[{"id":2778,"href":"https:\/\/agora.xtec.cat\/escolatorrelameu\/wp-json\/wp\/v2\/posts\/2760\/revisions\/2778"}],"wp:featuredmedia":[{"embeddable":true,"href":"https:\/\/agora.xtec.cat\/escolatorrelameu\/wp-json\/wp\/v2\/media\/2763"}],"wp:attachment":[{"href":"https:\/\/agora.xtec.cat\/escolatorrelameu\/wp-json\/wp\/v2\/media?parent=2760"}],"wp:term":[{"taxonomy":"category","embeddable":true,"href":"https:\/\/agora.xtec.cat\/escolatorrelameu\/wp-json\/wp\/v2\/categories?post=2760"},{"taxonomy":"post_tag","embeddable":true,"href":"https:\/\/agora.xtec.cat\/escolatorrelameu\/wp-json\/wp\/v2\/tags?post=2760"}],"curies":[{"name":"wp","href":"https:\/\/api.w.org\/{rel}","templated":true}]}}