{"id":2743,"date":"2023-11-25T16:03:40","date_gmt":"2023-11-25T15:03:40","guid":{"rendered":"https:\/\/agora.xtec.cat\/escolatorrelameu\/?p=2743"},"modified":"2023-11-25T16:49:17","modified_gmt":"2023-11-25T15:49:17","slug":"el-somni-de-laigua","status":"publish","type":"post","link":"https:\/\/agora.xtec.cat\/escolatorrelameu\/general\/el-somni-de-laigua\/","title":{"rendered":"El somni de l&#8217;aigua"},"content":{"rendered":"<p style=\"text-align: justify;\">Fa molts anys, a la prov\u00edncia de Lleida, a les comarques del Segri\u00e0, les Garrigues, la Noguera, el Pla d&#8217;Urgell i l&#8217;Urgell, hi havia una gran depressi\u00f3, esplanada,&#8230; seca, eixuta&#8230; En deien el Clot del dimoni, perqu\u00e8 hi feia tanta calor i no tenien &#8220;<em>ni aigua per beure ni un arbre per fer ombra<\/em>&#8220;&#8230;<\/p>\n<p style=\"text-align: justify;\">&#8220;<em>Tenim un somni. Un somni tossut. Algun dia en aquests terrossos erms creixer\u00e0 l&#8217;herba, l&#8217;aixada els partir\u00e0 sense gemecs i tu, i els teus fills reposareu a l&#8217;ombra de fruites que creixeran a la vora de l&#8217;aigua. (&#8230;). Algun dia, vora l&#8217;aigua, et recordar\u00e0s de les meves paraules i em donar\u00e0s la ra\u00f3<\/em>&#8220;.<\/p>\n<p style=\"text-align: justify;\">A la casa Canal de Mollerussa han investigat sobre tots aquests aspectes hist\u00f2rics i n&#8217;han fet un museu. Amb sales molt ben aconseguides on es barreja saber i interacci\u00f3; foscor i llum; aigua i somni; passat, present i futur; lluita, tenacitat i treball; mort i vida;&#8230;<\/p>\n<p style=\"text-align: justify;\"><em>&#8220;Estem fets de boira i de vent, de sol i de fred. Aquesta terra, per a b\u00e9 i per a mal, \u00e9s la nostra i l&#8217;estimem amb un dolor desesperat.&#8221;<\/em><\/p>\n<p><a href=\"https:\/\/agora.xtec.cat\/escolatorrelameu\/wp-content\/uploads\/usu2232\/2023\/11\/El-somni-de-laigua-2.jpg\"><img loading=\"lazy\" decoding=\"async\" class=\"aligncenter size-full wp-image-2749\" src=\"https:\/\/agora.xtec.cat\/escolatorrelameu\/wp-content\/uploads\/usu2232\/2023\/11\/El-somni-de-laigua-2.jpg\" alt=\"\" width=\"2000\" height=\"1600\" srcset=\"https:\/\/agora.xtec.cat\/escolatorrelameu\/wp-content\/uploads\/usu2232\/2023\/11\/El-somni-de-laigua-2.jpg 2000w, https:\/\/agora.xtec.cat\/escolatorrelameu\/wp-content\/uploads\/usu2232\/2023\/11\/El-somni-de-laigua-2-300x240.jpg 300w, https:\/\/agora.xtec.cat\/escolatorrelameu\/wp-content\/uploads\/usu2232\/2023\/11\/El-somni-de-laigua-2-1024x819.jpg 1024w, https:\/\/agora.xtec.cat\/escolatorrelameu\/wp-content\/uploads\/usu2232\/2023\/11\/El-somni-de-laigua-2-768x614.jpg 768w, https:\/\/agora.xtec.cat\/escolatorrelameu\/wp-content\/uploads\/usu2232\/2023\/11\/El-somni-de-laigua-2-1536x1229.jpg 1536w\" sizes=\"auto, (max-width: 2000px) 100vw, 2000px\" \/><\/a><\/p>\n<p style=\"text-align: justify;\">Despr\u00e9s amb Josep Maria Falip hem caminat per les banquetes del canal fins al Salt del Duran. Hi ha poca aigua, ara est\u00e0 tancada. El t\u00fanel del Montclar es tanca des de novembre a gener. El Josep Maria ens ha ensenyat l&#8217;arquitectura del canal: les caselles, els ponts de mitja volta, els salts,&#8230;<\/p>\n<p style=\"text-align: justify;\">Tot plegat una sortida molt xula, ens hem cansat s\u00ed, per\u00f2 hem apr\u00e8s una pila de coses. I sobretot, sobretot&#8230; Ser conscients de la import\u00e0ncia del bon \u00fas de l&#8217;aigua, perqu\u00e8 qui sap si tornarem al moment que van viure els nostres avantpassats? Qui sap si haurem de tastar la desertitzaci\u00f3 i la desforestaci\u00f3 dels anys passats? Per si de cas, planteu molts arbres i que creixin forts i sans, i feu un \u00fas responsable de l&#8217;aigua.<\/p>\n","protected":false},"excerpt":{"rendered":"<p>Fa molts anys, a la prov\u00edncia de Lleida, a les comarques del Segri\u00e0, les Garrigues, la Noguera, el Pla d&#8217;Urgell i l&#8217;Urgell, hi havia una gran depressi\u00f3, esplanada,&#8230; seca, eixuta&#8230; En deien el Clot del dimoni, perqu\u00e8 hi feia tanta calor i no tenien &#8220;ni&hellip;  <a href=\"https:\/\/agora.xtec.cat\/escolatorrelameu\/general\/el-somni-de-laigua\/\" title=\"Read El somni de l&#8217;aigua\">Llegeix m\u00e9s\u00bb<\/a><\/p>\n","protected":false},"author":14,"featured_media":2748,"comment_status":"open","ping_status":"closed","sticky":false,"template":"","format":"standard","meta":{"_bbp_topic_count":0,"_bbp_reply_count":0,"_bbp_total_topic_count":0,"_bbp_total_reply_count":0,"_bbp_voice_count":0,"_bbp_anonymous_reply_count":0,"_bbp_topic_count_hidden":0,"_bbp_reply_count_hidden":0,"_bbp_forum_subforum_count":0,"footnotes":""},"categories":[1],"tags":[],"class_list":["post-2743","post","type-post","status-publish","format-standard","has-post-thumbnail","hentry","category-general"],"post_mailing_queue_ids":[],"_links":{"self":[{"href":"https:\/\/agora.xtec.cat\/escolatorrelameu\/wp-json\/wp\/v2\/posts\/2743","targetHints":{"allow":["GET"]}}],"collection":[{"href":"https:\/\/agora.xtec.cat\/escolatorrelameu\/wp-json\/wp\/v2\/posts"}],"about":[{"href":"https:\/\/agora.xtec.cat\/escolatorrelameu\/wp-json\/wp\/v2\/types\/post"}],"author":[{"embeddable":true,"href":"https:\/\/agora.xtec.cat\/escolatorrelameu\/wp-json\/wp\/v2\/users\/14"}],"replies":[{"embeddable":true,"href":"https:\/\/agora.xtec.cat\/escolatorrelameu\/wp-json\/wp\/v2\/comments?post=2743"}],"version-history":[{"count":3,"href":"https:\/\/agora.xtec.cat\/escolatorrelameu\/wp-json\/wp\/v2\/posts\/2743\/revisions"}],"predecessor-version":[{"id":2750,"href":"https:\/\/agora.xtec.cat\/escolatorrelameu\/wp-json\/wp\/v2\/posts\/2743\/revisions\/2750"}],"wp:featuredmedia":[{"embeddable":true,"href":"https:\/\/agora.xtec.cat\/escolatorrelameu\/wp-json\/wp\/v2\/media\/2748"}],"wp:attachment":[{"href":"https:\/\/agora.xtec.cat\/escolatorrelameu\/wp-json\/wp\/v2\/media?parent=2743"}],"wp:term":[{"taxonomy":"category","embeddable":true,"href":"https:\/\/agora.xtec.cat\/escolatorrelameu\/wp-json\/wp\/v2\/categories?post=2743"},{"taxonomy":"post_tag","embeddable":true,"href":"https:\/\/agora.xtec.cat\/escolatorrelameu\/wp-json\/wp\/v2\/tags?post=2743"}],"curies":[{"name":"wp","href":"https:\/\/api.w.org\/{rel}","templated":true}]}}