{"id":2737,"date":"2023-11-25T08:18:24","date_gmt":"2023-11-25T07:18:24","guid":{"rendered":"https:\/\/agora.xtec.cat\/escolatorrelameu\/?p=2737"},"modified":"2023-11-25T08:21:32","modified_gmt":"2023-11-25T07:21:32","slug":"obrador-i-cuina","status":"publish","type":"post","link":"https:\/\/agora.xtec.cat\/escolatorrelameu\/general\/obrador-i-cuina\/","title":{"rendered":"Obrador i cuina"},"content":{"rendered":"<p style=\"text-align: justify;\">Dins l&#8217;Aprenc de Grans, hi ha una tasca que \u00e9s &#8220;Obrador i cuina&#8221;. \u00c9s una tasca col.lectiva on un grup de tres nens i nenes s&#8217;han de posar d&#8217;acord sobre quina recepta volen oferir als seus companys d&#8217;escola per esmorzar. Aquesta tasca consisteix en una primera fase de planificaci\u00f3: decidir la recepta, llistar els ingredients i pensar les quantitats i preparar els estris que necessitem. A la segona fase \u00e9s el moment de l&#8217;elaboraci\u00f3 de la recepta: cuina, fer fotografies, presentar i netejar-ho tot. I, en la tercera fase, \u00e9s l&#8217;escriptura de la recepta en paper, a trav\u00e9s del model de la tipologia textual de la recepta, han de transmetre els ingredients i el proc\u00e9s escrit i il\u00b7lustrat amb fotografies.<\/p>\n<p>A la primera ronda: el primer grup va oferir amanida d&#8217;arr\u00f2s; el segon grup, past\u00eds de xocolata; el tercer, macarrons al pesto; i, el quart, magdalenes de carabassa. Tot plegat, bon\u00edssim.<\/p>\n<p><a href=\"https:\/\/agora.xtec.cat\/escolatorrelameu\/wp-content\/uploads\/usu2232\/2023\/11\/Obrador-i-cuina-1.jpg\"><img loading=\"lazy\" decoding=\"async\" class=\"aligncenter size-full wp-image-2738\" src=\"https:\/\/agora.xtec.cat\/escolatorrelameu\/wp-content\/uploads\/usu2232\/2023\/11\/Obrador-i-cuina-1.jpg\" alt=\"\" width=\"1080\" height=\"1920\" srcset=\"https:\/\/agora.xtec.cat\/escolatorrelameu\/wp-content\/uploads\/usu2232\/2023\/11\/Obrador-i-cuina-1.jpg 1080w, https:\/\/agora.xtec.cat\/escolatorrelameu\/wp-content\/uploads\/usu2232\/2023\/11\/Obrador-i-cuina-1-169x300.jpg 169w, https:\/\/agora.xtec.cat\/escolatorrelameu\/wp-content\/uploads\/usu2232\/2023\/11\/Obrador-i-cuina-1-576x1024.jpg 576w, https:\/\/agora.xtec.cat\/escolatorrelameu\/wp-content\/uploads\/usu2232\/2023\/11\/Obrador-i-cuina-1-768x1365.jpg 768w, https:\/\/agora.xtec.cat\/escolatorrelameu\/wp-content\/uploads\/usu2232\/2023\/11\/Obrador-i-cuina-1-864x1536.jpg 864w\" sizes=\"auto, (max-width: 1080px) 100vw, 1080px\" \/><\/a><\/p>\n","protected":false},"excerpt":{"rendered":"<p>Dins l&#8217;Aprenc de Grans, hi ha una tasca que \u00e9s &#8220;Obrador i cuina&#8221;. \u00c9s una tasca col.lectiva on un grup de tres nens i nenes s&#8217;han de posar d&#8217;acord sobre quina recepta volen oferir als seus companys d&#8217;escola per esmorzar. Aquesta tasca consisteix en una&hellip;  <a href=\"https:\/\/agora.xtec.cat\/escolatorrelameu\/general\/obrador-i-cuina\/\" title=\"Read Obrador i cuina\">Llegeix m\u00e9s\u00bb<\/a><\/p>\n","protected":false},"author":14,"featured_media":2741,"comment_status":"open","ping_status":"closed","sticky":false,"template":"","format":"standard","meta":{"_bbp_topic_count":0,"_bbp_reply_count":0,"_bbp_total_topic_count":0,"_bbp_total_reply_count":0,"_bbp_voice_count":0,"_bbp_anonymous_reply_count":0,"_bbp_topic_count_hidden":0,"_bbp_reply_count_hidden":0,"_bbp_forum_subforum_count":0,"footnotes":""},"categories":[1],"tags":[],"class_list":["post-2737","post","type-post","status-publish","format-standard","has-post-thumbnail","hentry","category-general"],"post_mailing_queue_ids":[],"_links":{"self":[{"href":"https:\/\/agora.xtec.cat\/escolatorrelameu\/wp-json\/wp\/v2\/posts\/2737","targetHints":{"allow":["GET"]}}],"collection":[{"href":"https:\/\/agora.xtec.cat\/escolatorrelameu\/wp-json\/wp\/v2\/posts"}],"about":[{"href":"https:\/\/agora.xtec.cat\/escolatorrelameu\/wp-json\/wp\/v2\/types\/post"}],"author":[{"embeddable":true,"href":"https:\/\/agora.xtec.cat\/escolatorrelameu\/wp-json\/wp\/v2\/users\/14"}],"replies":[{"embeddable":true,"href":"https:\/\/agora.xtec.cat\/escolatorrelameu\/wp-json\/wp\/v2\/comments?post=2737"}],"version-history":[{"count":3,"href":"https:\/\/agora.xtec.cat\/escolatorrelameu\/wp-json\/wp\/v2\/posts\/2737\/revisions"}],"predecessor-version":[{"id":2742,"href":"https:\/\/agora.xtec.cat\/escolatorrelameu\/wp-json\/wp\/v2\/posts\/2737\/revisions\/2742"}],"wp:featuredmedia":[{"embeddable":true,"href":"https:\/\/agora.xtec.cat\/escolatorrelameu\/wp-json\/wp\/v2\/media\/2741"}],"wp:attachment":[{"href":"https:\/\/agora.xtec.cat\/escolatorrelameu\/wp-json\/wp\/v2\/media?parent=2737"}],"wp:term":[{"taxonomy":"category","embeddable":true,"href":"https:\/\/agora.xtec.cat\/escolatorrelameu\/wp-json\/wp\/v2\/categories?post=2737"},{"taxonomy":"post_tag","embeddable":true,"href":"https:\/\/agora.xtec.cat\/escolatorrelameu\/wp-json\/wp\/v2\/tags?post=2737"}],"curies":[{"name":"wp","href":"https:\/\/api.w.org\/{rel}","templated":true}]}}