{"id":2731,"date":"2023-11-15T08:36:20","date_gmt":"2023-11-15T07:36:20","guid":{"rendered":"https:\/\/agora.xtec.cat\/escolatorrelameu\/?p=2731"},"modified":"2023-11-25T08:10:59","modified_gmt":"2023-11-25T07:10:59","slug":"primera-assemblea-del-curs-23-24","status":"publish","type":"post","link":"https:\/\/agora.xtec.cat\/escolatorrelameu\/general\/primera-assemblea-del-curs-23-24\/","title":{"rendered":"Primera assemblea del curs 23.24"},"content":{"rendered":"<p style=\"text-align: justify;\">Tot comen\u00e7a uns dies abans, amb els c\u00e0rrecs preparant les coses: recollint punts de l&#8217;ordre del dia i fent la convocat\u00f2ria,&#8230; Tamb\u00e9 fent-ne difusi\u00f3.<\/p>\n<p style=\"text-align: justify;\">I llavors, arriba el dia&#8230; En la preparaci\u00f3 ja s&#8217;hi comencen a olorar nervis. Mentre algunes persones comencen a col\u00b7locar taules, cadires i catifes per a totes i preparen tamb\u00e9 el lloc dels c\u00e0rrecs, en una altra aula, els membres dels c\u00e0rrecs fan una \u00faltima repassada a com anir\u00e0 tot. Els moderadors es miren la convocat\u00f2ria i acaben de decidir qui dir\u00e0 cada cosa, el funcionament dels rellotges per mesurar les durades de cada punt i es prenen consci\u00e8ncia d&#8217;estar davant un p\u00fablic i dirigir una assembla. Els secretaris es llegeixen l&#8217;acta del curs passat i se la preparen. Tamb\u00e9 planifiquen com escriuran i qu\u00e8 \u00e9s all\u00f2 que hauran d&#8217;escriure. Els de torn de paraula es preparen els papers i es reparteixen la feina per quan hi hagi moltes mans aixecades.<\/p>\n<p style=\"text-align: justify;\"><em>&#8220;Benvinguts a la primera assemblea d&#8217;aquest 2023 &#8211; 2024&#8230;&#8221;<\/em> aix\u00ed comen\u00e7aven els moderadors, Justo i Iru.<\/p>\n<p><a href=\"https:\/\/agora.xtec.cat\/escolatorrelameu\/wp-content\/uploads\/usu2232\/2023\/11\/IMG_20231114_114512275.jpg\"><img loading=\"lazy\" decoding=\"async\" class=\"aligncenter wp-image-2733\" src=\"https:\/\/agora.xtec.cat\/escolatorrelameu\/wp-content\/uploads\/usu2232\/2023\/11\/IMG_20231114_114512275.jpg\" alt=\"\" width=\"600\" height=\"450\" srcset=\"https:\/\/agora.xtec.cat\/escolatorrelameu\/wp-content\/uploads\/usu2232\/2023\/11\/IMG_20231114_114512275.jpg 1000w, https:\/\/agora.xtec.cat\/escolatorrelameu\/wp-content\/uploads\/usu2232\/2023\/11\/IMG_20231114_114512275-300x225.jpg 300w, https:\/\/agora.xtec.cat\/escolatorrelameu\/wp-content\/uploads\/usu2232\/2023\/11\/IMG_20231114_114512275-768x576.jpg 768w, https:\/\/agora.xtec.cat\/escolatorrelameu\/wp-content\/uploads\/usu2232\/2023\/11\/IMG_20231114_114512275-200x150.jpg 200w\" sizes=\"auto, (max-width: 600px) 100vw, 600px\" \/><\/a><\/p>\n<p style=\"text-align: justify;\">Es percep rigorositat, serietat, responsabilitat, companyerisme, assertivitat&#8230; \u00c9s un exercici important de saber estar i saber dir de tothom, dels que porten l&#8217;assemblea i dels oients que poden intervenir segons un ordre i tenint clar qu\u00e8 volen dir, perqu\u00e8 no tot s&#8217;hi val: no es poden plantejar coses que ja s&#8217;han dit.<\/p>\n<p style=\"text-align: justify;\"><em>&#8220;Donem per acabat aquest tema&#8230;&#8221;.<\/em> Els moderadors van marcant el ritme de la trobada.<\/p>\n<p><a href=\"https:\/\/agora.xtec.cat\/escolatorrelameu\/wp-content\/uploads\/usu2232\/2023\/11\/IMG20231114114353.jpg\"><img loading=\"lazy\" decoding=\"async\" class=\"aligncenter wp-image-2732\" src=\"https:\/\/agora.xtec.cat\/escolatorrelameu\/wp-content\/uploads\/usu2232\/2023\/11\/IMG20231114114353.jpg\" alt=\"\" width=\"600\" height=\"450\" srcset=\"https:\/\/agora.xtec.cat\/escolatorrelameu\/wp-content\/uploads\/usu2232\/2023\/11\/IMG20231114114353.jpg 1040w, https:\/\/agora.xtec.cat\/escolatorrelameu\/wp-content\/uploads\/usu2232\/2023\/11\/IMG20231114114353-300x225.jpg 300w, https:\/\/agora.xtec.cat\/escolatorrelameu\/wp-content\/uploads\/usu2232\/2023\/11\/IMG20231114114353-1024x768.jpg 1024w, https:\/\/agora.xtec.cat\/escolatorrelameu\/wp-content\/uploads\/usu2232\/2023\/11\/IMG20231114114353-768x576.jpg 768w, https:\/\/agora.xtec.cat\/escolatorrelameu\/wp-content\/uploads\/usu2232\/2023\/11\/IMG20231114114353-200x150.jpg 200w\" sizes=\"auto, (max-width: 600px) 100vw, 600px\" \/><\/a><\/p>\n<p style=\"text-align: justify;\">L&#8217;Iris, l&#8217;Alba, la Laia i la Sara s&#8217;han estrenat en l&#8217;assist\u00e8ncia d&#8217;aquest \u00f2rgan. Juntament amb el grup de Creixents, han estat parlant del tipus d&#8217;intervencions que es poden fer.<\/p>\n<p style=\"text-align: justify;\"><em>&#8220;Donem la paraula a&#8230;&#8221;<\/em> diuen les de torn de paraula, la Ramatoulaye i la Marta, mentre apunten a la llista el nom de les persones que aixequen la m\u00e0.<\/p>\n<p><a href=\"https:\/\/agora.xtec.cat\/escolatorrelameu\/wp-content\/uploads\/usu2232\/2023\/11\/IMG20231114114611_01.jpg\"><img loading=\"lazy\" decoding=\"async\" class=\"aligncenter wp-image-2734\" src=\"https:\/\/agora.xtec.cat\/escolatorrelameu\/wp-content\/uploads\/usu2232\/2023\/11\/IMG20231114114611_01.jpg\" alt=\"\" width=\"600\" height=\"450\" srcset=\"https:\/\/agora.xtec.cat\/escolatorrelameu\/wp-content\/uploads\/usu2232\/2023\/11\/IMG20231114114611_01.jpg 1040w, https:\/\/agora.xtec.cat\/escolatorrelameu\/wp-content\/uploads\/usu2232\/2023\/11\/IMG20231114114611_01-300x225.jpg 300w, https:\/\/agora.xtec.cat\/escolatorrelameu\/wp-content\/uploads\/usu2232\/2023\/11\/IMG20231114114611_01-1024x768.jpg 1024w, https:\/\/agora.xtec.cat\/escolatorrelameu\/wp-content\/uploads\/usu2232\/2023\/11\/IMG20231114114611_01-768x576.jpg 768w, https:\/\/agora.xtec.cat\/escolatorrelameu\/wp-content\/uploads\/usu2232\/2023\/11\/IMG20231114114611_01-200x150.jpg 200w\" sizes=\"auto, (max-width: 600px) 100vw, 600px\" \/><\/a><\/p>\n<p style=\"text-align: justify;\">Els secretaris, Xavi i Aleix, van per feina, apuntant els acords i el desenvolupament de la reuni\u00f3.<\/p>\n<p style=\"text-align: justify;\"><em>&#8220;Aix\u00ed es conclou&#8230;&#8221;<\/em> \u00daltimes paraules per tancar la trobada, per\u00f2 la feina no s&#8217;acaba aqu\u00ed. Els secretaris han de passar l&#8217;acta i signar-la&#8230;<\/p>\n","protected":false},"excerpt":{"rendered":"<p>Tot comen\u00e7a uns dies abans, amb els c\u00e0rrecs preparant les coses: recollint punts de l&#8217;ordre del dia i fent la convocat\u00f2ria,&#8230; Tamb\u00e9 fent-ne difusi\u00f3.<br \/>\nI llavors, arriba el dia&#8230; En la preparaci\u00f3 ja s&#8217;hi comencen a olorar nervis. Mentre algunes persones comencen a col\u00b7locar taules, cadires&hellip;  <a href=\"https:\/\/agora.xtec.cat\/escolatorrelameu\/general\/primera-assemblea-del-curs-23-24\/\" title=\"Read Primera assemblea del curs 23.24\">Llegeix m\u00e9s\u00bb<\/a><\/p>\n","protected":false},"author":14,"featured_media":2734,"comment_status":"open","ping_status":"closed","sticky":false,"template":"","format":"standard","meta":{"_bbp_topic_count":0,"_bbp_reply_count":0,"_bbp_total_topic_count":0,"_bbp_total_reply_count":0,"_bbp_voice_count":0,"_bbp_anonymous_reply_count":0,"_bbp_topic_count_hidden":0,"_bbp_reply_count_hidden":0,"_bbp_forum_subforum_count":0,"footnotes":""},"categories":[1],"tags":[],"class_list":["post-2731","post","type-post","status-publish","format-standard","has-post-thumbnail","hentry","category-general"],"post_mailing_queue_ids":[],"_links":{"self":[{"href":"https:\/\/agora.xtec.cat\/escolatorrelameu\/wp-json\/wp\/v2\/posts\/2731","targetHints":{"allow":["GET"]}}],"collection":[{"href":"https:\/\/agora.xtec.cat\/escolatorrelameu\/wp-json\/wp\/v2\/posts"}],"about":[{"href":"https:\/\/agora.xtec.cat\/escolatorrelameu\/wp-json\/wp\/v2\/types\/post"}],"author":[{"embeddable":true,"href":"https:\/\/agora.xtec.cat\/escolatorrelameu\/wp-json\/wp\/v2\/users\/14"}],"replies":[{"embeddable":true,"href":"https:\/\/agora.xtec.cat\/escolatorrelameu\/wp-json\/wp\/v2\/comments?post=2731"}],"version-history":[{"count":2,"href":"https:\/\/agora.xtec.cat\/escolatorrelameu\/wp-json\/wp\/v2\/posts\/2731\/revisions"}],"predecessor-version":[{"id":2736,"href":"https:\/\/agora.xtec.cat\/escolatorrelameu\/wp-json\/wp\/v2\/posts\/2731\/revisions\/2736"}],"wp:featuredmedia":[{"embeddable":true,"href":"https:\/\/agora.xtec.cat\/escolatorrelameu\/wp-json\/wp\/v2\/media\/2734"}],"wp:attachment":[{"href":"https:\/\/agora.xtec.cat\/escolatorrelameu\/wp-json\/wp\/v2\/media?parent=2731"}],"wp:term":[{"taxonomy":"category","embeddable":true,"href":"https:\/\/agora.xtec.cat\/escolatorrelameu\/wp-json\/wp\/v2\/categories?post=2731"},{"taxonomy":"post_tag","embeddable":true,"href":"https:\/\/agora.xtec.cat\/escolatorrelameu\/wp-json\/wp\/v2\/tags?post=2731"}],"curies":[{"name":"wp","href":"https:\/\/api.w.org\/{rel}","templated":true}]}}