{"id":2721,"date":"2023-11-04T19:39:22","date_gmt":"2023-11-04T18:39:22","guid":{"rendered":"https:\/\/agora.xtec.cat\/escolatorrelameu\/?p=2721"},"modified":"2023-11-04T19:49:50","modified_gmt":"2023-11-04T18:49:50","slug":"sis-aparells-que-sinterrelacionen-per-poder-viure","status":"publish","type":"post","link":"https:\/\/agora.xtec.cat\/escolatorrelameu\/general\/sis-aparells-que-sinterrelacionen-per-poder-viure\/","title":{"rendered":"Sis aparells que s&#8217;interrelacionen per poder viure"},"content":{"rendered":"<p style=\"text-align: justify;\">Aquest divendres, a Grans, vam tenir la culminaci\u00f3 del projecte amb parelles que hav\u00edem iniciat fa uns dies. Es tractava de desenvolupar algun dels aparells del cos hum\u00e0.<\/p>\n<p style=\"text-align: justify;\">Les exposicions que varen fer van ser xules i treballades. Va ser emocionant veure el proc\u00e9s que havien fet cadasc\u00fa d&#8217;ells, individualment o amb parella. Es percebia el saber estar davant un grup d&#8217;oients, un p\u00fablic&#8230; Saben gestionar els nervis i la inseguretat que provoca sentir-se davant de tants ulls que et miren. S\u00f3n molts anys d&#8217;aprenentatge, d&#8217;explicar-se, de compartir, de transmetre informaci\u00f3&#8230; En les presentacions, entre els membres de les parelles, es respirava companyonia i complicitat, el fer i compartir per poder expressar-se, l&#8217;ajuda, les falques verbals i suports per explicar-se&#8230;<\/p>\n<p><a href=\"https:\/\/agora.xtec.cat\/escolatorrelameu\/wp-content\/uploads\/usu2232\/2023\/11\/Collage-aparell-cos.jpg\"><img loading=\"lazy\" decoding=\"async\" class=\"aligncenter wp-image-2722 size-full\" src=\"https:\/\/agora.xtec.cat\/escolatorrelameu\/wp-content\/uploads\/usu2232\/2023\/11\/Collage-aparell-cos.jpg\" alt=\"\" width=\"2000\" height=\"1600\" srcset=\"https:\/\/agora.xtec.cat\/escolatorrelameu\/wp-content\/uploads\/usu2232\/2023\/11\/Collage-aparell-cos.jpg 2000w, https:\/\/agora.xtec.cat\/escolatorrelameu\/wp-content\/uploads\/usu2232\/2023\/11\/Collage-aparell-cos-300x240.jpg 300w, https:\/\/agora.xtec.cat\/escolatorrelameu\/wp-content\/uploads\/usu2232\/2023\/11\/Collage-aparell-cos-1024x819.jpg 1024w, https:\/\/agora.xtec.cat\/escolatorrelameu\/wp-content\/uploads\/usu2232\/2023\/11\/Collage-aparell-cos-768x614.jpg 768w, https:\/\/agora.xtec.cat\/escolatorrelameu\/wp-content\/uploads\/usu2232\/2023\/11\/Collage-aparell-cos-1536x1229.jpg 1536w\" sizes=\"auto, (max-width: 2000px) 100vw, 2000px\" \/><\/a><\/p>\n","protected":false},"excerpt":{"rendered":"<p>Aquest divendres, a Grans, vam tenir la culminaci\u00f3 del projecte amb parelles que hav\u00edem iniciat fa uns dies. Es tractava de desenvolupar algun dels aparells del cos hum\u00e0.<br \/>\nLes exposicions que varen fer van ser xules i treballades. Va ser emocionant veure el proc\u00e9s que havien&hellip;  <a href=\"https:\/\/agora.xtec.cat\/escolatorrelameu\/general\/sis-aparells-que-sinterrelacionen-per-poder-viure\/\" title=\"Read Sis aparells que s&#8217;interrelacionen per poder viure\">Llegeix m\u00e9s\u00bb<\/a><\/p>\n","protected":false},"author":14,"featured_media":2724,"comment_status":"open","ping_status":"closed","sticky":false,"template":"","format":"standard","meta":{"_bbp_topic_count":0,"_bbp_reply_count":0,"_bbp_total_topic_count":0,"_bbp_total_reply_count":0,"_bbp_voice_count":0,"_bbp_anonymous_reply_count":0,"_bbp_topic_count_hidden":0,"_bbp_reply_count_hidden":0,"_bbp_forum_subforum_count":0,"footnotes":""},"categories":[1],"tags":[],"class_list":["post-2721","post","type-post","status-publish","format-standard","has-post-thumbnail","hentry","category-general"],"post_mailing_queue_ids":[],"_links":{"self":[{"href":"https:\/\/agora.xtec.cat\/escolatorrelameu\/wp-json\/wp\/v2\/posts\/2721","targetHints":{"allow":["GET"]}}],"collection":[{"href":"https:\/\/agora.xtec.cat\/escolatorrelameu\/wp-json\/wp\/v2\/posts"}],"about":[{"href":"https:\/\/agora.xtec.cat\/escolatorrelameu\/wp-json\/wp\/v2\/types\/post"}],"author":[{"embeddable":true,"href":"https:\/\/agora.xtec.cat\/escolatorrelameu\/wp-json\/wp\/v2\/users\/14"}],"replies":[{"embeddable":true,"href":"https:\/\/agora.xtec.cat\/escolatorrelameu\/wp-json\/wp\/v2\/comments?post=2721"}],"version-history":[{"count":2,"href":"https:\/\/agora.xtec.cat\/escolatorrelameu\/wp-json\/wp\/v2\/posts\/2721\/revisions"}],"predecessor-version":[{"id":2725,"href":"https:\/\/agora.xtec.cat\/escolatorrelameu\/wp-json\/wp\/v2\/posts\/2721\/revisions\/2725"}],"wp:featuredmedia":[{"embeddable":true,"href":"https:\/\/agora.xtec.cat\/escolatorrelameu\/wp-json\/wp\/v2\/media\/2724"}],"wp:attachment":[{"href":"https:\/\/agora.xtec.cat\/escolatorrelameu\/wp-json\/wp\/v2\/media?parent=2721"}],"wp:term":[{"taxonomy":"category","embeddable":true,"href":"https:\/\/agora.xtec.cat\/escolatorrelameu\/wp-json\/wp\/v2\/categories?post=2721"},{"taxonomy":"post_tag","embeddable":true,"href":"https:\/\/agora.xtec.cat\/escolatorrelameu\/wp-json\/wp\/v2\/tags?post=2721"}],"curies":[{"name":"wp","href":"https:\/\/api.w.org\/{rel}","templated":true}]}}