{"id":2705,"date":"2023-11-01T13:12:59","date_gmt":"2023-11-01T12:12:59","guid":{"rendered":"https:\/\/agora.xtec.cat\/escolatorrelameu\/?p=2705"},"modified":"2023-11-01T19:25:08","modified_gmt":"2023-11-01T18:25:08","slug":"recordar-vivencies","status":"publish","type":"post","link":"https:\/\/agora.xtec.cat\/escolatorrelameu\/general\/recordar-vivencies\/","title":{"rendered":"Recordar viv\u00e8ncies"},"content":{"rendered":"<p>Les llibretes de casa, per als vostres fills i filles s\u00f3n aut\u00e8ntics tresors. No nom\u00e9s pels bocinets de les seves vides que queden enganxades a les p\u00e0gines, sin\u00f3 per la immensa font d&#8217;aprenentatges que els aporten. L&#8217;expressi\u00f3 oral es combina amb la il\u00b7lusi\u00f3, per explicar i compartir hist\u00f2ries, per mostrar les fotos als companys i companyes, el neguit per tenir el torn de paraula, l&#8217;espera, l&#8217;escolta&#8230; Sostenir que en alguns moments els altres seran protagonistes i quedar\u00e0s en un segon terme. Sovint dediquem una estona a les llibretes, demanen aquest temps&#8230; per\u00f2 el millor de tot, \u00e9s quan de forma espont\u00e0nia les comparteixen&#8230;<\/p>\n<p><a href=\"https:\/\/agora.xtec.cat\/escolatorrelameu\/wp-content\/uploads\/usu2232\/2023\/11\/llibretes-scaled.jpg\"><img loading=\"lazy\" decoding=\"async\" class=\"aligncenter size-full wp-image-2707\" src=\"https:\/\/agora.xtec.cat\/escolatorrelameu\/wp-content\/uploads\/usu2232\/2023\/11\/llibretes-scaled.jpg\" alt=\"\" width=\"2560\" height=\"1431\" srcset=\"https:\/\/agora.xtec.cat\/escolatorrelameu\/wp-content\/uploads\/usu2232\/2023\/11\/llibretes-scaled.jpg 2560w, https:\/\/agora.xtec.cat\/escolatorrelameu\/wp-content\/uploads\/usu2232\/2023\/11\/llibretes-300x168.jpg 300w, https:\/\/agora.xtec.cat\/escolatorrelameu\/wp-content\/uploads\/usu2232\/2023\/11\/llibretes-1024x572.jpg 1024w, https:\/\/agora.xtec.cat\/escolatorrelameu\/wp-content\/uploads\/usu2232\/2023\/11\/llibretes-768x429.jpg 768w, https:\/\/agora.xtec.cat\/escolatorrelameu\/wp-content\/uploads\/usu2232\/2023\/11\/llibretes-1536x859.jpg 1536w, https:\/\/agora.xtec.cat\/escolatorrelameu\/wp-content\/uploads\/usu2232\/2023\/11\/llibretes-2048x1145.jpg 2048w\" sizes=\"auto, (max-width: 2560px) 100vw, 2560px\" \/><\/a><\/p>\n","protected":false},"excerpt":{"rendered":"<p>Les llibretes de casa, per als vostres fills i filles s\u00f3n aut\u00e8ntics tresors. No nom\u00e9s pels bocinets de les seves vides que queden enganxades a les p\u00e0gines, sin\u00f3 per la immensa font d&#8217;aprenentatges que els aporten. L&#8217;expressi\u00f3 oral es combina amb la il\u00b7lusi\u00f3, per explicar&hellip;  <a href=\"https:\/\/agora.xtec.cat\/escolatorrelameu\/general\/recordar-vivencies\/\" title=\"Read Recordar viv\u00e8ncies\">Llegeix m\u00e9s\u00bb<\/a><\/p>\n","protected":false},"author":14,"featured_media":2707,"comment_status":"open","ping_status":"closed","sticky":false,"template":"","format":"standard","meta":{"_bbp_topic_count":0,"_bbp_reply_count":0,"_bbp_total_topic_count":0,"_bbp_total_reply_count":0,"_bbp_voice_count":0,"_bbp_anonymous_reply_count":0,"_bbp_topic_count_hidden":0,"_bbp_reply_count_hidden":0,"_bbp_forum_subforum_count":0,"footnotes":""},"categories":[1],"tags":[],"class_list":["post-2705","post","type-post","status-publish","format-standard","has-post-thumbnail","hentry","category-general"],"post_mailing_queue_ids":[],"_links":{"self":[{"href":"https:\/\/agora.xtec.cat\/escolatorrelameu\/wp-json\/wp\/v2\/posts\/2705","targetHints":{"allow":["GET"]}}],"collection":[{"href":"https:\/\/agora.xtec.cat\/escolatorrelameu\/wp-json\/wp\/v2\/posts"}],"about":[{"href":"https:\/\/agora.xtec.cat\/escolatorrelameu\/wp-json\/wp\/v2\/types\/post"}],"author":[{"embeddable":true,"href":"https:\/\/agora.xtec.cat\/escolatorrelameu\/wp-json\/wp\/v2\/users\/14"}],"replies":[{"embeddable":true,"href":"https:\/\/agora.xtec.cat\/escolatorrelameu\/wp-json\/wp\/v2\/comments?post=2705"}],"version-history":[{"count":2,"href":"https:\/\/agora.xtec.cat\/escolatorrelameu\/wp-json\/wp\/v2\/posts\/2705\/revisions"}],"predecessor-version":[{"id":2708,"href":"https:\/\/agora.xtec.cat\/escolatorrelameu\/wp-json\/wp\/v2\/posts\/2705\/revisions\/2708"}],"wp:featuredmedia":[{"embeddable":true,"href":"https:\/\/agora.xtec.cat\/escolatorrelameu\/wp-json\/wp\/v2\/media\/2707"}],"wp:attachment":[{"href":"https:\/\/agora.xtec.cat\/escolatorrelameu\/wp-json\/wp\/v2\/media?parent=2705"}],"wp:term":[{"taxonomy":"category","embeddable":true,"href":"https:\/\/agora.xtec.cat\/escolatorrelameu\/wp-json\/wp\/v2\/categories?post=2705"},{"taxonomy":"post_tag","embeddable":true,"href":"https:\/\/agora.xtec.cat\/escolatorrelameu\/wp-json\/wp\/v2\/tags?post=2705"}],"curies":[{"name":"wp","href":"https:\/\/api.w.org\/{rel}","templated":true}]}}