{"id":2676,"date":"2023-11-01T10:08:31","date_gmt":"2023-11-01T09:08:31","guid":{"rendered":"https:\/\/agora.xtec.cat\/escolatorrelameu\/?p=2676"},"modified":"2023-11-01T12:06:35","modified_gmt":"2023-11-01T11:06:35","slug":"comiats-una-manera-dacabar-el-dia-compartit","status":"publish","type":"post","link":"https:\/\/agora.xtec.cat\/escolatorrelameu\/general\/comiats-una-manera-dacabar-el-dia-compartit\/","title":{"rendered":"Comiats, una manera d&#8217;acabar el dia compartit"},"content":{"rendered":"<p style=\"text-align: justify;\"><span style=\"font-weight: 400;\">En el comiat tothom expressem all\u00f2 que creiem. Un clima relaxat per recordar, posar paraules, valorar&#8230; per concloure el dia. \u00c9s el moment de les bones sensacions, de compartir coses positives, de quedar-nos amb all\u00f2 favorable, amb el que ens ha agradat o hem trobat interessant&#8230;<\/span><\/p>\n<p>Sovint ens passem un objecte, quelcom que ens representa o individualment o en grup. Un objecte que ens marca el ritme, que acull all\u00f2 que diem, que ens d\u00f3na la paraula, que ens regula&#8230;\u00a0Tots els grups tenen un lloc on trobar-se, on cadasc\u00fa t\u00e9 el seu espai dins el cercle,&#8230;<\/p>\n<p><a href=\"https:\/\/agora.xtec.cat\/escolatorrelameu\/wp-content\/uploads\/usu2232\/2023\/11\/IMG20231025162905_01.jpg\"><img loading=\"lazy\" decoding=\"async\" class=\"aligncenter wp-image-2678\" src=\"https:\/\/agora.xtec.cat\/escolatorrelameu\/wp-content\/uploads\/usu2232\/2023\/11\/IMG20231025162905_01.jpg\" alt=\"\" width=\"800\" height=\"583\" srcset=\"https:\/\/agora.xtec.cat\/escolatorrelameu\/wp-content\/uploads\/usu2232\/2023\/11\/IMG20231025162905_01.jpg 895w, https:\/\/agora.xtec.cat\/escolatorrelameu\/wp-content\/uploads\/usu2232\/2023\/11\/IMG20231025162905_01-300x219.jpg 300w, https:\/\/agora.xtec.cat\/escolatorrelameu\/wp-content\/uploads\/usu2232\/2023\/11\/IMG20231025162905_01-768x559.jpg 768w\" sizes=\"auto, (max-width: 800px) 100vw, 800px\" \/><\/a><\/p>\n<p>I els Grans han reflexionat sobre aquest moment i han llistat unes paraules per poder come\u00e7ar les explicacions personals.<\/p>\n<p><a href=\"https:\/\/agora.xtec.cat\/escolatorrelameu\/wp-content\/uploads\/usu2232\/2023\/11\/Comiat-per-explicar-el-que-tha-agradat-del-dia-compartir-els-moments-bons-explicar-com-ens-hem-sentit-com-acomiadem-en-dia-i-ens-sentim-millor....jpg\"><img loading=\"lazy\" decoding=\"async\" class=\"aligncenter wp-image-2682\" src=\"https:\/\/agora.xtec.cat\/escolatorrelameu\/wp-content\/uploads\/usu2232\/2023\/11\/Comiat-per-explicar-el-que-tha-agradat-del-dia-compartir-els-moments-bons-explicar-com-ens-hem-sentit-com-acomiadem-en-dia-i-ens-sentim-millor....jpg\" alt=\"\" width=\"800\" height=\"572\" srcset=\"https:\/\/agora.xtec.cat\/escolatorrelameu\/wp-content\/uploads\/usu2232\/2023\/11\/Comiat-per-explicar-el-que-tha-agradat-del-dia-compartir-els-moments-bons-explicar-com-ens-hem-sentit-com-acomiadem-en-dia-i-ens-sentim-millor....jpg 1250w, https:\/\/agora.xtec.cat\/escolatorrelameu\/wp-content\/uploads\/usu2232\/2023\/11\/Comiat-per-explicar-el-que-tha-agradat-del-dia-compartir-els-moments-bons-explicar-com-ens-hem-sentit-com-acomiadem-en-dia-i-ens-sentim-millor...-300x214.jpg 300w, https:\/\/agora.xtec.cat\/escolatorrelameu\/wp-content\/uploads\/usu2232\/2023\/11\/Comiat-per-explicar-el-que-tha-agradat-del-dia-compartir-els-moments-bons-explicar-com-ens-hem-sentit-com-acomiadem-en-dia-i-ens-sentim-millor...-1024x732.jpg 1024w, https:\/\/agora.xtec.cat\/escolatorrelameu\/wp-content\/uploads\/usu2232\/2023\/11\/Comiat-per-explicar-el-que-tha-agradat-del-dia-compartir-els-moments-bons-explicar-com-ens-hem-sentit-com-acomiadem-en-dia-i-ens-sentim-millor...-768x549.jpg 768w\" sizes=\"auto, (max-width: 800px) 100vw, 800px\" \/><\/a><\/p>\n","protected":false},"excerpt":{"rendered":"<p>En el comiat tothom expressem all\u00f2 que creiem. Un clima relaxat per recordar, posar paraules, valorar&#8230; per concloure el dia. \u00c9s el moment de les bones sensacions, de compartir coses positives, de quedar-nos amb all\u00f2 favorable, amb el que ens ha agradat o hem trobat&hellip;  <a href=\"https:\/\/agora.xtec.cat\/escolatorrelameu\/general\/comiats-una-manera-dacabar-el-dia-compartit\/\" title=\"Read Comiats, una manera d&#8217;acabar el dia compartit\">Llegeix m\u00e9s\u00bb<\/a><\/p>\n","protected":false},"author":14,"featured_media":2678,"comment_status":"open","ping_status":"closed","sticky":false,"template":"","format":"standard","meta":{"_bbp_topic_count":0,"_bbp_reply_count":0,"_bbp_total_topic_count":0,"_bbp_total_reply_count":0,"_bbp_voice_count":0,"_bbp_anonymous_reply_count":0,"_bbp_topic_count_hidden":0,"_bbp_reply_count_hidden":0,"_bbp_forum_subforum_count":0,"footnotes":""},"categories":[1],"tags":[],"class_list":["post-2676","post","type-post","status-publish","format-standard","has-post-thumbnail","hentry","category-general"],"post_mailing_queue_ids":[],"_links":{"self":[{"href":"https:\/\/agora.xtec.cat\/escolatorrelameu\/wp-json\/wp\/v2\/posts\/2676","targetHints":{"allow":["GET"]}}],"collection":[{"href":"https:\/\/agora.xtec.cat\/escolatorrelameu\/wp-json\/wp\/v2\/posts"}],"about":[{"href":"https:\/\/agora.xtec.cat\/escolatorrelameu\/wp-json\/wp\/v2\/types\/post"}],"author":[{"embeddable":true,"href":"https:\/\/agora.xtec.cat\/escolatorrelameu\/wp-json\/wp\/v2\/users\/14"}],"replies":[{"embeddable":true,"href":"https:\/\/agora.xtec.cat\/escolatorrelameu\/wp-json\/wp\/v2\/comments?post=2676"}],"version-history":[{"count":3,"href":"https:\/\/agora.xtec.cat\/escolatorrelameu\/wp-json\/wp\/v2\/posts\/2676\/revisions"}],"predecessor-version":[{"id":2683,"href":"https:\/\/agora.xtec.cat\/escolatorrelameu\/wp-json\/wp\/v2\/posts\/2676\/revisions\/2683"}],"wp:featuredmedia":[{"embeddable":true,"href":"https:\/\/agora.xtec.cat\/escolatorrelameu\/wp-json\/wp\/v2\/media\/2678"}],"wp:attachment":[{"href":"https:\/\/agora.xtec.cat\/escolatorrelameu\/wp-json\/wp\/v2\/media?parent=2676"}],"wp:term":[{"taxonomy":"category","embeddable":true,"href":"https:\/\/agora.xtec.cat\/escolatorrelameu\/wp-json\/wp\/v2\/categories?post=2676"},{"taxonomy":"post_tag","embeddable":true,"href":"https:\/\/agora.xtec.cat\/escolatorrelameu\/wp-json\/wp\/v2\/tags?post=2676"}],"curies":[{"name":"wp","href":"https:\/\/api.w.org\/{rel}","templated":true}]}}