{"id":2643,"date":"2023-11-01T19:42:02","date_gmt":"2023-11-01T18:42:02","guid":{"rendered":"https:\/\/agora.xtec.cat\/escolatorrelameu\/?p=2643"},"modified":"2023-11-01T20:23:56","modified_gmt":"2023-11-01T19:23:56","slug":"castanya-torrada-i-calenta-escalfa-les-mans-i-el-ventre","status":"publish","type":"post","link":"https:\/\/agora.xtec.cat\/escolatorrelameu\/general\/castanya-torrada-i-calenta-escalfa-les-mans-i-el-ventre\/","title":{"rendered":"Castanya torrada i calenta escalfa les mans&#8230; i el ventre."},"content":{"rendered":"<p style=\"text-align: justify;\">Doncs s\u00ed! La castanya \u00e9s una fruita de tardor, seca i molt nutritiva. Aporta hidrats de carboni de llarga durada i, per tant, energia per escalfar-nos b\u00e9 a l&#8217;hivern i poder aguantar una bona estona. Mireu si \u00e9s important que se li ha dedicat una festassa: la castanyada, l&#8217;inici de la tardor.<\/p>\n<p>A l&#8217;escola l&#8217;hem celebrat amb diferents actes.<\/p>\n<p>A primera hora hem preparat, amb lligams, receptes amb ingredients de la tardor. Quan ja ho hem tingut tot a punt, hem fet el Tastet de tardor per esmorzar.<\/p>\n<p><img loading=\"lazy\" decoding=\"async\" class=\"wp-image-2703 aligncenter\" src=\"https:\/\/agora.xtec.cat\/escolatorrelameu\/wp-content\/uploads\/usu2232\/2023\/11\/IMG_20231031_111920.jpg\" alt=\"\" width=\"221\" height=\"393\" srcset=\"https:\/\/agora.xtec.cat\/escolatorrelameu\/wp-content\/uploads\/usu2232\/2023\/11\/IMG_20231031_111920.jpg 432w, https:\/\/agora.xtec.cat\/escolatorrelameu\/wp-content\/uploads\/usu2232\/2023\/11\/IMG_20231031_111920-169x300.jpg 169w\" sizes=\"auto, (max-width: 221px) 100vw, 221px\" \/><\/p>\n<p>Muffins de carabassa.<\/p>\n<p><img loading=\"lazy\" decoding=\"async\" class=\"wp-image-2709 alignleft\" src=\"https:\/\/agora.xtec.cat\/escolatorrelameu\/wp-content\/uploads\/usu2232\/2023\/11\/Disseny-sense-titol-1024x970.jpg\" alt=\"\" width=\"490\" height=\"464\" srcset=\"https:\/\/agora.xtec.cat\/escolatorrelameu\/wp-content\/uploads\/usu2232\/2023\/11\/Disseny-sense-titol-1024x970.jpg 1024w, https:\/\/agora.xtec.cat\/escolatorrelameu\/wp-content\/uploads\/usu2232\/2023\/11\/Disseny-sense-titol-300x284.jpg 300w, https:\/\/agora.xtec.cat\/escolatorrelameu\/wp-content\/uploads\/usu2232\/2023\/11\/Disseny-sense-titol-768x728.jpg 768w, https:\/\/agora.xtec.cat\/escolatorrelameu\/wp-content\/uploads\/usu2232\/2023\/11\/Disseny-sense-titol.jpg 1068w\" sizes=\"auto, (max-width: 490px) 100vw, 490px\" \/><\/p>\n<p>&nbsp;<\/p>\n<p>&nbsp;<\/p>\n<p>&nbsp;<\/p>\n<p>&nbsp;<\/p>\n<p>&nbsp;<\/p>\n<p>&nbsp;<\/p>\n<p>&nbsp;<\/p>\n<p>&nbsp;<\/p>\n<p>&nbsp;<\/p>\n<p>&nbsp;<\/p>\n<p>&nbsp;<\/p>\n<p>Panellets.<\/p>\n<p><img loading=\"lazy\" decoding=\"async\" class=\"wp-image-2715 alignleft\" src=\"https:\/\/agora.xtec.cat\/escolatorrelameu\/wp-content\/uploads\/usu2232\/2023\/11\/Disseny-sense-titol-2-1024x853.jpg\" alt=\"\" width=\"489\" height=\"408\" srcset=\"https:\/\/agora.xtec.cat\/escolatorrelameu\/wp-content\/uploads\/usu2232\/2023\/11\/Disseny-sense-titol-2-1024x853.jpg 1024w, https:\/\/agora.xtec.cat\/escolatorrelameu\/wp-content\/uploads\/usu2232\/2023\/11\/Disseny-sense-titol-2-300x250.jpg 300w, https:\/\/agora.xtec.cat\/escolatorrelameu\/wp-content\/uploads\/usu2232\/2023\/11\/Disseny-sense-titol-2-768x640.jpg 768w, https:\/\/agora.xtec.cat\/escolatorrelameu\/wp-content\/uploads\/usu2232\/2023\/11\/Disseny-sense-titol-2.jpg 1117w\" sizes=\"auto, (max-width: 489px) 100vw, 489px\" \/><\/p>\n<p>&nbsp;<\/p>\n<p>&nbsp;<\/p>\n<p>&nbsp;<\/p>\n<p>&nbsp;<\/p>\n<p>&nbsp;<\/p>\n<p>&nbsp;<\/p>\n<p>&nbsp;<\/p>\n<p>&nbsp;<\/p>\n<p>&nbsp;<\/p>\n<p>&nbsp;<\/p>\n<p>Moniato dol\u00e7.<\/p>\n<p><img loading=\"lazy\" decoding=\"async\" class=\"wp-image-2685 alignleft\" src=\"https:\/\/agora.xtec.cat\/escolatorrelameu\/wp-content\/uploads\/usu2232\/2023\/11\/moniato-965x1024.jpg\" alt=\"\" width=\"487\" height=\"517\" srcset=\"https:\/\/agora.xtec.cat\/escolatorrelameu\/wp-content\/uploads\/usu2232\/2023\/11\/moniato-965x1024.jpg 965w, https:\/\/agora.xtec.cat\/escolatorrelameu\/wp-content\/uploads\/usu2232\/2023\/11\/moniato-283x300.jpg 283w, https:\/\/agora.xtec.cat\/escolatorrelameu\/wp-content\/uploads\/usu2232\/2023\/11\/moniato-768x815.jpg 768w, https:\/\/agora.xtec.cat\/escolatorrelameu\/wp-content\/uploads\/usu2232\/2023\/11\/moniato.jpg 1112w\" sizes=\"auto, (max-width: 487px) 100vw, 487px\" \/><\/p>\n<p>&nbsp;<\/p>\n<p>&nbsp;<\/p>\n<p>&nbsp;<\/p>\n<p>&nbsp;<\/p>\n<p>&nbsp;<\/p>\n<p>&nbsp;<\/p>\n<p>&nbsp;<\/p>\n<p>&nbsp;<\/p>\n<p>&nbsp;<\/p>\n<p>&nbsp;<\/p>\n<p>&nbsp;<\/p>\n<p>&nbsp;<\/p>\n<p>Amanida de fruita de tardor.<\/p>\n<p><img loading=\"lazy\" decoding=\"async\" class=\" wp-image-2700 alignleft\" src=\"https:\/\/agora.xtec.cat\/escolatorrelameu\/wp-content\/uploads\/usu2232\/2023\/11\/magrana.jpg\" alt=\"\" width=\"486\" height=\"473\" srcset=\"https:\/\/agora.xtec.cat\/escolatorrelameu\/wp-content\/uploads\/usu2232\/2023\/11\/magrana.jpg 996w, https:\/\/agora.xtec.cat\/escolatorrelameu\/wp-content\/uploads\/usu2232\/2023\/11\/magrana-300x292.jpg 300w, https:\/\/agora.xtec.cat\/escolatorrelameu\/wp-content\/uploads\/usu2232\/2023\/11\/magrana-768x748.jpg 768w\" sizes=\"auto, (max-width: 486px) 100vw, 486px\" \/><\/p>\n<p>&nbsp;<\/p>\n<p>&nbsp;<\/p>\n<p>&nbsp;<\/p>\n<p>&nbsp;<\/p>\n<p>&nbsp;<\/p>\n<p>&nbsp;<\/p>\n<p>&nbsp;<\/p>\n<p>&nbsp;<\/p>\n<p>&nbsp;<\/p>\n<p>&nbsp;<\/p>\n<p>&nbsp;<\/p>\n<p>Despr\u00e9s del pati ens hem trobat i hem entregat als nostres lligams la targeta de presentaci\u00f3 que hav\u00edem estat preparant durant els darrers dies.<\/p>\n<p><img loading=\"lazy\" decoding=\"async\" class=\"aligncenter size-large wp-image-2694\" src=\"https:\/\/agora.xtec.cat\/escolatorrelameu\/wp-content\/uploads\/usu2232\/2023\/11\/Disseny-sense-titol-1-1-1024x842.jpg\" alt=\"\" width=\"1024\" height=\"842\" srcset=\"https:\/\/agora.xtec.cat\/escolatorrelameu\/wp-content\/uploads\/usu2232\/2023\/11\/Disseny-sense-titol-1-1-1024x842.jpg 1024w, https:\/\/agora.xtec.cat\/escolatorrelameu\/wp-content\/uploads\/usu2232\/2023\/11\/Disseny-sense-titol-1-1-300x247.jpg 300w, https:\/\/agora.xtec.cat\/escolatorrelameu\/wp-content\/uploads\/usu2232\/2023\/11\/Disseny-sense-titol-1-1-768x631.jpg 768w, https:\/\/agora.xtec.cat\/escolatorrelameu\/wp-content\/uploads\/usu2232\/2023\/11\/Disseny-sense-titol-1-1.jpg 1151w\" sizes=\"auto, (max-width: 1024px) 100vw, 1024px\" \/><\/p>\n<p>A la tarda, els Grans han preparat uns jocs molt interessants i ens ho hem passat for\u00e7a b\u00e9:<\/p>\n<p><a href=\"https:\/\/agora.xtec.cat\/escolatorrelameu\/wp-content\/uploads\/usu2232\/2023\/11\/IMG20231031151830.jpg\"><img loading=\"lazy\" decoding=\"async\" class=\"wp-image-2654 aligncenter\" src=\"https:\/\/agora.xtec.cat\/escolatorrelameu\/wp-content\/uploads\/usu2232\/2023\/11\/IMG20231031151830-1024x768.jpg\" alt=\"\" width=\"600\" height=\"450\" srcset=\"https:\/\/agora.xtec.cat\/escolatorrelameu\/wp-content\/uploads\/usu2232\/2023\/11\/IMG20231031151830-1024x768.jpg 1024w, https:\/\/agora.xtec.cat\/escolatorrelameu\/wp-content\/uploads\/usu2232\/2023\/11\/IMG20231031151830-300x225.jpg 300w, https:\/\/agora.xtec.cat\/escolatorrelameu\/wp-content\/uploads\/usu2232\/2023\/11\/IMG20231031151830-768x576.jpg 768w, https:\/\/agora.xtec.cat\/escolatorrelameu\/wp-content\/uploads\/usu2232\/2023\/11\/IMG20231031151830-200x150.jpg 200w, https:\/\/agora.xtec.cat\/escolatorrelameu\/wp-content\/uploads\/usu2232\/2023\/11\/IMG20231031151830.jpg 1040w\" sizes=\"auto, (max-width: 600px) 100vw, 600px\" \/><\/a><\/p>\n<ul>\n<li>Encertar castanyes.<\/li>\n<\/ul>\n<p><a href=\"https:\/\/agora.xtec.cat\/escolatorrelameu\/wp-content\/uploads\/usu2232\/2023\/11\/IMG20231031152700_01.jpg\"><img loading=\"lazy\" decoding=\"async\" class=\"aligncenter wp-image-2657\" src=\"https:\/\/agora.xtec.cat\/escolatorrelameu\/wp-content\/uploads\/usu2232\/2023\/11\/IMG20231031152700_01.jpg\" alt=\"\" width=\"500\" height=\"550\" srcset=\"https:\/\/agora.xtec.cat\/escolatorrelameu\/wp-content\/uploads\/usu2232\/2023\/11\/IMG20231031152700_01.jpg 780w, https:\/\/agora.xtec.cat\/escolatorrelameu\/wp-content\/uploads\/usu2232\/2023\/11\/IMG20231031152700_01-273x300.jpg 273w, https:\/\/agora.xtec.cat\/escolatorrelameu\/wp-content\/uploads\/usu2232\/2023\/11\/IMG20231031152700_01-768x845.jpg 768w\" sizes=\"auto, (max-width: 500px) 100vw, 500px\" \/><\/a><\/p>\n<ul>\n<li>El pont perill\u00f3s.<\/li>\n<\/ul>\n<p><a href=\"https:\/\/agora.xtec.cat\/escolatorrelameu\/wp-content\/uploads\/usu2232\/2023\/11\/IMG-20231031-WA0062-1.jpg\"><img loading=\"lazy\" decoding=\"async\" class=\"aligncenter wp-image-2659\" src=\"https:\/\/agora.xtec.cat\/escolatorrelameu\/wp-content\/uploads\/usu2232\/2023\/11\/IMG-20231031-WA0062-1-1024x472.jpg\" alt=\"\" width=\"800\" height=\"369\" srcset=\"https:\/\/agora.xtec.cat\/escolatorrelameu\/wp-content\/uploads\/usu2232\/2023\/11\/IMG-20231031-WA0062-1-1024x472.jpg 1024w, https:\/\/agora.xtec.cat\/escolatorrelameu\/wp-content\/uploads\/usu2232\/2023\/11\/IMG-20231031-WA0062-1-300x138.jpg 300w, https:\/\/agora.xtec.cat\/escolatorrelameu\/wp-content\/uploads\/usu2232\/2023\/11\/IMG-20231031-WA0062-1-768x354.jpg 768w, https:\/\/agora.xtec.cat\/escolatorrelameu\/wp-content\/uploads\/usu2232\/2023\/11\/IMG-20231031-WA0062-1-1536x708.jpg 1536w, https:\/\/agora.xtec.cat\/escolatorrelameu\/wp-content\/uploads\/usu2232\/2023\/11\/IMG-20231031-WA0062-1.jpg 1600w\" sizes=\"auto, (max-width: 800px) 100vw, 800px\" \/><\/a><\/p>\n<ul>\n<li>Buscar el tresor de la tardor.<\/li>\n<\/ul>\n<p><a href=\"https:\/\/agora.xtec.cat\/escolatorrelameu\/wp-content\/uploads\/usu2232\/2023\/11\/IMG-20231031-WA0069-1.jpg\"><img loading=\"lazy\" decoding=\"async\" class=\"aligncenter wp-image-2649\" src=\"https:\/\/agora.xtec.cat\/escolatorrelameu\/wp-content\/uploads\/usu2232\/2023\/11\/IMG-20231031-WA0069-1-1024x709.jpg\" alt=\"\" width=\"800\" height=\"554\" srcset=\"https:\/\/agora.xtec.cat\/escolatorrelameu\/wp-content\/uploads\/usu2232\/2023\/11\/IMG-20231031-WA0069-1-1024x709.jpg 1024w, https:\/\/agora.xtec.cat\/escolatorrelameu\/wp-content\/uploads\/usu2232\/2023\/11\/IMG-20231031-WA0069-1-300x208.jpg 300w, https:\/\/agora.xtec.cat\/escolatorrelameu\/wp-content\/uploads\/usu2232\/2023\/11\/IMG-20231031-WA0069-1-768x532.jpg 768w, https:\/\/agora.xtec.cat\/escolatorrelameu\/wp-content\/uploads\/usu2232\/2023\/11\/IMG-20231031-WA0069-1.jpg 1034w\" sizes=\"auto, (max-width: 800px) 100vw, 800px\" \/><\/a><\/p>\n<ul>\n<li>L\u00e0sers de colors.<\/li>\n<\/ul>\n<p><a href=\"https:\/\/agora.xtec.cat\/escolatorrelameu\/wp-content\/uploads\/usu2232\/2023\/11\/IMG20231031153711.jpg\"><img loading=\"lazy\" decoding=\"async\" class=\"aligncenter wp-image-2660\" src=\"https:\/\/agora.xtec.cat\/escolatorrelameu\/wp-content\/uploads\/usu2232\/2023\/11\/IMG20231031153711-768x1024.jpg\" alt=\"\" width=\"375\" height=\"500\" srcset=\"https:\/\/agora.xtec.cat\/escolatorrelameu\/wp-content\/uploads\/usu2232\/2023\/11\/IMG20231031153711-768x1024.jpg 768w, https:\/\/agora.xtec.cat\/escolatorrelameu\/wp-content\/uploads\/usu2232\/2023\/11\/IMG20231031153711-225x300.jpg 225w, https:\/\/agora.xtec.cat\/escolatorrelameu\/wp-content\/uploads\/usu2232\/2023\/11\/IMG20231031153711.jpg 780w\" sizes=\"auto, (max-width: 375px) 100vw, 375px\" \/><\/a><\/p>\n<p>Despr\u00e9s hem menjat castanyes i panellets que havien cuit alguns padrins i padrines.<\/p>\n<p><a href=\"https:\/\/agora.xtec.cat\/escolatorrelameu\/wp-content\/uploads\/usu2232\/2023\/11\/IMG20231031152551_01.jpg\"><img loading=\"lazy\" decoding=\"async\" class=\"aligncenter wp-image-2655\" src=\"https:\/\/agora.xtec.cat\/escolatorrelameu\/wp-content\/uploads\/usu2232\/2023\/11\/IMG20231031152551_01-1024x768.jpg\" alt=\"\" width=\"800\" height=\"600\" srcset=\"https:\/\/agora.xtec.cat\/escolatorrelameu\/wp-content\/uploads\/usu2232\/2023\/11\/IMG20231031152551_01-1024x768.jpg 1024w, https:\/\/agora.xtec.cat\/escolatorrelameu\/wp-content\/uploads\/usu2232\/2023\/11\/IMG20231031152551_01-300x225.jpg 300w, https:\/\/agora.xtec.cat\/escolatorrelameu\/wp-content\/uploads\/usu2232\/2023\/11\/IMG20231031152551_01-768x576.jpg 768w, https:\/\/agora.xtec.cat\/escolatorrelameu\/wp-content\/uploads\/usu2232\/2023\/11\/IMG20231031152551_01-200x150.jpg 200w, https:\/\/agora.xtec.cat\/escolatorrelameu\/wp-content\/uploads\/usu2232\/2023\/11\/IMG20231031152551_01.jpg 1040w\" sizes=\"auto, (max-width: 800px) 100vw, 800px\" \/><\/a><a href=\"https:\/\/agora.xtec.cat\/escolatorrelameu\/wp-content\/uploads\/usu2232\/2023\/11\/IMG20231031162238.jpg\"><img loading=\"lazy\" decoding=\"async\" class=\"aligncenter wp-image-2653\" src=\"https:\/\/agora.xtec.cat\/escolatorrelameu\/wp-content\/uploads\/usu2232\/2023\/11\/IMG20231031162238.jpg\" alt=\"\" width=\"800\" height=\"600\" srcset=\"https:\/\/agora.xtec.cat\/escolatorrelameu\/wp-content\/uploads\/usu2232\/2023\/11\/IMG20231031162238.jpg 1040w, https:\/\/agora.xtec.cat\/escolatorrelameu\/wp-content\/uploads\/usu2232\/2023\/11\/IMG20231031162238-300x225.jpg 300w, https:\/\/agora.xtec.cat\/escolatorrelameu\/wp-content\/uploads\/usu2232\/2023\/11\/IMG20231031162238-1024x768.jpg 1024w, https:\/\/agora.xtec.cat\/escolatorrelameu\/wp-content\/uploads\/usu2232\/2023\/11\/IMG20231031162238-768x576.jpg 768w, https:\/\/agora.xtec.cat\/escolatorrelameu\/wp-content\/uploads\/usu2232\/2023\/11\/IMG20231031162238-200x150.jpg 200w\" sizes=\"auto, (max-width: 800px) 100vw, 800px\" \/><\/a><\/p>\n<p>I tamb\u00e9 hem tingut la pres\u00e8ncia d&#8217;alguns dels ex-alumnes. Ens fa tanta il\u00b7lusi\u00f3 veure-us i que accepteu anar venint en les diferents festes i celebracions. Ens agrada tenir-vos a prop i poder comptar amb vosaltres.<\/p>\n<p><a href=\"https:\/\/agora.xtec.cat\/escolatorrelameu\/wp-content\/uploads\/usu2232\/2023\/11\/IMG20231031160620_01.jpg\"><img loading=\"lazy\" decoding=\"async\" class=\"aligncenter wp-image-2656\" src=\"https:\/\/agora.xtec.cat\/escolatorrelameu\/wp-content\/uploads\/usu2232\/2023\/11\/IMG20231031160620_01.jpg\" alt=\"\" width=\"800\" height=\"586\" srcset=\"https:\/\/agora.xtec.cat\/escolatorrelameu\/wp-content\/uploads\/usu2232\/2023\/11\/IMG20231031160620_01.jpg 914w, https:\/\/agora.xtec.cat\/escolatorrelameu\/wp-content\/uploads\/usu2232\/2023\/11\/IMG20231031160620_01-300x220.jpg 300w, https:\/\/agora.xtec.cat\/escolatorrelameu\/wp-content\/uploads\/usu2232\/2023\/11\/IMG20231031160620_01-768x563.jpg 768w\" sizes=\"auto, (max-width: 800px) 100vw, 800px\" \/><\/a><\/p>\n","protected":false},"excerpt":{"rendered":"<p>Doncs s\u00ed! La castanya \u00e9s una fruita de tardor, seca i molt nutritiva. Aporta hidrats de carboni de llarga durada i, per tant, energia per escalfar-nos b\u00e9 a l&#8217;hivern i poder aguantar una bona estona. Mireu si \u00e9s important que se li ha dedicat una&hellip;  <a href=\"https:\/\/agora.xtec.cat\/escolatorrelameu\/general\/castanya-torrada-i-calenta-escalfa-les-mans-i-el-ventre\/\" title=\"Read Castanya torrada i calenta escalfa les mans&#8230; i el ventre.\">Llegeix m\u00e9s\u00bb<\/a><\/p>\n","protected":false},"author":14,"featured_media":2703,"comment_status":"open","ping_status":"closed","sticky":false,"template":"","format":"standard","meta":{"_bbp_topic_count":0,"_bbp_reply_count":0,"_bbp_total_topic_count":0,"_bbp_total_reply_count":0,"_bbp_voice_count":0,"_bbp_anonymous_reply_count":0,"_bbp_topic_count_hidden":0,"_bbp_reply_count_hidden":0,"_bbp_forum_subforum_count":0,"footnotes":""},"categories":[1],"tags":[],"class_list":["post-2643","post","type-post","status-publish","format-standard","has-post-thumbnail","hentry","category-general"],"post_mailing_queue_ids":[],"_links":{"self":[{"href":"https:\/\/agora.xtec.cat\/escolatorrelameu\/wp-json\/wp\/v2\/posts\/2643","targetHints":{"allow":["GET"]}}],"collection":[{"href":"https:\/\/agora.xtec.cat\/escolatorrelameu\/wp-json\/wp\/v2\/posts"}],"about":[{"href":"https:\/\/agora.xtec.cat\/escolatorrelameu\/wp-json\/wp\/v2\/types\/post"}],"author":[{"embeddable":true,"href":"https:\/\/agora.xtec.cat\/escolatorrelameu\/wp-json\/wp\/v2\/users\/14"}],"replies":[{"embeddable":true,"href":"https:\/\/agora.xtec.cat\/escolatorrelameu\/wp-json\/wp\/v2\/comments?post=2643"}],"version-history":[{"count":6,"href":"https:\/\/agora.xtec.cat\/escolatorrelameu\/wp-json\/wp\/v2\/posts\/2643\/revisions"}],"predecessor-version":[{"id":2716,"href":"https:\/\/agora.xtec.cat\/escolatorrelameu\/wp-json\/wp\/v2\/posts\/2643\/revisions\/2716"}],"wp:featuredmedia":[{"embeddable":true,"href":"https:\/\/agora.xtec.cat\/escolatorrelameu\/wp-json\/wp\/v2\/media\/2703"}],"wp:attachment":[{"href":"https:\/\/agora.xtec.cat\/escolatorrelameu\/wp-json\/wp\/v2\/media?parent=2643"}],"wp:term":[{"taxonomy":"category","embeddable":true,"href":"https:\/\/agora.xtec.cat\/escolatorrelameu\/wp-json\/wp\/v2\/categories?post=2643"},{"taxonomy":"post_tag","embeddable":true,"href":"https:\/\/agora.xtec.cat\/escolatorrelameu\/wp-json\/wp\/v2\/tags?post=2643"}],"curies":[{"name":"wp","href":"https:\/\/api.w.org\/{rel}","templated":true}]}}