{"id":2634,"date":"2023-10-30T23:28:25","date_gmt":"2023-10-30T22:28:25","guid":{"rendered":"https:\/\/agora.xtec.cat\/escolatorrelameu\/?p=2634"},"modified":"2023-10-30T23:34:59","modified_gmt":"2023-10-30T22:34:59","slug":"gracies-families","status":"publish","type":"post","link":"https:\/\/agora.xtec.cat\/escolatorrelameu\/general\/gracies-families\/","title":{"rendered":"Gr\u00e0cies fam\u00edlies"},"content":{"rendered":"<p>Gr\u00e0cies a totes les fam\u00edlies que, un any m\u00e9s, vau participar a la jornada de treball per millorar els espais de la nostra escola.<\/p>\n<p><a href=\"https:\/\/agora.xtec.cat\/escolatorrelameu\/wp-content\/uploads\/usu2232\/2023\/10\/imatge-1.jpg\"><img loading=\"lazy\" decoding=\"async\" class=\"aligncenter wp-image-2635\" src=\"https:\/\/agora.xtec.cat\/escolatorrelameu\/wp-content\/uploads\/usu2232\/2023\/10\/imatge-1.jpg\" alt=\"\" width=\"557\" height=\"789\" srcset=\"https:\/\/agora.xtec.cat\/escolatorrelameu\/wp-content\/uploads\/usu2232\/2023\/10\/imatge-1.jpg 1237w, https:\/\/agora.xtec.cat\/escolatorrelameu\/wp-content\/uploads\/usu2232\/2023\/10\/imatge-1-212x300.jpg 212w, https:\/\/agora.xtec.cat\/escolatorrelameu\/wp-content\/uploads\/usu2232\/2023\/10\/imatge-1-724x1024.jpg 724w, https:\/\/agora.xtec.cat\/escolatorrelameu\/wp-content\/uploads\/usu2232\/2023\/10\/imatge-1-768x1086.jpg 768w, https:\/\/agora.xtec.cat\/escolatorrelameu\/wp-content\/uploads\/usu2232\/2023\/10\/imatge-1-1086x1536.jpg 1086w\" sizes=\"auto, (max-width: 557px) 100vw, 557px\" \/><\/a><\/p>\n<p><a href=\"https:\/\/agora.xtec.cat\/escolatorrelameu\/wp-content\/uploads\/usu2232\/2023\/10\/imatge-2.jpg\"><img loading=\"lazy\" decoding=\"async\" class=\"aligncenter wp-image-2636\" src=\"https:\/\/agora.xtec.cat\/escolatorrelameu\/wp-content\/uploads\/usu2232\/2023\/10\/imatge-2.jpg\" alt=\"\" width=\"555\" height=\"785\" srcset=\"https:\/\/agora.xtec.cat\/escolatorrelameu\/wp-content\/uploads\/usu2232\/2023\/10\/imatge-2.jpg 1237w, https:\/\/agora.xtec.cat\/escolatorrelameu\/wp-content\/uploads\/usu2232\/2023\/10\/imatge-2-212x300.jpg 212w, https:\/\/agora.xtec.cat\/escolatorrelameu\/wp-content\/uploads\/usu2232\/2023\/10\/imatge-2-724x1024.jpg 724w, https:\/\/agora.xtec.cat\/escolatorrelameu\/wp-content\/uploads\/usu2232\/2023\/10\/imatge-2-768x1086.jpg 768w, https:\/\/agora.xtec.cat\/escolatorrelameu\/wp-content\/uploads\/usu2232\/2023\/10\/imatge-2-1086x1536.jpg 1086w\" sizes=\"auto, (max-width: 555px) 100vw, 555px\" \/><\/a><\/p>\n<p style=\"text-align: center;\">Seguim fent escola!<\/p>\n","protected":false},"excerpt":{"rendered":"<p>Gr\u00e0cies a totes les fam\u00edlies que, un any m\u00e9s, vau participar a la jornada de treball per millorar els espais de la nostra escola.<br \/>\n<a href=\"https:\/\/agora.xtec.cat\/escolatorrelameu\/wp-content\/uploads\/usu2232\/2023\/10\/imatge-1.jpg\"><\/a><br \/>\n<a href=\"https:\/\/agora.xtec.cat\/escolatorrelameu\/wp-content\/uploads\/usu2232\/2023\/10\/imatge-2.jpg\"><\/a><br \/>\nSeguim fent escola!<\/p>\n","protected":false},"author":14,"featured_media":2637,"comment_status":"open","ping_status":"closed","sticky":false,"template":"","format":"standard","meta":{"_bbp_topic_count":0,"_bbp_reply_count":0,"_bbp_total_topic_count":0,"_bbp_total_reply_count":0,"_bbp_voice_count":0,"_bbp_anonymous_reply_count":0,"_bbp_topic_count_hidden":0,"_bbp_reply_count_hidden":0,"_bbp_forum_subforum_count":0,"footnotes":""},"categories":[1,61,5],"tags":[],"class_list":["post-2634","post","type-post","status-publish","format-standard","has-post-thumbnail","hentry","category-general","category-petits","category-primaria"],"post_mailing_queue_ids":[],"_links":{"self":[{"href":"https:\/\/agora.xtec.cat\/escolatorrelameu\/wp-json\/wp\/v2\/posts\/2634","targetHints":{"allow":["GET"]}}],"collection":[{"href":"https:\/\/agora.xtec.cat\/escolatorrelameu\/wp-json\/wp\/v2\/posts"}],"about":[{"href":"https:\/\/agora.xtec.cat\/escolatorrelameu\/wp-json\/wp\/v2\/types\/post"}],"author":[{"embeddable":true,"href":"https:\/\/agora.xtec.cat\/escolatorrelameu\/wp-json\/wp\/v2\/users\/14"}],"replies":[{"embeddable":true,"href":"https:\/\/agora.xtec.cat\/escolatorrelameu\/wp-json\/wp\/v2\/comments?post=2634"}],"version-history":[{"count":3,"href":"https:\/\/agora.xtec.cat\/escolatorrelameu\/wp-json\/wp\/v2\/posts\/2634\/revisions"}],"predecessor-version":[{"id":2640,"href":"https:\/\/agora.xtec.cat\/escolatorrelameu\/wp-json\/wp\/v2\/posts\/2634\/revisions\/2640"}],"wp:featuredmedia":[{"embeddable":true,"href":"https:\/\/agora.xtec.cat\/escolatorrelameu\/wp-json\/wp\/v2\/media\/2637"}],"wp:attachment":[{"href":"https:\/\/agora.xtec.cat\/escolatorrelameu\/wp-json\/wp\/v2\/media?parent=2634"}],"wp:term":[{"taxonomy":"category","embeddable":true,"href":"https:\/\/agora.xtec.cat\/escolatorrelameu\/wp-json\/wp\/v2\/categories?post=2634"},{"taxonomy":"post_tag","embeddable":true,"href":"https:\/\/agora.xtec.cat\/escolatorrelameu\/wp-json\/wp\/v2\/tags?post=2634"}],"curies":[{"name":"wp","href":"https:\/\/api.w.org\/{rel}","templated":true}]}}