{"id":2548,"date":"2023-07-15T19:09:11","date_gmt":"2023-07-15T17:09:11","guid":{"rendered":"https:\/\/agora.xtec.cat\/escolatorrelameu\/?p=2548"},"modified":"2023-07-25T19:16:37","modified_gmt":"2023-07-25T17:16:37","slug":"vespre-amb-families","status":"publish","type":"post","link":"https:\/\/agora.xtec.cat\/escolatorrelameu\/general\/vespre-amb-families\/","title":{"rendered":"Vespre amb fam\u00edlies"},"content":{"rendered":"<p style=\"text-align: justify;\">Els comiats, tan siguin temporals com m\u00e9s estructurals, s\u00f3n importants per l&#8217;escola, per la comunitat i per un\/a mateix\/a. Amb Vespre amb fam\u00edlies tanquem el curs amb la comunitat, les fam\u00edlies, i tamb\u00e9 comencem a oferir trobades amb les fam\u00edlies noves.<\/p>\n<p style=\"text-align: justify;\"><a href=\"https:\/\/agora.xtec.cat\/escolatorrelameu\/wp-content\/uploads\/usu2232\/2023\/07\/IMG-20230621-WA0007.jpg\"><img loading=\"lazy\" decoding=\"async\" class=\"aligncenter size-full wp-image-2543\" src=\"https:\/\/agora.xtec.cat\/escolatorrelameu\/wp-content\/uploads\/usu2232\/2023\/07\/IMG-20230621-WA0007.jpg\" alt=\"\" width=\"1600\" height=\"1200\" srcset=\"https:\/\/agora.xtec.cat\/escolatorrelameu\/wp-content\/uploads\/usu2232\/2023\/07\/IMG-20230621-WA0007.jpg 1600w, https:\/\/agora.xtec.cat\/escolatorrelameu\/wp-content\/uploads\/usu2232\/2023\/07\/IMG-20230621-WA0007-300x225.jpg 300w, https:\/\/agora.xtec.cat\/escolatorrelameu\/wp-content\/uploads\/usu2232\/2023\/07\/IMG-20230621-WA0007-1024x768.jpg 1024w, https:\/\/agora.xtec.cat\/escolatorrelameu\/wp-content\/uploads\/usu2232\/2023\/07\/IMG-20230621-WA0007-768x576.jpg 768w, https:\/\/agora.xtec.cat\/escolatorrelameu\/wp-content\/uploads\/usu2232\/2023\/07\/IMG-20230621-WA0007-1536x1152.jpg 1536w, https:\/\/agora.xtec.cat\/escolatorrelameu\/wp-content\/uploads\/usu2232\/2023\/07\/IMG-20230621-WA0007-200x150.jpg 200w\" sizes=\"auto, (max-width: 1600px) 100vw, 1600px\" \/><\/a><\/p>\n<p style=\"text-align: justify;\">Aquest curs, els tallers de mostra han estat emmarcats amb el projecte Cinema en curs, essent l&#8217;\u00fanica escola de Catalunya que hi participa de manera integral.<br \/>\nEls tallers han estat:<br \/>\n&#8211; Explicaci\u00f3 del procediment i mostra de les cianotipies. El camp de perers ha esdevingut la nostra sala d&#8217;exposicions.<\/p>\n<p style=\"text-align: justify;\">&#8211; Explicaci\u00f3 i exploraci\u00f3 amb la c\u00e0mera fosca. Impressionant poder viure els inicis de la fotografia!<\/p>\n<p style=\"text-align: justify;\"><a href=\"https:\/\/agora.xtec.cat\/escolatorrelameu\/wp-content\/uploads\/usu2232\/2023\/07\/IMG-20230621-WA0024.jpg\"><img loading=\"lazy\" decoding=\"async\" class=\"aligncenter size-full wp-image-2539\" src=\"https:\/\/agora.xtec.cat\/escolatorrelameu\/wp-content\/uploads\/usu2232\/2023\/07\/IMG-20230621-WA0024.jpg\" alt=\"\" width=\"1600\" height=\"1200\" srcset=\"https:\/\/agora.xtec.cat\/escolatorrelameu\/wp-content\/uploads\/usu2232\/2023\/07\/IMG-20230621-WA0024.jpg 1600w, https:\/\/agora.xtec.cat\/escolatorrelameu\/wp-content\/uploads\/usu2232\/2023\/07\/IMG-20230621-WA0024-300x225.jpg 300w, https:\/\/agora.xtec.cat\/escolatorrelameu\/wp-content\/uploads\/usu2232\/2023\/07\/IMG-20230621-WA0024-1024x768.jpg 1024w, https:\/\/agora.xtec.cat\/escolatorrelameu\/wp-content\/uploads\/usu2232\/2023\/07\/IMG-20230621-WA0024-768x576.jpg 768w, https:\/\/agora.xtec.cat\/escolatorrelameu\/wp-content\/uploads\/usu2232\/2023\/07\/IMG-20230621-WA0024-1536x1152.jpg 1536w, https:\/\/agora.xtec.cat\/escolatorrelameu\/wp-content\/uploads\/usu2232\/2023\/07\/IMG-20230621-WA0024-200x150.jpg 200w\" sizes=\"auto, (max-width: 1600px) 100vw, 1600px\" \/><\/a><br \/>\n&#8211; Taller de cianotipies. A trav\u00e9s de les mostres d&#8217;esp\u00e8cies de la flora de Torrelameu recollides per la canalla, cada fam\u00edlia va poder fer la seva cianotipia. Un \u00e8xit m\u00e0gic!<\/p>\n<p style=\"text-align: justify;\"><a href=\"https:\/\/agora.xtec.cat\/escolatorrelameu\/wp-content\/uploads\/usu2232\/2023\/07\/IMG-20230621-WA0011.jpg\"><img loading=\"lazy\" decoding=\"async\" class=\"aligncenter size-full wp-image-2541\" src=\"https:\/\/agora.xtec.cat\/escolatorrelameu\/wp-content\/uploads\/usu2232\/2023\/07\/IMG-20230621-WA0011.jpg\" alt=\"\" width=\"1600\" height=\"1200\" srcset=\"https:\/\/agora.xtec.cat\/escolatorrelameu\/wp-content\/uploads\/usu2232\/2023\/07\/IMG-20230621-WA0011.jpg 1600w, https:\/\/agora.xtec.cat\/escolatorrelameu\/wp-content\/uploads\/usu2232\/2023\/07\/IMG-20230621-WA0011-300x225.jpg 300w, https:\/\/agora.xtec.cat\/escolatorrelameu\/wp-content\/uploads\/usu2232\/2023\/07\/IMG-20230621-WA0011-1024x768.jpg 1024w, https:\/\/agora.xtec.cat\/escolatorrelameu\/wp-content\/uploads\/usu2232\/2023\/07\/IMG-20230621-WA0011-768x576.jpg 768w, https:\/\/agora.xtec.cat\/escolatorrelameu\/wp-content\/uploads\/usu2232\/2023\/07\/IMG-20230621-WA0011-1536x1152.jpg 1536w, https:\/\/agora.xtec.cat\/escolatorrelameu\/wp-content\/uploads\/usu2232\/2023\/07\/IMG-20230621-WA0011-200x150.jpg 200w\" sizes=\"auto, (max-width: 1600px) 100vw, 1600px\" \/><\/a><br \/>\n&#8211; Espais buits. Qu\u00e8 \u00e9s la buidor en l&#8217;espai? Com la sentim? Amb Mitjans es va fer un treball fotogr\u00e0fic sobre aquests espais i tamb\u00e9 una exploraci\u00f3 sonora del que representen.<\/p>\n<p style=\"text-align: justify;\">&#8211; Portes amb hist\u00f2ria. A partir d&#8217;un treball sobre les portes i la hist\u00f2ria que hi ha al darrera, vam poder fer una exposici\u00f3 de les fotografies dels tancaments i de les persones vinculades amb aquestes.<\/p>\n<p style=\"text-align: justify;\">Seguidament, vam fer un berenar &#8211; sopar compartit on les converses informals donaven un ambient de complicitat i de benestar&#8230;<br \/>\n<a href=\"https:\/\/agora.xtec.cat\/escolatorrelameu\/wp-content\/uploads\/usu2232\/2023\/07\/IMG-20230621-WA0005.jpg\"><img loading=\"lazy\" decoding=\"async\" class=\"aligncenter size-full wp-image-2544\" src=\"https:\/\/agora.xtec.cat\/escolatorrelameu\/wp-content\/uploads\/usu2232\/2023\/07\/IMG-20230621-WA0005.jpg\" alt=\"\" width=\"1200\" height=\"1600\" srcset=\"https:\/\/agora.xtec.cat\/escolatorrelameu\/wp-content\/uploads\/usu2232\/2023\/07\/IMG-20230621-WA0005.jpg 1200w, https:\/\/agora.xtec.cat\/escolatorrelameu\/wp-content\/uploads\/usu2232\/2023\/07\/IMG-20230621-WA0005-225x300.jpg 225w, https:\/\/agora.xtec.cat\/escolatorrelameu\/wp-content\/uploads\/usu2232\/2023\/07\/IMG-20230621-WA0005-768x1024.jpg 768w, https:\/\/agora.xtec.cat\/escolatorrelameu\/wp-content\/uploads\/usu2232\/2023\/07\/IMG-20230621-WA0005-1152x1536.jpg 1152w\" sizes=\"auto, (max-width: 1200px) 100vw, 1200px\" \/><\/a><br \/>\nMenjades les trufes de postres, ens hav\u00edem de despla\u00e7ar a la sala per veure el documental que havien fet els grans, amb la cineasta Alba Cros i acompanyats per la Irene Sampedro.<\/p>\n<p style=\"text-align: justify;\"><a href=\"https:\/\/agora.xtec.cat\/escolatorrelameu\/wp-content\/uploads\/usu2232\/2023\/07\/IMG-20230621-WA0000.jpg\"><img loading=\"lazy\" decoding=\"async\" class=\"aligncenter size-full wp-image-2545\" src=\"https:\/\/agora.xtec.cat\/escolatorrelameu\/wp-content\/uploads\/usu2232\/2023\/07\/IMG-20230621-WA0000.jpg\" alt=\"\" width=\"1600\" height=\"1200\" srcset=\"https:\/\/agora.xtec.cat\/escolatorrelameu\/wp-content\/uploads\/usu2232\/2023\/07\/IMG-20230621-WA0000.jpg 1600w, https:\/\/agora.xtec.cat\/escolatorrelameu\/wp-content\/uploads\/usu2232\/2023\/07\/IMG-20230621-WA0000-300x225.jpg 300w, https:\/\/agora.xtec.cat\/escolatorrelameu\/wp-content\/uploads\/usu2232\/2023\/07\/IMG-20230621-WA0000-1024x768.jpg 1024w, https:\/\/agora.xtec.cat\/escolatorrelameu\/wp-content\/uploads\/usu2232\/2023\/07\/IMG-20230621-WA0000-768x576.jpg 768w, https:\/\/agora.xtec.cat\/escolatorrelameu\/wp-content\/uploads\/usu2232\/2023\/07\/IMG-20230621-WA0000-1536x1152.jpg 1536w, https:\/\/agora.xtec.cat\/escolatorrelameu\/wp-content\/uploads\/usu2232\/2023\/07\/IMG-20230621-WA0000-200x150.jpg 200w\" sizes=\"auto, (max-width: 1600px) 100vw, 1600px\" \/><\/a><br \/>\nEn tots aquests tallers, l&#8217;equip de Cinema i de Petit cinema en curs hi ha estat present. Agra\u00efdes enormement!<br \/>\nTamb\u00e9 estem immensament agra\u00efdes a la gent del poble, als padrins i padrines que emocionats ens han explicat les seves hist\u00f2ries personals i les hem integrat en les nostres tasques per esdevenir-ne productes molt bonics i plens d&#8217;experi\u00e8ncia, emoci\u00f3, vinculaci\u00f3, territori i hist\u00f2ria.<\/p>\n","protected":false},"excerpt":{"rendered":"<p>Els comiats, tan siguin temporals com m\u00e9s estructurals, s\u00f3n importants per l&#8217;escola, per la comunitat i per un\/a mateix\/a. Amb Vespre amb fam\u00edlies tanquem el curs amb la comunitat, les fam\u00edlies, i tamb\u00e9 comencem a oferir trobades amb les fam\u00edlies noves.<br \/>\n<a href=\"https:\/\/agora.xtec.cat\/escolatorrelameu\/wp-content\/uploads\/usu2232\/2023\/07\/IMG-20230621-WA0007.jpg\"><\/a><br \/>\nAquest curs, els tallers&hellip;  <a href=\"https:\/\/agora.xtec.cat\/escolatorrelameu\/general\/vespre-amb-families\/\" title=\"Read Vespre amb fam\u00edlies\">Llegeix m\u00e9s\u00bb<\/a><\/p>\n","protected":false},"author":14,"featured_media":0,"comment_status":"open","ping_status":"closed","sticky":false,"template":"","format":"standard","meta":{"_bbp_topic_count":0,"_bbp_reply_count":0,"_bbp_total_topic_count":0,"_bbp_total_reply_count":0,"_bbp_voice_count":0,"_bbp_anonymous_reply_count":0,"_bbp_topic_count_hidden":0,"_bbp_reply_count_hidden":0,"_bbp_forum_subforum_count":0,"footnotes":""},"categories":[1],"tags":[],"class_list":["post-2548","post","type-post","status-publish","format-standard","hentry","category-general"],"post_mailing_queue_ids":[],"_links":{"self":[{"href":"https:\/\/agora.xtec.cat\/escolatorrelameu\/wp-json\/wp\/v2\/posts\/2548","targetHints":{"allow":["GET"]}}],"collection":[{"href":"https:\/\/agora.xtec.cat\/escolatorrelameu\/wp-json\/wp\/v2\/posts"}],"about":[{"href":"https:\/\/agora.xtec.cat\/escolatorrelameu\/wp-json\/wp\/v2\/types\/post"}],"author":[{"embeddable":true,"href":"https:\/\/agora.xtec.cat\/escolatorrelameu\/wp-json\/wp\/v2\/users\/14"}],"replies":[{"embeddable":true,"href":"https:\/\/agora.xtec.cat\/escolatorrelameu\/wp-json\/wp\/v2\/comments?post=2548"}],"version-history":[{"count":2,"href":"https:\/\/agora.xtec.cat\/escolatorrelameu\/wp-json\/wp\/v2\/posts\/2548\/revisions"}],"predecessor-version":[{"id":2550,"href":"https:\/\/agora.xtec.cat\/escolatorrelameu\/wp-json\/wp\/v2\/posts\/2548\/revisions\/2550"}],"wp:attachment":[{"href":"https:\/\/agora.xtec.cat\/escolatorrelameu\/wp-json\/wp\/v2\/media?parent=2548"}],"wp:term":[{"taxonomy":"category","embeddable":true,"href":"https:\/\/agora.xtec.cat\/escolatorrelameu\/wp-json\/wp\/v2\/categories?post=2548"},{"taxonomy":"post_tag","embeddable":true,"href":"https:\/\/agora.xtec.cat\/escolatorrelameu\/wp-json\/wp\/v2\/tags?post=2548"}],"curies":[{"name":"wp","href":"https:\/\/api.w.org\/{rel}","templated":true}]}}