{"id":2389,"date":"2023-05-31T18:53:41","date_gmt":"2023-05-31T16:53:41","guid":{"rendered":"https:\/\/agora.xtec.cat\/escolatorrelameu\/?p=2389"},"modified":"2023-05-31T19:00:22","modified_gmt":"2023-05-31T17:00:22","slug":"els-grans-treballem-la-historia","status":"publish","type":"post","link":"https:\/\/agora.xtec.cat\/escolatorrelameu\/general\/els-grans-treballem-la-historia\/","title":{"rendered":"Els Grans treballem la Hist\u00f2ria"},"content":{"rendered":"<p align=\"justify\"><span style=\"font-family: Calibri, sans-serif;\"><span style=\"font-size: medium;\">El grup de Grans durant el segon i el tercer trimestre hem estat immersos en la Hist\u00f2ria des de diferents vessants.<\/span><\/span><\/p>\n<p align=\"justify\"><span style=\"font-family: Calibri, sans-serif;\"><span style=\"font-size: medium;\">Des del projecte de Cinema en curs, per crear el documental d\u2019aquest any, hem investigat <span style=\"color: #000000;\">com vivien els nostres padrins quan tenien la nostra edat, hem conegut com era el seu dia a dia i com era l\u2019entorn del poble i el seu paisatge. La documentaci\u00f3 l\u2019hem extret de converses amb padrins i padrines del poble i <\/span><span style=\"color: #000000;\">de<\/span><span style=\"color: #000000;\"> fotografies antigues extretes de<\/span><span style=\"color: #000000;\">l llibre<\/span> <span style=\"color: #000000;\"><i>Hist\u00f2ria gr\u00e0fica de Torrelameu 1900-2000.<\/i><\/span><\/span><\/span><\/p>\n<p align=\"justify\"><a href=\"https:\/\/agora.xtec.cat\/escolatorrelameu\/wp-content\/uploads\/usu2232\/2023\/05\/10-DESCARREGANT-CARRO.jpg\"><img loading=\"lazy\" decoding=\"async\" class=\"wp-image-2393 alignnone\" src=\"https:\/\/agora.xtec.cat\/escolatorrelameu\/wp-content\/uploads\/usu2232\/2023\/05\/10-DESCARREGANT-CARRO.jpg\" alt=\"\" width=\"334\" height=\"228\" srcset=\"https:\/\/agora.xtec.cat\/escolatorrelameu\/wp-content\/uploads\/usu2232\/2023\/05\/10-DESCARREGANT-CARRO.jpg 2000w, https:\/\/agora.xtec.cat\/escolatorrelameu\/wp-content\/uploads\/usu2232\/2023\/05\/10-DESCARREGANT-CARRO-300x205.jpg 300w, https:\/\/agora.xtec.cat\/escolatorrelameu\/wp-content\/uploads\/usu2232\/2023\/05\/10-DESCARREGANT-CARRO-1024x699.jpg 1024w, https:\/\/agora.xtec.cat\/escolatorrelameu\/wp-content\/uploads\/usu2232\/2023\/05\/10-DESCARREGANT-CARRO-768x524.jpg 768w, https:\/\/agora.xtec.cat\/escolatorrelameu\/wp-content\/uploads\/usu2232\/2023\/05\/10-DESCARREGANT-CARRO-1536x1048.jpg 1536w\" sizes=\"auto, (max-width: 334px) 100vw, 334px\" \/>\u00a0 \u00a0 \u00a0 \u00a0<\/a><a href=\"https:\/\/agora.xtec.cat\/escolatorrelameu\/wp-content\/uploads\/usu2232\/2023\/05\/23_01_17_ProjTorrelameu_171.jpg\"><img loading=\"lazy\" decoding=\"async\" class=\"alignright wp-image-2394\" src=\"https:\/\/agora.xtec.cat\/escolatorrelameu\/wp-content\/uploads\/usu2232\/2023\/05\/23_01_17_ProjTorrelameu_171.jpg\" alt=\"\" width=\"345\" height=\"229\" srcset=\"https:\/\/agora.xtec.cat\/escolatorrelameu\/wp-content\/uploads\/usu2232\/2023\/05\/23_01_17_ProjTorrelameu_171.jpg 1484w, https:\/\/agora.xtec.cat\/escolatorrelameu\/wp-content\/uploads\/usu2232\/2023\/05\/23_01_17_ProjTorrelameu_171-300x200.jpg 300w, https:\/\/agora.xtec.cat\/escolatorrelameu\/wp-content\/uploads\/usu2232\/2023\/05\/23_01_17_ProjTorrelameu_171-1024x681.jpg 1024w, https:\/\/agora.xtec.cat\/escolatorrelameu\/wp-content\/uploads\/usu2232\/2023\/05\/23_01_17_ProjTorrelameu_171-768x511.jpg 768w\" sizes=\"auto, (max-width: 345px) 100vw, 345px\" \/><\/a><\/p>\n<p align=\"justify\">\n<p align=\"justify\">\n<p align=\"justify\"><span style=\"font-family: Calibri, sans-serif;\"><span style=\"font-size: medium;\">A m\u00e9s a m\u00e9s, tamb\u00e9 hem treballat la hist\u00f2ria a trav\u00e9s de la mesura i la representaci\u00f3 del temps. El eixos cronol\u00f2gics ens han servit per comprendre el temps hist\u00f2ric i que hi ha un seguit d\u2019apartats temporals successius on ubiquem els fets.<\/span><\/span><\/p>\n<p align=\"justify\"><a href=\"https:\/\/agora.xtec.cat\/escolatorrelameu\/wp-content\/uploads\/usu2232\/2023\/05\/historia3.jpg\"><img loading=\"lazy\" decoding=\"async\" class=\"wp-image-2397 alignnone\" src=\"https:\/\/agora.xtec.cat\/escolatorrelameu\/wp-content\/uploads\/usu2232\/2023\/05\/historia3.jpg\" alt=\"\" width=\"354\" height=\"266\" srcset=\"https:\/\/agora.xtec.cat\/escolatorrelameu\/wp-content\/uploads\/usu2232\/2023\/05\/historia3.jpg 2000w, https:\/\/agora.xtec.cat\/escolatorrelameu\/wp-content\/uploads\/usu2232\/2023\/05\/historia3-300x225.jpg 300w, https:\/\/agora.xtec.cat\/escolatorrelameu\/wp-content\/uploads\/usu2232\/2023\/05\/historia3-1024x768.jpg 1024w, https:\/\/agora.xtec.cat\/escolatorrelameu\/wp-content\/uploads\/usu2232\/2023\/05\/historia3-768x576.jpg 768w, https:\/\/agora.xtec.cat\/escolatorrelameu\/wp-content\/uploads\/usu2232\/2023\/05\/historia3-1536x1152.jpg 1536w, https:\/\/agora.xtec.cat\/escolatorrelameu\/wp-content\/uploads\/usu2232\/2023\/05\/historia3-200x150.jpg 200w\" sizes=\"auto, (max-width: 354px) 100vw, 354px\" \/><\/a> <a href=\"https:\/\/agora.xtec.cat\/escolatorrelameu\/wp-content\/uploads\/usu2232\/2023\/05\/historia2.jpg\"><img loading=\"lazy\" decoding=\"async\" class=\"wp-image-2396 alignright\" src=\"https:\/\/agora.xtec.cat\/escolatorrelameu\/wp-content\/uploads\/usu2232\/2023\/05\/historia2.jpg\" alt=\"\" width=\"361\" height=\"271\" srcset=\"https:\/\/agora.xtec.cat\/escolatorrelameu\/wp-content\/uploads\/usu2232\/2023\/05\/historia2.jpg 1600w, https:\/\/agora.xtec.cat\/escolatorrelameu\/wp-content\/uploads\/usu2232\/2023\/05\/historia2-300x225.jpg 300w, https:\/\/agora.xtec.cat\/escolatorrelameu\/wp-content\/uploads\/usu2232\/2023\/05\/historia2-1024x768.jpg 1024w, https:\/\/agora.xtec.cat\/escolatorrelameu\/wp-content\/uploads\/usu2232\/2023\/05\/historia2-768x576.jpg 768w, https:\/\/agora.xtec.cat\/escolatorrelameu\/wp-content\/uploads\/usu2232\/2023\/05\/historia2-1536x1152.jpg 1536w, https:\/\/agora.xtec.cat\/escolatorrelameu\/wp-content\/uploads\/usu2232\/2023\/05\/historia2-200x150.jpg 200w\" sizes=\"auto, (max-width: 361px) 100vw, 361px\" \/><\/a><\/p>\n<p align=\"justify\"><a href=\"https:\/\/agora.xtec.cat\/escolatorrelameu\/wp-content\/uploads\/usu2232\/2023\/05\/historia6.jpg\"><img loading=\"lazy\" decoding=\"async\" class=\"aligncenter wp-image-2400\" src=\"https:\/\/agora.xtec.cat\/escolatorrelameu\/wp-content\/uploads\/usu2232\/2023\/05\/historia6.jpg\" alt=\"\" width=\"657\" height=\"493\" srcset=\"https:\/\/agora.xtec.cat\/escolatorrelameu\/wp-content\/uploads\/usu2232\/2023\/05\/historia6.jpg 2000w, https:\/\/agora.xtec.cat\/escolatorrelameu\/wp-content\/uploads\/usu2232\/2023\/05\/historia6-300x225.jpg 300w, https:\/\/agora.xtec.cat\/escolatorrelameu\/wp-content\/uploads\/usu2232\/2023\/05\/historia6-1024x768.jpg 1024w, https:\/\/agora.xtec.cat\/escolatorrelameu\/wp-content\/uploads\/usu2232\/2023\/05\/historia6-768x576.jpg 768w, https:\/\/agora.xtec.cat\/escolatorrelameu\/wp-content\/uploads\/usu2232\/2023\/05\/historia6-1536x1152.jpg 1536w, https:\/\/agora.xtec.cat\/escolatorrelameu\/wp-content\/uploads\/usu2232\/2023\/05\/historia6-200x150.jpg 200w\" sizes=\"auto, (max-width: 657px) 100vw, 657px\" \/><\/a><\/p>\n<p align=\"justify\">\n<p align=\"justify\">\n<p align=\"justify\">\n<p align=\"justify\"><span style=\"font-family: Calibri, sans-serif;\"><span style=\"font-size: medium;\">Per \u00faltim vam fer una visita al Caixaf\u00f2rum de Lleida per veure l\u2019exposici\u00f3 titulada Fara\u00f3. Rei d\u2019Egipte. Vam veure una col\u00b7lecci\u00f3 interessant\u00edssima de peces originals de l\u2019antic Egipte. Gr\u00e0cies a l\u2019explicaci\u00f3 de la guia vam apropar-nos i ens vam imaginar com vivien i quins valors tenien els faraons i la gent que els envoltava. Tot relacionant el que all\u00ed vam veure amb aspectes de les l\u00ednies cronol\u00f2giques treballades a l\u2019aula.<\/span><\/span><\/p>\n<p align=\"justify\"><a href=\"https:\/\/agora.xtec.cat\/escolatorrelameu\/wp-content\/uploads\/usu2232\/2023\/05\/historia1.jpg\">\u00a0 \u00a0<\/a><a href=\"https:\/\/agora.xtec.cat\/escolatorrelameu\/wp-content\/uploads\/usu2232\/2023\/05\/historia1.jpg\"><img loading=\"lazy\" decoding=\"async\" class=\"aligncenter wp-image-2395\" src=\"https:\/\/agora.xtec.cat\/escolatorrelameu\/wp-content\/uploads\/usu2232\/2023\/05\/historia1.jpg\" alt=\"\" width=\"599\" height=\"449\" srcset=\"https:\/\/agora.xtec.cat\/escolatorrelameu\/wp-content\/uploads\/usu2232\/2023\/05\/historia1.jpg 2000w, https:\/\/agora.xtec.cat\/escolatorrelameu\/wp-content\/uploads\/usu2232\/2023\/05\/historia1-300x225.jpg 300w, https:\/\/agora.xtec.cat\/escolatorrelameu\/wp-content\/uploads\/usu2232\/2023\/05\/historia1-1024x768.jpg 1024w, https:\/\/agora.xtec.cat\/escolatorrelameu\/wp-content\/uploads\/usu2232\/2023\/05\/historia1-768x576.jpg 768w, https:\/\/agora.xtec.cat\/escolatorrelameu\/wp-content\/uploads\/usu2232\/2023\/05\/historia1-1536x1152.jpg 1536w, https:\/\/agora.xtec.cat\/escolatorrelameu\/wp-content\/uploads\/usu2232\/2023\/05\/historia1-200x150.jpg 200w\" sizes=\"auto, (max-width: 599px) 100vw, 599px\" \/><\/a><\/p>\n<p>&nbsp;<\/p>\n","protected":false},"excerpt":{"rendered":"<p>El grup de Grans durant el segon i el tercer trimestre hem estat immersos en la Hist\u00f2ria des de diferents vessants.<br \/>\nDes del projecte de Cinema en curs, per crear el documental d\u2019aquest any, hem investigat com vivien els nostres padrins quan tenien la nostra edat,&hellip;  <a href=\"https:\/\/agora.xtec.cat\/escolatorrelameu\/general\/els-grans-treballem-la-historia\/\" title=\"Read Els Grans treballem la Hist\u00f2ria\">Llegeix m\u00e9s\u00bb<\/a><\/p>\n","protected":false},"author":14,"featured_media":2391,"comment_status":"open","ping_status":"closed","sticky":false,"template":"","format":"standard","meta":{"_bbp_topic_count":0,"_bbp_reply_count":0,"_bbp_total_topic_count":0,"_bbp_total_reply_count":0,"_bbp_voice_count":0,"_bbp_anonymous_reply_count":0,"_bbp_topic_count_hidden":0,"_bbp_reply_count_hidden":0,"_bbp_forum_subforum_count":0,"footnotes":""},"categories":[1],"tags":[],"class_list":["post-2389","post","type-post","status-publish","format-standard","has-post-thumbnail","hentry","category-general"],"post_mailing_queue_ids":[],"_links":{"self":[{"href":"https:\/\/agora.xtec.cat\/escolatorrelameu\/wp-json\/wp\/v2\/posts\/2389","targetHints":{"allow":["GET"]}}],"collection":[{"href":"https:\/\/agora.xtec.cat\/escolatorrelameu\/wp-json\/wp\/v2\/posts"}],"about":[{"href":"https:\/\/agora.xtec.cat\/escolatorrelameu\/wp-json\/wp\/v2\/types\/post"}],"author":[{"embeddable":true,"href":"https:\/\/agora.xtec.cat\/escolatorrelameu\/wp-json\/wp\/v2\/users\/14"}],"replies":[{"embeddable":true,"href":"https:\/\/agora.xtec.cat\/escolatorrelameu\/wp-json\/wp\/v2\/comments?post=2389"}],"version-history":[{"count":3,"href":"https:\/\/agora.xtec.cat\/escolatorrelameu\/wp-json\/wp\/v2\/posts\/2389\/revisions"}],"predecessor-version":[{"id":2408,"href":"https:\/\/agora.xtec.cat\/escolatorrelameu\/wp-json\/wp\/v2\/posts\/2389\/revisions\/2408"}],"wp:featuredmedia":[{"embeddable":true,"href":"https:\/\/agora.xtec.cat\/escolatorrelameu\/wp-json\/wp\/v2\/media\/2391"}],"wp:attachment":[{"href":"https:\/\/agora.xtec.cat\/escolatorrelameu\/wp-json\/wp\/v2\/media?parent=2389"}],"wp:term":[{"taxonomy":"category","embeddable":true,"href":"https:\/\/agora.xtec.cat\/escolatorrelameu\/wp-json\/wp\/v2\/categories?post=2389"},{"taxonomy":"post_tag","embeddable":true,"href":"https:\/\/agora.xtec.cat\/escolatorrelameu\/wp-json\/wp\/v2\/tags?post=2389"}],"curies":[{"name":"wp","href":"https:\/\/api.w.org\/{rel}","templated":true}]}}