{"id":2383,"date":"2023-05-16T07:56:11","date_gmt":"2023-05-16T05:56:11","guid":{"rendered":"https:\/\/agora.xtec.cat\/escolatorrelameu\/?p=2383"},"modified":"2023-05-16T07:56:11","modified_gmt":"2023-05-16T05:56:11","slug":"collaboracio-especial-als-esmorzars","status":"publish","type":"post","link":"https:\/\/agora.xtec.cat\/escolatorrelameu\/general\/collaboracio-especial-als-esmorzars\/","title":{"rendered":"Col\u00b7laboraci\u00f3 especial als esmorzars"},"content":{"rendered":"<p><a href=\"https:\/\/agora.xtec.cat\/escolatorrelameu\/wp-content\/uploads\/usu2232\/2023\/05\/IMG-20230515-WA0010.jpg\"><img loading=\"lazy\" decoding=\"async\" class=\"aligncenter wp-image-2385 size-full\" src=\"https:\/\/agora.xtec.cat\/escolatorrelameu\/wp-content\/uploads\/usu2232\/2023\/05\/IMG-20230515-WA0010.jpg\" alt=\"\" width=\"2048\" height=\"1536\" srcset=\"https:\/\/agora.xtec.cat\/escolatorrelameu\/wp-content\/uploads\/usu2232\/2023\/05\/IMG-20230515-WA0010.jpg 2048w, https:\/\/agora.xtec.cat\/escolatorrelameu\/wp-content\/uploads\/usu2232\/2023\/05\/IMG-20230515-WA0010-300x225.jpg 300w, https:\/\/agora.xtec.cat\/escolatorrelameu\/wp-content\/uploads\/usu2232\/2023\/05\/IMG-20230515-WA0010-1024x768.jpg 1024w, https:\/\/agora.xtec.cat\/escolatorrelameu\/wp-content\/uploads\/usu2232\/2023\/05\/IMG-20230515-WA0010-768x576.jpg 768w, https:\/\/agora.xtec.cat\/escolatorrelameu\/wp-content\/uploads\/usu2232\/2023\/05\/IMG-20230515-WA0010-1536x1152.jpg 1536w, https:\/\/agora.xtec.cat\/escolatorrelameu\/wp-content\/uploads\/usu2232\/2023\/05\/IMG-20230515-WA0010-200x150.jpg 200w\" sizes=\"auto, (max-width: 2048px) 100vw, 2048px\" \/><\/a><\/p>\n<p style=\"text-align: justify;\"><span style=\"font-family: inherit; font-size: 1em;\">Quan parlem d&#8217;esmorzar a l&#8217;escola, ens referim a una petita ingesta basada amb la fruita i la verdura, feta a mig mat\u00ed. \u00c9s petita i \u00e9s un complement per acabar de passar el mat\u00ed, no \u00e9s un esmorzar com a tal.<\/span><\/p>\n<p style=\"text-align: justify;\"><span style=\"font-weight: 400;\">Considerem que la fruita \u00e9s territori&#8230; Estem immerses en un entorn agr\u00edcola i menjar fruita \u00e9s com enfortir aquest llegat, com connectar-nos amb els camps, els pagesos, les collites&#8230;<\/span><\/p>\n<p style=\"text-align: justify;\"><span style=\"font-weight: 400;\">Creiem tamb\u00e9 que fent aquest pica-pica, oferim quelcom sa, relativament econ\u00f2mic i amb poc residu.<\/span><\/p>\n<p style=\"text-align: justify;\"><span style=\"font-weight: 400;\">Considerem aquesta estona bona per fomentar l\u2019autonomia i l\u2019enfortiment de les relacions interpersonals entre tots els membres de la comunitat: preparar els aliments per als altres, ficar-ho bonic\u2026 s\u00f3n importants per a que les altres persones sentin que les cuidem i que ens importen.<\/span><\/p>\n<p style=\"text-align: justify;\"><span style=\"font-weight: 400;\">Per adquirir la fruita i la verdura tenim varies llocs:<\/span><\/p>\n<p style=\"text-align: justify;\"><span style=\"font-weight: 400;\">&#8211; la botiga. Gestionat des de Grans, truquen, compren i fan els comptes. Tamb\u00e9 comprem fruits secs i bastonets de pa.<\/span><\/p>\n<p style=\"text-align: justify;\"><span style=\"font-weight: 400;\">&#8211; l&#8217;hort i el galliner de l&#8217;escola. Espinacs, ous, br\u00f2quil, pastanagues&#8230; Sovint tenim aliments de producci\u00f3 pr\u00f2pia que ens permeten fer receptes bon\u00edssimes.<\/span><\/p>\n<p style=\"text-align: justify;\"><span style=\"font-weight: 400;\">&#8211; Moments de cuina. Un dels eixos de l&#8217;escola \u00e9s l&#8217;autonomia, el saber fer les coses&#8230; L&#8217;autonomia aplicada a la cuina \u00e9s funcional i significativa. Sovint a la cuina hi veiem grups d&#8217;infants que fan alguna recepta per presentar als altres: amanides de tota mena, truites, creps, coques amb fruits, ous al forn&#8230;<\/span><\/p>\n<p>&nbsp;<\/p>\n<p style=\"text-align: justify;\"><span style=\"font-weight: 400;\">La preparaci\u00f3, l\u2019\u00e0pat i la recollida i neteja dels estris utilitzats durant l\u2019estona de l\u2019esmorzar est\u00e0 integrada dins del projecte d\u2019escola.\u00a0<\/span><span style=\"font-weight: 400;\">Els esmorzars els prepara, generalment, un grup de persones compostes per un alumne encarregat de cada grup (Petits, Creixents, Mitjans i Grans) i una persona adulta referent. Estem contentes perqu\u00e8 hi ha un grup de persones grans que tamb\u00e9 s&#8217;han afegit a la preparaci\u00f3 de l&#8217;esmorzar. Es creen moments de complicitat i ens sentim totes molt c\u00f2modes. Volem agrair la participaci\u00f3 i predisposici\u00f3 de la Nuria, el Ramon, l&#8217;Anna, la Pilar, l&#8217;Antonieta, l&#8217;Antonieta, la Concep i la Paquita. Convidem tamb\u00e9 a qui vulgui venir, l&#8217;escola \u00e9s de totes.<\/span><\/p>\n<p style=\"text-align: justify;\"><span style=\"font-weight: 400;\"><a href=\"https:\/\/agora.xtec.cat\/escolatorrelameu\/wp-content\/uploads\/usu2232\/2023\/05\/IMG-20230515-WA0008.jpg\"><img loading=\"lazy\" decoding=\"async\" class=\"aligncenter wp-image-2384 size-full\" src=\"https:\/\/agora.xtec.cat\/escolatorrelameu\/wp-content\/uploads\/usu2232\/2023\/05\/IMG-20230515-WA0008.jpg\" alt=\"\" width=\"461\" height=\"615\" srcset=\"https:\/\/agora.xtec.cat\/escolatorrelameu\/wp-content\/uploads\/usu2232\/2023\/05\/IMG-20230515-WA0008.jpg 461w, https:\/\/agora.xtec.cat\/escolatorrelameu\/wp-content\/uploads\/usu2232\/2023\/05\/IMG-20230515-WA0008-225x300.jpg 225w\" sizes=\"auto, (max-width: 461px) 100vw, 461px\" \/><\/a><br \/>\n<\/span><\/p>\n","protected":false},"excerpt":{"rendered":"<p><a href=\"https:\/\/agora.xtec.cat\/escolatorrelameu\/wp-content\/uploads\/usu2232\/2023\/05\/IMG-20230515-WA0010.jpg\"><\/a><br \/>\nQuan parlem d&#8217;esmorzar a l&#8217;escola, ens referim a una petita ingesta basada amb la fruita i la verdura, feta a mig mat\u00ed. \u00c9s petita i \u00e9s un complement per acabar de passar el mat\u00ed, no \u00e9s un esmorzar com a tal.<br \/>\nConsiderem que la fruita&hellip;  <a href=\"https:\/\/agora.xtec.cat\/escolatorrelameu\/general\/collaboracio-especial-als-esmorzars\/\" title=\"Read Col\u00b7laboraci\u00f3 especial als esmorzars\">Llegeix m\u00e9s\u00bb<\/a><\/p>\n","protected":false},"author":14,"featured_media":2385,"comment_status":"open","ping_status":"closed","sticky":false,"template":"","format":"standard","meta":{"_bbp_topic_count":0,"_bbp_reply_count":0,"_bbp_total_topic_count":0,"_bbp_total_reply_count":0,"_bbp_voice_count":0,"_bbp_anonymous_reply_count":0,"_bbp_topic_count_hidden":0,"_bbp_reply_count_hidden":0,"_bbp_forum_subforum_count":0,"footnotes":""},"categories":[1],"tags":[],"class_list":["post-2383","post","type-post","status-publish","format-standard","has-post-thumbnail","hentry","category-general"],"post_mailing_queue_ids":[],"_links":{"self":[{"href":"https:\/\/agora.xtec.cat\/escolatorrelameu\/wp-json\/wp\/v2\/posts\/2383","targetHints":{"allow":["GET"]}}],"collection":[{"href":"https:\/\/agora.xtec.cat\/escolatorrelameu\/wp-json\/wp\/v2\/posts"}],"about":[{"href":"https:\/\/agora.xtec.cat\/escolatorrelameu\/wp-json\/wp\/v2\/types\/post"}],"author":[{"embeddable":true,"href":"https:\/\/agora.xtec.cat\/escolatorrelameu\/wp-json\/wp\/v2\/users\/14"}],"replies":[{"embeddable":true,"href":"https:\/\/agora.xtec.cat\/escolatorrelameu\/wp-json\/wp\/v2\/comments?post=2383"}],"version-history":[{"count":3,"href":"https:\/\/agora.xtec.cat\/escolatorrelameu\/wp-json\/wp\/v2\/posts\/2383\/revisions"}],"predecessor-version":[{"id":2388,"href":"https:\/\/agora.xtec.cat\/escolatorrelameu\/wp-json\/wp\/v2\/posts\/2383\/revisions\/2388"}],"wp:featuredmedia":[{"embeddable":true,"href":"https:\/\/agora.xtec.cat\/escolatorrelameu\/wp-json\/wp\/v2\/media\/2385"}],"wp:attachment":[{"href":"https:\/\/agora.xtec.cat\/escolatorrelameu\/wp-json\/wp\/v2\/media?parent=2383"}],"wp:term":[{"taxonomy":"category","embeddable":true,"href":"https:\/\/agora.xtec.cat\/escolatorrelameu\/wp-json\/wp\/v2\/categories?post=2383"},{"taxonomy":"post_tag","embeddable":true,"href":"https:\/\/agora.xtec.cat\/escolatorrelameu\/wp-json\/wp\/v2\/tags?post=2383"}],"curies":[{"name":"wp","href":"https:\/\/api.w.org\/{rel}","templated":true}]}}