{"id":2347,"date":"2023-05-09T13:51:43","date_gmt":"2023-05-09T11:51:43","guid":{"rendered":"https:\/\/agora.xtec.cat\/escolatorrelameu\/?p=2347"},"modified":"2023-05-09T13:52:56","modified_gmt":"2023-05-09T11:52:56","slug":"entrem-amb-la-dansa-hongaresa-de-brahms","status":"publish","type":"post","link":"https:\/\/agora.xtec.cat\/escolatorrelameu\/general\/entrem-amb-la-dansa-hongaresa-de-brahms\/","title":{"rendered":"Entrem amb la &#8220;Dansa hongaresa&#8221; de Brahms."},"content":{"rendered":"<p><a href=\"https:\/\/agora.xtec.cat\/escolatorrelameu\/wp-content\/uploads\/usu2232\/2023\/05\/dansa.jpg\"><img loading=\"lazy\" decoding=\"async\" class=\"wp-image-2348 alignnone\" src=\"https:\/\/agora.xtec.cat\/escolatorrelameu\/wp-content\/uploads\/usu2232\/2023\/05\/dansa.jpg\" alt=\"\" width=\"707\" height=\"468\" \/><\/a><\/p>\n<p>&nbsp;<\/p>\n<p style=\"text-align: justify;\">A la classe dels Petits hem treballat aquesta m\u00fasica i aquest compositor.<\/p>\n<p style=\"text-align: justify;\">Sabem que Johannes Brahms va n\u00e9ixer a Alemanya l&#8217;any 1833;\u00a0 va viure de petit en una casa molt gran de fusta,\u00a0 una de les seves aficions, de ben petit, era tocar diferents instruments i tamb\u00e9 sabem que tenia un germ\u00e0 (Friedrich) i una germana (Elisabeth).<\/p>\n<p style=\"text-align: justify;\">Una de les seves peces m\u00e9s conegudes \u00e9s la &#8220;Dansa Hongaresa n\u00famero 5&#8221;, molt popular i escoltada a tot el m\u00f3n i que tamb\u00e9 l&#8217;escoltem en un fragment dels &#8220;Tres\u00a0 Porquets&#8221;.<\/p>\n","protected":false},"excerpt":{"rendered":"<p><a href=\"https:\/\/agora.xtec.cat\/escolatorrelameu\/wp-content\/uploads\/usu2232\/2023\/05\/dansa.jpg\"><\/a><br \/>\n&nbsp;<br \/>\nA la classe dels Petits hem treballat aquesta m\u00fasica i aquest compositor.<br \/>\nSabem que Johannes Brahms va n\u00e9ixer a Alemanya l&#8217;any 1833;\u00a0 va viure de petit en una casa molt gran de fusta,\u00a0 una de les seves aficions, de ben petit, era tocar diferents instruments&hellip;  <a href=\"https:\/\/agora.xtec.cat\/escolatorrelameu\/general\/entrem-amb-la-dansa-hongaresa-de-brahms\/\" title=\"Read Entrem amb la &#8220;Dansa hongaresa&#8221; de Brahms.\">Llegeix m\u00e9s\u00bb<\/a><\/p>\n","protected":false},"author":14,"featured_media":0,"comment_status":"open","ping_status":"closed","sticky":false,"template":"","format":"standard","meta":{"_bbp_topic_count":0,"_bbp_reply_count":0,"_bbp_total_topic_count":0,"_bbp_total_reply_count":0,"_bbp_voice_count":0,"_bbp_anonymous_reply_count":0,"_bbp_topic_count_hidden":0,"_bbp_reply_count_hidden":0,"_bbp_forum_subforum_count":0,"footnotes":""},"categories":[1],"tags":[],"class_list":["post-2347","post","type-post","status-publish","format-standard","hentry","category-general"],"post_mailing_queue_ids":[],"_links":{"self":[{"href":"https:\/\/agora.xtec.cat\/escolatorrelameu\/wp-json\/wp\/v2\/posts\/2347","targetHints":{"allow":["GET"]}}],"collection":[{"href":"https:\/\/agora.xtec.cat\/escolatorrelameu\/wp-json\/wp\/v2\/posts"}],"about":[{"href":"https:\/\/agora.xtec.cat\/escolatorrelameu\/wp-json\/wp\/v2\/types\/post"}],"author":[{"embeddable":true,"href":"https:\/\/agora.xtec.cat\/escolatorrelameu\/wp-json\/wp\/v2\/users\/14"}],"replies":[{"embeddable":true,"href":"https:\/\/agora.xtec.cat\/escolatorrelameu\/wp-json\/wp\/v2\/comments?post=2347"}],"version-history":[{"count":3,"href":"https:\/\/agora.xtec.cat\/escolatorrelameu\/wp-json\/wp\/v2\/posts\/2347\/revisions"}],"predecessor-version":[{"id":2353,"href":"https:\/\/agora.xtec.cat\/escolatorrelameu\/wp-json\/wp\/v2\/posts\/2347\/revisions\/2353"}],"wp:attachment":[{"href":"https:\/\/agora.xtec.cat\/escolatorrelameu\/wp-json\/wp\/v2\/media?parent=2347"}],"wp:term":[{"taxonomy":"category","embeddable":true,"href":"https:\/\/agora.xtec.cat\/escolatorrelameu\/wp-json\/wp\/v2\/categories?post=2347"},{"taxonomy":"post_tag","embeddable":true,"href":"https:\/\/agora.xtec.cat\/escolatorrelameu\/wp-json\/wp\/v2\/tags?post=2347"}],"curies":[{"name":"wp","href":"https:\/\/api.w.org\/{rel}","templated":true}]}}