{"id":2286,"date":"2023-04-15T20:41:33","date_gmt":"2023-04-15T18:41:33","guid":{"rendered":"https:\/\/agora.xtec.cat\/escolatorrelameu\/?p=2286"},"modified":"2023-05-09T13:53:21","modified_gmt":"2023-05-09T11:53:21","slug":"musica-dukelele","status":"publish","type":"post","link":"https:\/\/agora.xtec.cat\/escolatorrelameu\/general\/musica-dukelele\/","title":{"rendered":"M\u00fasica d&#8217;ukelele"},"content":{"rendered":"<p><a href=\"https:\/\/agora.xtec.cat\/escolatorrelameu\/wp-content\/uploads\/usu2232\/2023\/04\/ukelele.jpg\"><img loading=\"lazy\" decoding=\"async\" class=\"aligncenter wp-image-2275\" src=\"https:\/\/agora.xtec.cat\/escolatorrelameu\/wp-content\/uploads\/usu2232\/2023\/04\/ukelele.jpg\" alt=\"\" width=\"358\" height=\"269\" srcset=\"https:\/\/agora.xtec.cat\/escolatorrelameu\/wp-content\/uploads\/usu2232\/2023\/04\/ukelele.jpg 800w, https:\/\/agora.xtec.cat\/escolatorrelameu\/wp-content\/uploads\/usu2232\/2023\/04\/ukelele-300x225.jpg 300w, https:\/\/agora.xtec.cat\/escolatorrelameu\/wp-content\/uploads\/usu2232\/2023\/04\/ukelele-768x576.jpg 768w, https:\/\/agora.xtec.cat\/escolatorrelameu\/wp-content\/uploads\/usu2232\/2023\/04\/ukelele-200x150.jpg 200w\" sizes=\"auto, (max-width: 358px) 100vw, 358px\" \/><\/a><\/p>\n<p>&nbsp;<\/p>\n<p>A la classe dels Grans hem comen\u00e7at a practicar amb l&#8217;ukelele; \u00e9s per aix\u00f2 que en els propers dies entrarem a l&#8217;escola amb una versi\u00f3 molt coneguda del tema &#8220;Over the Rainbow&#8221;.<\/p>\n<p><span style=\"color: #000000;\"><i><b>Over the Rainbow<\/b><\/i>\u00a0(en catal\u00e0,\u00a0<i>Sobre l&#8217;arc de sant Mart\u00ed<\/i>) \u00e9s una\u00a0<a style=\"color: #000000;\" title=\"Balada\" href=\"https:\/\/ca.wikipedia.org\/wiki\/Balada\">balada<\/a>\u00a0escrita per a la pel\u00b7l\u00edcula de\u00a0<a style=\"color: #000000;\" title=\"1939\" href=\"https:\/\/ca.wikipedia.org\/wiki\/1939\">1939<\/a>\u00a0<i><a style=\"color: #000000;\" title=\"El m\u00e0gic d'Oz (pel\u00b7l\u00edcula)\" href=\"https:\/\/ca.wikipedia.org\/wiki\/El_m%C3%A0gic_d%27Oz_(pel%C2%B7l%C3%ADcula)\">El m\u00e0gic d&#8217;Oz<\/a><\/i>, guanyadora del\u00a0<a style=\"color: #000000;\" title=\"Oscar a la millor can\u00e7\u00f3 original\" href=\"https:\/\/ca.wikipedia.org\/wiki\/Oscar_a_la_millor_can%C3%A7%C3%B3_original\">Premi \u00d3scar a la millor can\u00e7\u00f3 original.<\/a>\u00a0L&#8217;autor de la m\u00fasica va ser\u00a0<a style=\"color: #000000;\" title=\"Harold Arlen\" href=\"https:\/\/ca.wikipedia.org\/wiki\/Harold_Arlen\">Harold Arlen<\/a>\u00a0i el de la lletra va ser Yip Harburg.<\/span><\/p>\n","protected":false},"excerpt":{"rendered":"<p><a href=\"https:\/\/agora.xtec.cat\/escolatorrelameu\/wp-content\/uploads\/usu2232\/2023\/04\/ukelele.jpg\"><\/a><br \/>\n&nbsp;<br \/>\nA la classe dels Grans hem comen\u00e7at a practicar amb l&#8217;ukelele; \u00e9s per aix\u00f2 que en els propers dies entrarem a l&#8217;escola amb una versi\u00f3 molt coneguda del tema &#8220;Over the Rainbow&#8221;.<br \/>\nOver the Rainbow\u00a0(en catal\u00e0,\u00a0Sobre l&#8217;arc de sant Mart\u00ed) \u00e9s una\u00a0<a style=\"color: #000000;\" title=\"Balada\"&hellip;  <a href=\"https:\/\/agora.xtec.cat\/escolatorrelameu\/general\/musica-dukelele\/\" title=\"Read M\u00fasica d&#8217;ukelele\">Llegeix m\u00e9s\u00bb<\/a><\/p>\n","protected":false},"author":14,"featured_media":0,"comment_status":"open","ping_status":"closed","sticky":false,"template":"","format":"standard","meta":{"_bbp_topic_count":0,"_bbp_reply_count":0,"_bbp_total_topic_count":0,"_bbp_total_reply_count":0,"_bbp_voice_count":0,"_bbp_anonymous_reply_count":0,"_bbp_topic_count_hidden":0,"_bbp_reply_count_hidden":0,"_bbp_forum_subforum_count":0,"footnotes":""},"categories":[1],"tags":[],"class_list":["post-2286","post","type-post","status-publish","format-standard","hentry","category-general"],"post_mailing_queue_ids":[],"_links":{"self":[{"href":"https:\/\/agora.xtec.cat\/escolatorrelameu\/wp-json\/wp\/v2\/posts\/2286","targetHints":{"allow":["GET"]}}],"collection":[{"href":"https:\/\/agora.xtec.cat\/escolatorrelameu\/wp-json\/wp\/v2\/posts"}],"about":[{"href":"https:\/\/agora.xtec.cat\/escolatorrelameu\/wp-json\/wp\/v2\/types\/post"}],"author":[{"embeddable":true,"href":"https:\/\/agora.xtec.cat\/escolatorrelameu\/wp-json\/wp\/v2\/users\/14"}],"replies":[{"embeddable":true,"href":"https:\/\/agora.xtec.cat\/escolatorrelameu\/wp-json\/wp\/v2\/comments?post=2286"}],"version-history":[{"count":3,"href":"https:\/\/agora.xtec.cat\/escolatorrelameu\/wp-json\/wp\/v2\/posts\/2286\/revisions"}],"predecessor-version":[{"id":2290,"href":"https:\/\/agora.xtec.cat\/escolatorrelameu\/wp-json\/wp\/v2\/posts\/2286\/revisions\/2290"}],"wp:attachment":[{"href":"https:\/\/agora.xtec.cat\/escolatorrelameu\/wp-json\/wp\/v2\/media?parent=2286"}],"wp:term":[{"taxonomy":"category","embeddable":true,"href":"https:\/\/agora.xtec.cat\/escolatorrelameu\/wp-json\/wp\/v2\/categories?post=2286"},{"taxonomy":"post_tag","embeddable":true,"href":"https:\/\/agora.xtec.cat\/escolatorrelameu\/wp-json\/wp\/v2\/tags?post=2286"}],"curies":[{"name":"wp","href":"https:\/\/api.w.org\/{rel}","templated":true}]}}